{"id":41714,"date":"2025-08-24T07:01:11","date_gmt":"2025-08-24T11:01:11","guid":{"rendered":"https:\/\/noticiasveraces.com\/?p=41714"},"modified":"2025-08-24T07:01:11","modified_gmt":"2025-08-24T11:01:11","slug":"eeuu-quiere-expulsar-a-salvadoreno-a-uganda-segun-abogados-dw-23-08-2025","status":"publish","type":"post","link":"https:\/\/noticiasveraces.com\/?p=41714","title":{"rendered":"EEUU quiere expulsar a salvadore\u00f1o a Uganda, seg\u00fan abogados \u2013 DW \u2013 23\/08\/2025"},"content":{"rendered":"<p> \n<\/p>\n<div data-tracking-name=\"rich-text\" data-tracking-skip=\"true\">\n<p>El gobierno de Estados Unidos pretende deportar a Uganda la pr\u00f3xima semana a Kilmar \u00c1brego Garc\u00eda, un ciudadano salvadore\u00f1o que est\u00e1 en el centro de la guerra del presidente Donald Trump contra la inmigraci\u00f3n ilegal, indicaron abogados del centroamericano este s\u00e1bado (23.08.2025).<\/p>\n<p>En un escrito, los abogados solicitaron a los tribunales que desestimaran el caso contra \u00c1brego Garc\u00eda, al argumentar que se trata de un intento vengativo de castigarlo por impugnar su deportaci\u00f3n inicial a El Salvador.<\/p>\n<p>El viernes, \u00c1brego Garc\u00eda fue liberado por orden judicial y se le permiti\u00f3 regresar a su hogar en Maryland, en espera de juicio por cargos de tr\u00e1fico de personas.<\/p>\n<p>El hombre hab\u00eda sido deportado por error a una prisi\u00f3n de alta seguridad en su pa\u00eds y luego regres\u00f3 a territorio estadounidense, solo para ser detenido por segunda vez.<\/p>\n<p>Sin embargo, las \u00faltimas noticias indican que podr\u00eda ser nuevamente expulsado, esta vez hacia Uganda, que firm\u00f3 un convenio con Estados Unidos para recibir inmigrantes indocumentados que el pa\u00eds norteamericano considera indeseables.<\/p>\n<p>\u00c1brego Garc\u00eda niega haber cometido cualquier irregularidad, mientras que el gobierno de Trump afirma que es un violento miembro de la pandilla MS-13 que traficaba con otros inmigrantes.<\/p>\n<p>RR AFP\/EFE<\/p>\n<\/div>\n\n","protected":false},"excerpt":{"rendered":"<p>El gobierno de Estados Unidos pretende deportar a Uganda la pr\u00f3xima semana a Kilmar \u00c1brego Garc\u00eda, un ciudadano salvadore\u00f1o que est\u00e1 en el centro de la guerra del presidente Donald Trump contra la inmigraci\u00f3n ilegal, indicaron abogados del centroamericano este s\u00e1bado (23.08.2025). En un escrito, los abogados solicitaron a los tribunales que desestimaran el caso &hellip;<\/p>\n","protected":false},"author":1,"featured_media":41715,"comment_status":"open","ping_status":"open","sticky":false,"template":"","format":"standard","meta":{"fifu_image_url":"https:\/\/static.dw.com\/image\/73738928_6.jpg","fifu_image_alt":"","footnotes":""},"categories":[13],"tags":[],"class_list":["post-41714","post","type-post","status-publish","format-standard","has-post-thumbnail","","category-mundo"],"_links":{"self":[{"href":"https:\/\/noticiasveraces.com\/index.php?rest_route=\/wp\/v2\/posts\/41714","targetHints":{"allow":["GET"]}}],"collection":[{"href":"https:\/\/noticiasveraces.com\/index.php?rest_route=\/wp\/v2\/posts"}],"about":[{"href":"https:\/\/noticiasveraces.com\/index.php?rest_route=\/wp\/v2\/types\/post"}],"author":[{"embeddable":true,"href":"https:\/\/noticiasveraces.com\/index.php?rest_route=\/wp\/v2\/users\/1"}],"replies":[{"embeddable":true,"href":"https:\/\/noticiasveraces.com\/index.php?rest_route=%2Fwp%2Fv2%2Fcomments&post=41714"}],"version-history":[{"count":0,"href":"https:\/\/noticiasveraces.com\/index.php?rest_route=\/wp\/v2\/posts\/41714\/revisions"}],"wp:featuredmedia":[{"embeddable":true,"href":"https:\/\/noticiasveraces.com\/index.php?rest_route=\/wp\/v2\/media\/41715"}],"wp:attachment":[{"href":"https:\/\/noticiasveraces.com\/index.php?rest_route=%2Fwp%2Fv2%2Fmedia&parent=41714"}],"wp:term":[{"taxonomy":"category","embeddable":true,"href":"https:\/\/noticiasveraces.com\/index.php?rest_route=%2Fwp%2Fv2%2Fcategories&post=41714"},{"taxonomy":"post_tag","embeddable":true,"href":"https:\/\/noticiasveraces.com\/index.php?rest_route=%2Fwp%2Fv2%2Ftags&post=41714"}],"curies":[{"name":"wp","href":"https:\/\/api.w.org\/{rel}","templated":true}]}}