{"id":41712,"date":"2025-08-24T05:56:13","date_gmt":"2025-08-24T09:56:13","guid":{"rendered":"https:\/\/noticiasveraces.com\/?p=41712"},"modified":"2025-08-24T05:56:13","modified_gmt":"2025-08-24T09:56:13","slug":"mexico-se-une-a-la-denuncia-de-hambruna-en-gaza-dw-24-08-2025","status":"publish","type":"post","link":"https:\/\/noticiasveraces.com\/?p=41712","title":{"rendered":"M\u00e9xico se une a la denuncia de hambruna en Gaza \u2013 DW \u2013 24\/08\/2025"},"content":{"rendered":"<p> \n<\/p>\n<div data-tracking-name=\"rich-text\" data-tracking-skip=\"true\">\n<p>El Gobierno de M\u00e9xico, a trav\u00e9s de la Secretar\u00eda de Relaciones Exteriores (SRE), se uni\u00f3 este domingo (24.08.2025) a la denuncia de hambruna en la Franja de Gaza y urgi\u00f3 el acceso inmediato de ayuda humanitaria en la zona afectada, luego de que la ONU confirmara esta situaci\u00f3n.<\/p>\n<blockquote class=\"tweet embed\" data-id=\"1959456506975227905\"\/>\n<p>La SRE apunt\u00f3 a trav\u00e9s de X que \u00abla hambruna constituye una grave afrenta a la dignidad humana, que no est\u00e1 permitida como m\u00e9todo de guerra y debe atenderse de inmediato\u00bb.<\/p>\n<p>La declaraci\u00f3n por parte de Canciller\u00eda, surge luego de que un grupo independiente sobre seguridad alimentaria, respaldado por la ONU, confirm\u00f3 por primera vez de manera oficial que se est\u00e1 produciendo una hambruna en la Franja de Gaza. \u00abTras 22 meses de conflicto incesante, m\u00e1s de medio mill\u00f3n de personas en la Franja de Gaza se enfrentan a condiciones catastr\u00f3ficas caracterizadas por el hambre, la indigencia y la muerte\u00bb, se\u00f1al\u00f3.<\/p>\n<p>Adem\u00e1s, el jefe de derechos humanos de la ONU, Volker T\u00fcrk, acus\u00f3 al Gobierno de Israel, que tild\u00f3 de \u00abmentira descarada\u00bb la declaraci\u00f3n de hambruna, de ser responsable de la hambruna declarada en la Franja de Gaza y afirm\u00f3 que utilizar el hambre como m\u00e9todo en un conflicto armado \u00abes un crimen de guerra\u00bb, aspecto que tambi\u00e9n rechaz\u00f3 la SRE.<\/p>\n<p>Por su parte, el secretario general adjunto de la ONU para asuntos humanitarios, Tom Fletcher, subray\u00f3 que la hambruna declarada oficialmente en la Franja de Gaza ha sido promovida como arma de guerra en el contexto de la guerra entre Israel y el movimiento islamista Ham\u00e1s, considerado un grupo terrorista por varios pa\u00edses, incluidos Estados Unidos y varios pa\u00edses musulmanes, adem\u00e1s de la Uni\u00f3n Europea, y que con sus ataques del 7 de octubre de 2023 dio paso al conflicto.<\/p>\n<p>LGC (EFE, SRE)<\/p>\n<\/div>\n\n","protected":false},"excerpt":{"rendered":"<p>El Gobierno de M\u00e9xico, a trav\u00e9s de la Secretar\u00eda de Relaciones Exteriores (SRE), se uni\u00f3 este domingo (24.08.2025) a la denuncia de hambruna en la Franja de Gaza y urgi\u00f3 el acceso inmediato de ayuda humanitaria en la zona afectada, luego de que la ONU confirmara esta situaci\u00f3n. La SRE apunt\u00f3 a trav\u00e9s de X &hellip;<\/p>\n","protected":false},"author":1,"featured_media":41713,"comment_status":"open","ping_status":"open","sticky":false,"template":"","format":"standard","meta":{"fifu_image_url":"https:\/\/static.dw.com\/image\/73730562_6.jpg","fifu_image_alt":"","footnotes":""},"categories":[13],"tags":[],"class_list":["post-41712","post","type-post","status-publish","format-standard","has-post-thumbnail","","category-mundo"],"_links":{"self":[{"href":"https:\/\/noticiasveraces.com\/index.php?rest_route=\/wp\/v2\/posts\/41712","targetHints":{"allow":["GET"]}}],"collection":[{"href":"https:\/\/noticiasveraces.com\/index.php?rest_route=\/wp\/v2\/posts"}],"about":[{"href":"https:\/\/noticiasveraces.com\/index.php?rest_route=\/wp\/v2\/types\/post"}],"author":[{"embeddable":true,"href":"https:\/\/noticiasveraces.com\/index.php?rest_route=\/wp\/v2\/users\/1"}],"replies":[{"embeddable":true,"href":"https:\/\/noticiasveraces.com\/index.php?rest_route=%2Fwp%2Fv2%2Fcomments&post=41712"}],"version-history":[{"count":0,"href":"https:\/\/noticiasveraces.com\/index.php?rest_route=\/wp\/v2\/posts\/41712\/revisions"}],"wp:featuredmedia":[{"embeddable":true,"href":"https:\/\/noticiasveraces.com\/index.php?rest_route=\/wp\/v2\/media\/41713"}],"wp:attachment":[{"href":"https:\/\/noticiasveraces.com\/index.php?rest_route=%2Fwp%2Fv2%2Fmedia&parent=41712"}],"wp:term":[{"taxonomy":"category","embeddable":true,"href":"https:\/\/noticiasveraces.com\/index.php?rest_route=%2Fwp%2Fv2%2Fcategories&post=41712"},{"taxonomy":"post_tag","embeddable":true,"href":"https:\/\/noticiasveraces.com\/index.php?rest_route=%2Fwp%2Fv2%2Ftags&post=41712"}],"curies":[{"name":"wp","href":"https:\/\/api.w.org\/{rel}","templated":true}]}}