{"id":41651,"date":"2025-08-23T20:56:13","date_gmt":"2025-08-24T00:56:13","guid":{"rendered":"https:\/\/noticiasveraces.com\/?p=41651"},"modified":"2025-08-23T20:56:13","modified_gmt":"2025-08-24T00:56:13","slug":"el-residente-de-missouri-muere-por-la-ameba-que-come-cerebro-probablemente-en-ozarks","status":"publish","type":"post","link":"https:\/\/noticiasveraces.com\/?p=41651","title":{"rendered":"El residente de Missouri muere por la ameba que come cerebro probablemente en Ozarks"},"content":{"rendered":"<p> \n<\/p>\n<div>\n<div id=\"beyondwords-wrapper\" class=\"beyondwords-wrapper\">\n<p><span class=\"label-bg\">NUEVO<\/span>\u00a1Ahora puedes escuchar art\u00edculos de Fox News!\n  <\/p>\n<\/div>\n<p class=\"speakable\">Un residente de Missouri muri\u00f3 despu\u00e9s de estar infectado con una rara ameba que come cerebro en el lago de los Ozarks, anunciaron funcionarios de salud estatales esta semana.<\/p>\n<p class=\"speakable\">El paciente, identificado solo como un adulto de Missouri, muri\u00f3 el martes en un hospital del \u00e1rea de St. Louis, dijo el Departamento de Salud y Servicios Senior de Missouri (DHSS) en un comunicado de prensa.<\/p>\n<p>Las autoridades confirmaron el 13 de agosto que el individuo hab\u00eda contra\u00eddo a Naegleria fowleri, una ameba microsc\u00f3pica que causa la meningoencefalitis amebic primaria (PAM), una infecci\u00f3n cerebral rara pero casi siempre mortal que a menudo se conoce como enfermedad de \u00abcomer cerebro\u00bb.<\/p>\n<p><strong>M\u00e1s casos de infecci\u00f3n bacteriana mortal &#8216;comer carne&#8217; en el destino de vacaciones popular<\/strong><\/p>\n<p>La v\u00edctima fue hospitalizada en cuidados intensivos antes de sucumbir a la infecci\u00f3n, lo que se cre\u00eda que se contrajo mientras el esqu\u00ed acu\u00e1tico d\u00edas antes en el lago de los Ozarks en el centro de Missouri, inform\u00f3 anteriormente Fox News Digital.<\/p>\n<div class=\"image-ct inline\">\n<div class=\"m\"><picture><source media=\"(max-width: 767px)\" srcset=\"https:\/\/a57.foxnews.com\/static.foxnews.com\/foxnews.com\/content\/uploads\/2023\/11\/343\/192\/Ozarks.jpg?ve=1&amp;tl=1, https:\/\/a57.foxnews.com\/static.foxnews.com\/foxnews.com\/content\/uploads\/2023\/11\/686\/384\/Ozarks.jpg?ve=1&amp;tl=1 2x\" height=\"192\" width=\"343\"><source media=\"(min-width: 768px) and (max-width: 1023px)\" srcset=\"https:\/\/a57.foxnews.com\/static.foxnews.com\/foxnews.com\/content\/uploads\/2023\/11\/672\/378\/Ozarks.jpg?ve=1&amp;tl=1, https:\/\/a57.foxnews.com\/static.foxnews.com\/foxnews.com\/content\/uploads\/2023\/11\/1344\/756\/Ozarks.jpg?ve=1&amp;tl=1 2x\" height=\"378\" width=\"672\"><source media=\"(min-width: 1024px) and (max-width: 1279px)\" srcset=\"https:\/\/a57.foxnews.com\/static.foxnews.com\/foxnews.com\/content\/uploads\/2023\/11\/931\/523\/Ozarks.jpg?ve=1&amp;tl=1, https:\/\/a57.foxnews.com\/static.foxnews.com\/foxnews.com\/content\/uploads\/2023\/11\/1862\/1046\/Ozarks.jpg?ve=1&amp;tl=1 2x\" height=\"523\" width=\"931\"><source media=\"(min-width: 1280px)\" srcset=\"https:\/\/a57.foxnews.com\/static.foxnews.com\/foxnews.com\/content\/uploads\/2023\/11\/720\/405\/Ozarks.jpg?ve=1&amp;tl=1, https:\/\/a57.foxnews.com\/static.foxnews.com\/foxnews.com\/content\/uploads\/2023\/11\/1440\/810\/Ozarks.jpg?ve=1&amp;tl=1 2x\" height=\"405\" width=\"720\"><img loading=\"lazy\" decoding=\"async\" src=\"https:\/\/a57.foxnews.com\/static.foxnews.com\/foxnews.com\/content\/uploads\/2023\/11\/1200\/675\/Ozarks.jpg?ve=1&amp;tl=1\" alt=\"La tierra de los ozarks\" width=\"1200\" height=\"675\"\/><\/source><\/source><\/source><\/source><\/picture><\/div>\n<div class=\"info\">\n<div class=\"caption\">\n<p><span>Un residente de Missouri muri\u00f3 despu\u00e9s de estar infectado con una rara ameba que come cerebro, posiblemente vinculada al esqu\u00ed acu\u00e1tico en el lago de los Ozarks.<\/span> <span>(Servicio de noticias de Brent Frazee\/Kansas City Star\/Tribune a trav\u00e9s de Getty Images)<\/span><\/p>\n<\/div>\n<\/div>\n<\/div>\n<p>Naegleria fowleri est\u00e1 naturalmente presente en agua dulce c\u00e1lida, como lagos, r\u00edos y estanques. La ameba prospera en el agua del r\u00edo y el lago a 80 a 115 grados Fahrenheit, especialmente despu\u00e9s de las tormentas.<\/p>\n<p>La ameba infecta a las personas cuando el agua entra al cuerpo a trav\u00e9s de la nariz, viajando al cerebro donde destruye el tejido cerebral.<\/p>\n<p><strong>Muerte confirmada por la rara y mortal &#8216;ameba que come cerebro&#8217; en el sur del lago<\/strong><\/p>\n<p>Los funcionarios de salud enfatizaron que la infecci\u00f3n es extremadamente rara. Se informan menos de 10 casos en los EE. UU. Cada a\u00f1o. <\/p>\n<p>Desde 1962, solo se han documentado 167 casos en todo el pa\u00eds, seg\u00fan el DHSS. Missouri ha confirmado solo otros dos casos en su historia: uno en 1987, y otro en 2022.<\/p>\n<p>El departamento inst\u00f3 a los residentes y visitantes a tomar precauciones al nadar o participar en deportes acu\u00e1ticos en agua dulce c\u00e1lida. Recomienda mantener la nariz cerrada o usar clips, evitar el sedimento de agitaci\u00f3n en aguas c\u00e1lidas y poco profundas, no sumergir la cabeza en aguas termales y usar agua destilada o hervida para enjuagues sinusales.<\/p>\n<div class=\"image-ct inline\">\n<div class=\"m\"><picture><source media=\"(max-width: 767px)\" srcset=\"https:\/\/a57.foxnews.com\/static.foxnews.com\/foxnews.com\/content\/uploads\/2025\/08\/343\/192\/man-water-skiing-wetsuit.jpg?ve=1&amp;tl=1, https:\/\/a57.foxnews.com\/static.foxnews.com\/foxnews.com\/content\/uploads\/2025\/08\/686\/384\/man-water-skiing-wetsuit.jpg?ve=1&amp;tl=1 2x\" height=\"192\" width=\"343\"><source media=\"(min-width: 768px) and (max-width: 1023px)\" srcset=\"https:\/\/a57.foxnews.com\/static.foxnews.com\/foxnews.com\/content\/uploads\/2025\/08\/672\/378\/man-water-skiing-wetsuit.jpg?ve=1&amp;tl=1, https:\/\/a57.foxnews.com\/static.foxnews.com\/foxnews.com\/content\/uploads\/2025\/08\/1344\/756\/man-water-skiing-wetsuit.jpg?ve=1&amp;tl=1 2x\" height=\"378\" width=\"672\"><source media=\"(min-width: 1024px) and (max-width: 1279px)\" srcset=\"https:\/\/a57.foxnews.com\/static.foxnews.com\/foxnews.com\/content\/uploads\/2025\/08\/931\/523\/man-water-skiing-wetsuit.jpg?ve=1&amp;tl=1, https:\/\/a57.foxnews.com\/static.foxnews.com\/foxnews.com\/content\/uploads\/2025\/08\/1862\/1046\/man-water-skiing-wetsuit.jpg?ve=1&amp;tl=1 2x\" height=\"523\" width=\"931\"><source media=\"(min-width: 1280px)\" srcset=\"https:\/\/a57.foxnews.com\/static.foxnews.com\/foxnews.com\/content\/uploads\/2025\/08\/720\/405\/man-water-skiing-wetsuit.jpg?ve=1&amp;tl=1, https:\/\/a57.foxnews.com\/static.foxnews.com\/foxnews.com\/content\/uploads\/2025\/08\/1440\/810\/man-water-skiing-wetsuit.jpg?ve=1&amp;tl=1 2x\" height=\"405\" width=\"720\"><img loading=\"lazy\" decoding=\"async\" src=\"https:\/\/a57.foxnews.com\/static.foxnews.com\/foxnews.com\/content\/uploads\/2025\/08\/1200\/675\/man-water-skiing-wetsuit.jpg?ve=1&amp;tl=1\" alt=\"Cuerpo de un hombre visto montar esqu\u00eds de agua en el lago en verano.\" width=\"1200\" height=\"675\"\/><\/source><\/source><\/source><\/source><\/picture><\/div>\n<div class=\"info\">\n<div class=\"caption\">\n<p><span>Los funcionarios instan a los residentes y visitantes a tomar precauciones al nadar o participar en deportes acu\u00e1ticos en agua dulce c\u00e1lida.<\/span> <span>(Istock)<\/span><\/p>\n<\/div>\n<\/div>\n<\/div>\n<p>Los s\u00edntomas de PAM pueden aparecer dentro de uno a 12 d\u00edas de la exposici\u00f3n y pueden incluir dolor de cabeza severo, fiebre, n\u00e1useas, v\u00f3mitos, cuello r\u00edgido, convulsiones, confusi\u00f3n y alucinaciones. Es probable que los s\u00edntomas empeoren con el tiempo, se\u00f1alaron las autoridades.<\/p>\n<p><strong><u>Haga clic aqu\u00ed para registrarse en nuestro bolet\u00edn de salud<\/u><\/strong><\/p>\n<p>\u00abLos s\u00edntomas tempranos deber\u00edan provocar una evaluaci\u00f3n m\u00e9dica, ya que tambi\u00e9n son signos de meningitis bacteriana\u00bb, dijo anteriormente Tammy Lundstrom, director m\u00e9dico y especialista en enfermedades infecciosas de Trinity Health en Michigan, a Fox News Digital.<\/p>\n<p>Beber agua contaminada no presenta un riesgo, y la infecci\u00f3n no se propaga de una persona a otra, agreg\u00f3 Lundstrom.<\/p>\n<p><i><strong><u>Para m\u00e1s art\u00edculos de salud, visite <\/u><\/strong><\/i><i><strong><u>Foxnews.com\/Health<\/u><\/strong><\/i><\/p>\n<p>El tratamiento generalmente incluye una variedad de medicamentos antimic\u00f3ticos, as\u00ed como antibi\u00f3ticos como el rifamp\u00edn y la azitromicina, dijo.<\/p>\n<div class=\"image-ct inline\">\n<div class=\"m\"><picture><source media=\"(max-width: 767px)\" srcset=\"https:\/\/a57.foxnews.com\/static.foxnews.com\/foxnews.com\/content\/uploads\/2023\/08\/343\/192\/brain-eating-amoeba.jpg?ve=1&amp;tl=1, https:\/\/a57.foxnews.com\/static.foxnews.com\/foxnews.com\/content\/uploads\/2023\/08\/686\/384\/brain-eating-amoeba.jpg?ve=1&amp;tl=1 2x\" height=\"192\" width=\"343\"><source media=\"(min-width: 768px) and (max-width: 1023px)\" srcset=\"https:\/\/a57.foxnews.com\/static.foxnews.com\/foxnews.com\/content\/uploads\/2023\/08\/672\/378\/brain-eating-amoeba.jpg?ve=1&amp;tl=1, https:\/\/a57.foxnews.com\/static.foxnews.com\/foxnews.com\/content\/uploads\/2023\/08\/1344\/756\/brain-eating-amoeba.jpg?ve=1&amp;tl=1 2x\" height=\"378\" width=\"672\"><source media=\"(min-width: 1024px) and (max-width: 1279px)\" srcset=\"https:\/\/a57.foxnews.com\/static.foxnews.com\/foxnews.com\/content\/uploads\/2023\/08\/931\/523\/brain-eating-amoeba.jpg?ve=1&amp;tl=1, https:\/\/a57.foxnews.com\/static.foxnews.com\/foxnews.com\/content\/uploads\/2023\/08\/1862\/1046\/brain-eating-amoeba.jpg?ve=1&amp;tl=1 2x\" height=\"523\" width=\"931\"><source media=\"(min-width: 1280px)\" srcset=\"https:\/\/a57.foxnews.com\/static.foxnews.com\/foxnews.com\/content\/uploads\/2023\/08\/720\/405\/brain-eating-amoeba.jpg?ve=1&amp;tl=1, https:\/\/a57.foxnews.com\/static.foxnews.com\/foxnews.com\/content\/uploads\/2023\/08\/1440\/810\/brain-eating-amoeba.jpg?ve=1&amp;tl=1 2x\" height=\"405\" width=\"720\"><img loading=\"lazy\" decoding=\"async\" src=\"https:\/\/a57.foxnews.com\/static.foxnews.com\/foxnews.com\/content\/uploads\/2023\/08\/1200\/675\/brain-eating-amoeba.jpg?ve=1&amp;tl=1\" alt=\"Ilustraci\u00f3n de ameba que come cerebro se ve de cerca bajo el microscopio\" width=\"1200\" height=\"675\"\/><\/source><\/source><\/source><\/source><\/picture><\/div>\n<div class=\"info\">\n<div class=\"caption\">\n<p><span>La ameba es m\u00e1s activa en los meses en que la temperatura del agua es superior a 77 grados Fahrenheit, seg\u00fan los funcionarios.<\/span> <span>(Istock)<\/span><\/p>\n<\/div>\n<\/div>\n<\/div>\n<p>No se sospechan otros casos en el \u00e1rea, declar\u00f3 la Agencia de Salud en su comunicado de prensa.<\/p>\n<p><strong><u>Haga clic aqu\u00ed para obtener la aplicaci\u00f3n Fox News<\/u><\/strong><\/p>\n<p>Fox News Digital se ha comunicado con el Departamento de Salud de Missouri y servicios para personas mayores para obtener m\u00e1s informaci\u00f3n.<\/p>\n<p><i>Melissa Rudy de Fox News Digital contribuy\u00f3 a este informe. <\/i><\/p>\n<p> <!----> <\/p>\n<div class=\"article-meta\">\n<div class=\"author-bio\">\n<p>Deirdre Bardolf es un escritor de estilo de vida con Fox News Digital.<\/p>\n<\/div>\n<\/div>\n<\/div>\n\n","protected":false},"excerpt":{"rendered":"<p>NUEVO\u00a1Ahora puedes escuchar art\u00edculos de Fox News! Un residente de Missouri muri\u00f3 despu\u00e9s de estar infectado con una rara ameba que come cerebro en el lago de los Ozarks, anunciaron funcionarios de salud estatales esta semana. El paciente, identificado solo como un adulto de Missouri, muri\u00f3 el martes en un hospital del \u00e1rea de St. &hellip;<\/p>\n","protected":false},"author":1,"featured_media":41653,"comment_status":"open","ping_status":"open","sticky":false,"template":"","format":"standard","meta":{"fifu_image_url":"https:\/\/a57.foxnews.com\/static.foxnews.com\/foxnews.com\/content\/uploads\/2023\/11\/1200\/675\/Ozarks.jpg?ve=1&tl=1","fifu_image_alt":"","footnotes":""},"categories":[8],"tags":[],"class_list":["post-41651","post","type-post","status-publish","format-standard","has-post-thumbnail","","category-salud"],"_links":{"self":[{"href":"https:\/\/noticiasveraces.com\/index.php?rest_route=\/wp\/v2\/posts\/41651","targetHints":{"allow":["GET"]}}],"collection":[{"href":"https:\/\/noticiasveraces.com\/index.php?rest_route=\/wp\/v2\/posts"}],"about":[{"href":"https:\/\/noticiasveraces.com\/index.php?rest_route=\/wp\/v2\/types\/post"}],"author":[{"embeddable":true,"href":"https:\/\/noticiasveraces.com\/index.php?rest_route=\/wp\/v2\/users\/1"}],"replies":[{"embeddable":true,"href":"https:\/\/noticiasveraces.com\/index.php?rest_route=%2Fwp%2Fv2%2Fcomments&post=41651"}],"version-history":[{"count":0,"href":"https:\/\/noticiasveraces.com\/index.php?rest_route=\/wp\/v2\/posts\/41651\/revisions"}],"wp:featuredmedia":[{"embeddable":true,"href":"https:\/\/noticiasveraces.com\/index.php?rest_route=\/wp\/v2\/media\/41653"}],"wp:attachment":[{"href":"https:\/\/noticiasveraces.com\/index.php?rest_route=%2Fwp%2Fv2%2Fmedia&parent=41651"}],"wp:term":[{"taxonomy":"category","embeddable":true,"href":"https:\/\/noticiasveraces.com\/index.php?rest_route=%2Fwp%2Fv2%2Fcategories&post=41651"},{"taxonomy":"post_tag","embeddable":true,"href":"https:\/\/noticiasveraces.com\/index.php?rest_route=%2Fwp%2Fv2%2Ftags&post=41651"}],"curies":[{"name":"wp","href":"https:\/\/api.w.org\/{rel}","templated":true}]}}