{"id":41643,"date":"2025-08-23T20:06:13","date_gmt":"2025-08-24T00:06:13","guid":{"rendered":"https:\/\/noticiasveraces.com\/?p=41643"},"modified":"2025-08-23T20:06:13","modified_gmt":"2025-08-24T00:06:13","slug":"las-lecciones-aprendidas-de-los-incendios-en-gran-canaria-pastores-gestion-del-paisaje-y-fuego-sociedad","status":"publish","type":"post","link":"https:\/\/noticiasveraces.com\/?p=41643","title":{"rendered":"Las lecciones aprendidas de los incendios en Gran Canaria: pastores, gesti\u00f3n del paisaje y fuego | Sociedad"},"content":{"rendered":"<p> \n<\/p>\n<div data-dtm-region=\"articulo_cuerpo\">\n<p class=\"\">Fuego, pastores y paisaje para combatir el fuego. El peor verano de incendios en al menos tres d\u00e9cadas puede dejar ense\u00f1anzas que ya se est\u00e1n implantando en algunos territorios para evitar desastres en fuegos futuros. Gran Canaria pone sobre la mesa el plan que lleva implantando desde principios de siglo, cuyos responsables esperan que encuentre encaje en el Pacto de Estado que anunci\u00f3 recientemente el presidente del Gobierno, Pedro S\u00e1nchez. Adem\u00e1s de las limpiezas mec\u00e1nicas tradicionales, el Cabildo de la isla ha introducido un pastoreo dirigido \u2015y remunerado\u2015 que ayuda a mantener limpios los cortafuegos y las zonas donde las partes urbanas se encuentran con las \u00e1reas con vegetaci\u00f3n natural. Esta herramienta forma parte de un programa m\u00e1s amplio que persigue lograr un \u201cpaisaje mosaico\u201d, en el que convivan campos cultivados, huertas, sembrados, pastos y diferentes tipos de bosques. Estas pr\u00e1cticas se culminan, por \u00faltimo, con quemas de baja intensidad provocadas en invierno. \u201cEl fuego limpia igual que limpiamos con una motodesbrozadora\u201d, explica Federico Grillo, jefe de Emergencias del Cabildo de Gran Canaria. \u201cY es mejor quemarlo nosotros a que se queme de manera descontrolada\u201d. <\/p>\n<p class=\"\">Gran Canaria ha sufrido ocho grandes incendios en los \u00faltimos 20 a\u00f1os, seg\u00fan los datos del director de Extinci\u00f3n y analista del Cabildo, Didac D\u00edaz. Destacan, sobre todo, dos: el registrado en el verano de 2019, un desastre que se llev\u00f3 por delante 10.000 hect\u00e1reas y los de 2007. Aquel a\u00f1o, tanto Gran Canaria como Tenerife (isla que ardi\u00f3 a su vez en 2023) sufrieron sendos incendios en los que ardieron unas 40.000 hect\u00e1reas. <\/p>\n<figure class=\"a_m a_m-h \"><span class=\"_db a_m_w _pr lb_btn\"><img alt=\"El jefe de Emergencias del Cabildo de Gran Canaria, Federico Grillo,en julio de 2020. \" decoding=\"auto\" class=\"_re lazyload a_m-h\" height=\"276\" srcset=\"https:\/\/imagenes.elpais.com\/resizer\/v2\/V7QS6XTOZZDWXHFEZ4QWUAZHMU.jpg?auth=e1fefb0c86bfc8245f670a33b4050ef34abd6f5b12a55b1da75b8512efdf75a9&amp;width=414 414w,https:\/\/imagenes.elpais.com\/resizer\/v2\/V7QS6XTOZZDWXHFEZ4QWUAZHMU.jpg?auth=e1fefb0c86bfc8245f670a33b4050ef34abd6f5b12a55b1da75b8512efdf75a9&amp;width=828 640w,https:\/\/imagenes.elpais.com\/resizer\/v2\/V7QS6XTOZZDWXHFEZ4QWUAZHMU.jpg?auth=e1fefb0c86bfc8245f670a33b4050ef34abd6f5b12a55b1da75b8512efdf75a9&amp;width=980 1000w,https:\/\/imagenes.elpais.com\/resizer\/v2\/V7QS6XTOZZDWXHFEZ4QWUAZHMU.jpg?auth=e1fefb0c86bfc8245f670a33b4050ef34abd6f5b12a55b1da75b8512efdf75a9&amp;width=1960 1960w\" width=\"414\" sizes=\"auto, (min-width:1199px) 1155px,(min-width:1001px) calc(100vw - 44px),(min-width:768px) 767px, 100vw\" src=\"https:\/\/imagenes.elpais.com\/resizer\/v2\/V7QS6XTOZZDWXHFEZ4QWUAZHMU.jpg?auth=e1fefb0c86bfc8245f670a33b4050ef34abd6f5b12a55b1da75b8512efdf75a9&amp;width=414\" loading=\"lazy\"\/><svg aria-hidden=\"true\" class=\"icon_multimedia_ampliar | _pa a_m_i a_m_i-a _dn\" viewbox=\"0 0 40 40\"><use xlink:href=\"#svg-ampliar\"\/><\/svg><\/span><figcaption class=\"a_m_p\" aria-hidden=\"true\"><span>El jefe de Emergencias del Cabildo de Gran Canaria, Federico Grillo,en julio de 2020. <\/span><span class=\"a_m_m\">\u00c1ngel Medina G. (EFE)<\/span><\/figcaption><\/figure>\n<p class=\"\">Los t\u00e9cnicos sacan pecho de la experiencia adquirida en todas estas emergencias y ponen como ejemplo que el fuego de Tenerife no afect\u00f3 ninguna casa. Desde hace m\u00e1s de 10 a\u00f1os, personal de la Unidad Militar de Emergencias (UME), as\u00ed como de muchas comunidades como Andaluc\u00eda o Galicia, han venido a la isla a aprender estas pr\u00e1cticas, explica Grillo. A esta experiencia contribuye la gesti\u00f3n de los recursos humanos: \u201cTodo el personal, unos 240 bomberos, es fijo y contratado por la Administraci\u00f3n. No trabajamos con empresas, queremos tener una plantilla que est\u00e9 muchos a\u00f1os con nosotros para beneficiarnos de su experiencia\u201d. <\/p>\n<p class=\"\">Con todo, la extinci\u00f3n no es suficiente. El incendio de 2007 fue, seg\u00fan explic\u00f3 recientemente Didac D\u00edaz, \u201cun punto de inflexi\u00f3n enorme. Ah\u00ed vimos que no podemos con estos grandes incendios\u201d. Se aceler\u00f3 en la implantaci\u00f3n de herramientas de prevenci\u00f3n. \u201cSon pr\u00e1cticas que en otros lados no se hacen, o solo se hace alguna aislada, o todav\u00eda se hacen de forma t\u00edmida\u201d, explica en conversaci\u00f3n telef\u00f3nica Grillo, uno de los grandes expertos en extinci\u00f3n de incendios forestales en Espa\u00f1a. <\/p>\n<p class=\"\">La pr\u00e1ctica m\u00e1s llamativa es la quema controlada en invierno, que tambi\u00e9n se realiza en comunidades como Catalu\u00f1a o Andaluc\u00eda. \u201cSe trata de llevar a cabo la limpieza de algunas masas cuando est\u00e1n las condiciones adecuadas de humedad, cuando no hace calor, con una llama muy peque\u00f1a\u201d, relata. \u201cTenemos fuegos de alta intensidad que suben a copas y hacen un da\u00f1o muy grande a toda la vegetaci\u00f3n y al suelo, a los animales. Y tenemos fuego de baja intensidad, que es una llama muy peque\u00f1a, que va rastrera por el suelo y va eliminando solamente la pinocha\u201d. <\/p>\n<p class=\"\">El Cabildo ha previsto para este a\u00f1o la quema controlada de 50 hect\u00e1reas, seg\u00fan recoge el Plan de Prevenci\u00f3n, Vigilancia y Extinci\u00f3n de Incendios Forestales del Cabildo. Esta pr\u00e1ctica, asegura el ingeniero, tiene dos ventajas a\u00f1adidas. En primer lugar, est\u00e1 el coste. Seg\u00fan sus datos, limpiar una hect\u00e1rea de bosque a mano cuesta entre 4.000 y 6.000 euros por hect\u00e1rea. \u201cCon estos tratamientos con fuego lo podemos bajar a 300 euros, con lo que podemos hacer hasta 14 veces m\u00e1s de superficie\u201d. En segundo lugar, el cuidado del medio ambiente. \u201cLos sitios que arden en verano est\u00e1n muy adaptados al fuego\u201d, explica. \u201cEstamos viendo que detr\u00e1s del fuego hay unos procesos ecol\u00f3gicos, y hay especies que necesitan el fuego. La secuencia natural ser\u00eda que eso se quemase cada equis tiempo con tormenta. Ahora nosotros vivimos en el territorio, pero el fuego forma parte del paisaje\u201d. <\/p>\n<figure class=\"a_m a_m-h \"><span class=\"_db a_m_w _pr lb_btn\"><img alt=\"Zonas afectadas por el fuego del incendio forestal, vistas desde la Cruz de Tejeda, con el Teide (Tenerife) al fondo, en el verano de 2019. \" decoding=\"auto\" class=\"_re lazyload a_m-h\" height=\"229\" srcset=\"https:\/\/imagenes.elpais.com\/resizer\/v2\/54CACVH43RFXNHQF4OV5DQZ2AI.jpg?auth=0ae2446fcf14e8f588199f51d1d9d2a353aa366c9db1af439365dc25047e709c&amp;width=414 414w,https:\/\/imagenes.elpais.com\/resizer\/v2\/54CACVH43RFXNHQF4OV5DQZ2AI.jpg?auth=0ae2446fcf14e8f588199f51d1d9d2a353aa366c9db1af439365dc25047e709c&amp;width=828 640w,https:\/\/imagenes.elpais.com\/resizer\/v2\/54CACVH43RFXNHQF4OV5DQZ2AI.jpg?auth=0ae2446fcf14e8f588199f51d1d9d2a353aa366c9db1af439365dc25047e709c&amp;width=980 1000w,https:\/\/imagenes.elpais.com\/resizer\/v2\/54CACVH43RFXNHQF4OV5DQZ2AI.jpg?auth=0ae2446fcf14e8f588199f51d1d9d2a353aa366c9db1af439365dc25047e709c&amp;width=1960 1960w\" width=\"414\" sizes=\"auto, (min-width:1199px) 1155px,(min-width:1001px) calc(100vw - 44px),(min-width:768px) 767px, 100vw\" src=\"https:\/\/imagenes.elpais.com\/resizer\/v2\/54CACVH43RFXNHQF4OV5DQZ2AI.jpg?auth=0ae2446fcf14e8f588199f51d1d9d2a353aa366c9db1af439365dc25047e709c&amp;width=414\" loading=\"lazy\"\/><svg aria-hidden=\"true\" class=\"icon_multimedia_ampliar | _pa a_m_i a_m_i-a _dn\" viewbox=\"0 0 40 40\"><use xlink:href=\"#svg-ampliar\"\/><\/svg><\/span><figcaption class=\"a_m_p\" aria-hidden=\"true\"><span>Zonas afectadas por el fuego del incendio forestal, vistas desde la Cruz de Tejeda, con el Teide (Tenerife) al fondo, en el verano de 2019. <\/span><span class=\"a_m_m\">Quique Curbelo (EFE)<\/span><\/figcaption><\/figure>\n<p class=\"\">El pastoreo como medio para prevenir incendios es a\u00fan m\u00e1s barato. El sistema funciona mediante la adjudicaci\u00f3n de superficies de pastoreo en montes p\u00fablicos y barrancos, espacios especialmente sensibles porque act\u00faan como corredores de propagaci\u00f3n del fuego. A diferencia de las subvenciones, se establece un contrato: los pastores reciben un pago en funci\u00f3n de la superficie gestionada y de la eficacia del trabajo realizado. \u201cHay que proteger a la ganader\u00eda, hay que incentivar la ganader\u00eda en los entornos rurales, porque al final son limpiadores natos\u201d, explica Grillo. <\/p>\n<p class=\"\">Los costes comparativos muestran la eficiencia del modelo. Un tratamiento mec\u00e1nico puede alcanzar los 4.000 euros por cada hect\u00e1rea, y una quema prescrita entre 300 y 600 euros. En cambio, el pastoreo cuesta entre 40 y 180 euros la hect\u00e1rea, lo que permite abarcar superficies mucho mayores con el mismo presupuesto. En la actualidad, el programa gestiona 1.681 hect\u00e1reas, frente a las 300 que cubren los tratamientos cl\u00e1sicos de la Consejer\u00eda.<\/p>\n<p class=\"\">En 2024 participaron 36 pastores, con unos 6.750 animales, distribuidos en 47 lotes adjudicados mediante concurrencia p\u00fablica. El presupuesto inicial fue de 120.299 euros, y el ingreso medio por pastor se situ\u00f3 en torno a 2.776 euros anuales. El programa prev\u00e9 ampliarse a terrenos privados, aunque de momento se centra en monte p\u00fablico. A los ingresos por pastor, hay que a\u00f1adirle el pienso que se ahorran. \u201cEs algo que se est\u00e1 demandando por el gremio a nivel del resto de islas y creemos que es extensible a muchas zonas de la pen\u00ednsula, entre ellas algunas de las que se han estado quemando\u201d, sostiene Grillo.<\/p>\n<p class=\"\">El programa de pastoreo forma parte de otro m\u00e1s amplio llamado <i>Gran Canaria Mosaico<\/i>. Este proyecto persigue recuperar un paisaje en mosaico agroforestal que combine zonas de cultivo, pastos y masas forestales\u201d. Con ello, se consigue, seg\u00fan el Cabildo, romper, por un lado, la continuidad del combustible vegetal y reducir as\u00ed la propagaci\u00f3n de los incendios. Adem\u00e1s, favorece la biodiversidad y la econom\u00eda rural. \u201cEs una filosof\u00eda de favorecer la econom\u00eda y los productos locales\u201d, resume Grillo, \u201clos cuales, aunque puedan resultar m\u00e1s caros, \u201ctienen una ventaja muy grande que est\u00e1s salvando el bosque\u201d. <\/p>\n<p class=\"\">La aspiraci\u00f3n de Grillo y del Colegio de Ingenieros Forestales, del cual es vocal, es que todas estas pr\u00e1cticas tengan cabida en el Pacto de Estado para afrontar el cambio clim\u00e1tico que Pedro S\u00e1nchez anunci\u00f3 el d\u00eda 17 en Galicia. \u201cEstas son parte de las soluciones que ofrecen los facultativos del mundo forestal, del ganadero y de la agricultura. Pretendemos resolver, o por lo menos reducir, el problema de los incendios forestales\u201d.<\/p>\n<\/div>\n\n","protected":false},"excerpt":{"rendered":"<p>Fuego, pastores y paisaje para combatir el fuego. El peor verano de incendios en al menos tres d\u00e9cadas puede dejar ense\u00f1anzas que ya se est\u00e1n implantando en algunos territorios para evitar desastres en fuegos futuros. Gran Canaria pone sobre la mesa el plan que lleva implantando desde principios de siglo, cuyos responsables esperan que encuentre &hellip;<\/p>\n","protected":false},"author":1,"featured_media":41644,"comment_status":"open","ping_status":"open","sticky":false,"template":"","format":"standard","meta":{"fifu_image_url":"https:\/\/imagenes.elpais.com\/resizer\/v2\/54CACVH43RFXNHQF4OV5DQZ2AI.jpg?auth=0ae2446fcf14e8f588199f51d1d9d2a353aa366c9db1af439365dc25047e709c&width=1200","fifu_image_alt":"","footnotes":""},"categories":[11],"tags":[],"class_list":["post-41643","post","type-post","status-publish","format-standard","has-post-thumbnail","","category-viaje"],"_links":{"self":[{"href":"https:\/\/noticiasveraces.com\/index.php?rest_route=\/wp\/v2\/posts\/41643","targetHints":{"allow":["GET"]}}],"collection":[{"href":"https:\/\/noticiasveraces.com\/index.php?rest_route=\/wp\/v2\/posts"}],"about":[{"href":"https:\/\/noticiasveraces.com\/index.php?rest_route=\/wp\/v2\/types\/post"}],"author":[{"embeddable":true,"href":"https:\/\/noticiasveraces.com\/index.php?rest_route=\/wp\/v2\/users\/1"}],"replies":[{"embeddable":true,"href":"https:\/\/noticiasveraces.com\/index.php?rest_route=%2Fwp%2Fv2%2Fcomments&post=41643"}],"version-history":[{"count":0,"href":"https:\/\/noticiasveraces.com\/index.php?rest_route=\/wp\/v2\/posts\/41643\/revisions"}],"wp:featuredmedia":[{"embeddable":true,"href":"https:\/\/noticiasveraces.com\/index.php?rest_route=\/wp\/v2\/media\/41644"}],"wp:attachment":[{"href":"https:\/\/noticiasveraces.com\/index.php?rest_route=%2Fwp%2Fv2%2Fmedia&parent=41643"}],"wp:term":[{"taxonomy":"category","embeddable":true,"href":"https:\/\/noticiasveraces.com\/index.php?rest_route=%2Fwp%2Fv2%2Fcategories&post=41643"},{"taxonomy":"post_tag","embeddable":true,"href":"https:\/\/noticiasveraces.com\/index.php?rest_route=%2Fwp%2Fv2%2Ftags&post=41643"}],"curies":[{"name":"wp","href":"https:\/\/api.w.org\/{rel}","templated":true}]}}