{"id":41602,"date":"2025-08-23T10:32:04","date_gmt":"2025-08-23T14:32:04","guid":{"rendered":"https:\/\/noticiasveraces.com\/?p=41602"},"modified":"2025-08-23T10:32:04","modified_gmt":"2025-08-23T14:32:04","slug":"muere-en-portugal-un-bombero-que-combatia-los-incendios-dw-23-08-2025","status":"publish","type":"post","link":"https:\/\/noticiasveraces.com\/?p=41602","title":{"rendered":"Muere en Portugal un bombero que combat\u00eda los incendios \u2013 DW \u2013 23\/08\/2025"},"content":{"rendered":"<p> \n<\/p>\n<div data-tracking-name=\"rich-text\" data-tracking-skip=\"true\">\n<p>Un bombero muri\u00f3 en Portugal a consecuencia de las heridas sufridas en la lucha contra los incendios forestales que afectan al pa\u00eds, lament\u00f3 este s\u00e1bado (23.08.2025) la Presidencia. Con este fallecimiento ascienden a cuatro los muertos con motivo de la ola de incendios que asola Portugal desde hace semanas.<\/p>\n<p>En un comunicado, la presidencia de Marcelo Rebelo de Sousa transmiti\u00f3 su p\u00e9same a la familia del bombero \u00abque perdi\u00f3 tr\u00e1gicamente la vida tras combatir directamente los incendios forestales en el municipio de Sabugal\u00bb, en la mitad norte del pa\u00eds. Seg\u00fan medios portugueses, el bombero ten\u00eda 45 a\u00f1os y trabajaba para una empresa privada de extinci\u00f3n de incendios.<\/p>\n<h2>Dos detenidos sospechosos de provocar un incendio<\/h2>\n<p>Paralelamente, la Polic\u00eda portuguesa inform\u00f3 este s\u00e1bado de la detenci\u00f3n de dos sospechosos de haber iniciado un incendio forestal el pasado 18 de agosto en la zona de Lous\u00e3, en el distrito de Coimbra y pr\u00f3xima a una sierra. La Polic\u00eda Judicial (PJ) explic\u00f3 en un comunicado que los detenidos, de 20 y 23 a\u00f1os, habr\u00edan usado un mechero para provocar el incendio en una zona rural compuesta por una \u00abdensa vegetaci\u00f3n espont\u00e1nea\u00bb, como arbustos y hierbas.<\/p>\n<p>Portugal, como la vecina Espa\u00f1a, donde tambi\u00e9n han muerto cuatro personas, combate varios incendios forestales que han consumido unas 60.000 hect\u00e1reas, a pesar de una disminuci\u00f3n en las temperaturas que ha mejorado la situaci\u00f3n, seg\u00fan Protecci\u00f3n Civil. Seg\u00fan datos del Sistema Europeo de Informaci\u00f3n sobre Incendios Forestales (EFFIS), cerca de 278.000 hect\u00e1reas han ardido desde principios de a\u00f1o en el pa\u00eds. En 2017 se quemaron m\u00e1s de 563.000 hect\u00e1reas en unos incendios que provocaron 119 muertes.<\/p>\n<p>LGC (AFP, EFE)<\/p>\n<\/div>\n\n","protected":false},"excerpt":{"rendered":"<p>Un bombero muri\u00f3 en Portugal a consecuencia de las heridas sufridas en la lucha contra los incendios forestales que afectan al pa\u00eds, lament\u00f3 este s\u00e1bado (23.08.2025) la Presidencia. Con este fallecimiento ascienden a cuatro los muertos con motivo de la ola de incendios que asola Portugal desde hace semanas. En un comunicado, la presidencia de &hellip;<\/p>\n","protected":false},"author":1,"featured_media":41603,"comment_status":"open","ping_status":"open","sticky":false,"template":"","format":"standard","meta":{"fifu_image_url":"https:\/\/static.dw.com\/image\/73674068_6.jpg","fifu_image_alt":"","footnotes":""},"categories":[13],"tags":[],"class_list":["post-41602","post","type-post","status-publish","format-standard","has-post-thumbnail","","category-mundo"],"_links":{"self":[{"href":"https:\/\/noticiasveraces.com\/index.php?rest_route=\/wp\/v2\/posts\/41602","targetHints":{"allow":["GET"]}}],"collection":[{"href":"https:\/\/noticiasveraces.com\/index.php?rest_route=\/wp\/v2\/posts"}],"about":[{"href":"https:\/\/noticiasveraces.com\/index.php?rest_route=\/wp\/v2\/types\/post"}],"author":[{"embeddable":true,"href":"https:\/\/noticiasveraces.com\/index.php?rest_route=\/wp\/v2\/users\/1"}],"replies":[{"embeddable":true,"href":"https:\/\/noticiasveraces.com\/index.php?rest_route=%2Fwp%2Fv2%2Fcomments&post=41602"}],"version-history":[{"count":0,"href":"https:\/\/noticiasveraces.com\/index.php?rest_route=\/wp\/v2\/posts\/41602\/revisions"}],"wp:featuredmedia":[{"embeddable":true,"href":"https:\/\/noticiasveraces.com\/index.php?rest_route=\/wp\/v2\/media\/41603"}],"wp:attachment":[{"href":"https:\/\/noticiasveraces.com\/index.php?rest_route=%2Fwp%2Fv2%2Fmedia&parent=41602"}],"wp:term":[{"taxonomy":"category","embeddable":true,"href":"https:\/\/noticiasveraces.com\/index.php?rest_route=%2Fwp%2Fv2%2Fcategories&post=41602"},{"taxonomy":"post_tag","embeddable":true,"href":"https:\/\/noticiasveraces.com\/index.php?rest_route=%2Fwp%2Fv2%2Ftags&post=41602"}],"curies":[{"name":"wp","href":"https:\/\/api.w.org\/{rel}","templated":true}]}}