{"id":41562,"date":"2025-08-23T04:44:19","date_gmt":"2025-08-23T08:44:19","guid":{"rendered":"https:\/\/noticiasveraces.com\/?p=41562"},"modified":"2025-08-23T04:44:19","modified_gmt":"2025-08-23T08:44:19","slug":"los-cientificos-descubren-proteinas-en-el-cerebro-que-podrian-revertir-los-efectos-del-envejecimiento","status":"publish","type":"post","link":"https:\/\/noticiasveraces.com\/?p=41562","title":{"rendered":"Los cient\u00edficos descubren prote\u00ednas en el cerebro que podr\u00edan revertir los efectos del envejecimiento"},"content":{"rendered":"<p> \n<\/p>\n<div>\n<div id=\"beyondwords-wrapper\" class=\"beyondwords-wrapper\">\n<p><span class=\"label-bg\">NUEVO<\/span>\u00a1Ahora puedes escuchar art\u00edculos de Fox News!\n  <\/p>\n<\/div>\n<p class=\"speakable\">Los cient\u00edficos de la Universidad de California en San Francisco (UCSF) pueden haber descubierto una causa de envejecimiento en el cerebro.<\/p>\n<p class=\"speakable\">El culpable es una prote\u00edna llamada cadena ligera de ferritina 1 (FTL1), descrita como una prote\u00edna asociada a hierro identificada como un \u00abfactor neuronal pro-envejecimiento que perjudica la cognici\u00f3n\u00bb.<\/p>\n<p>El estudio, publicado en la revista Nature Aging, compar\u00f3 c\u00f3mo los genes y las prote\u00ednas en el hipocampo, la regi\u00f3n del cerebro responsable del aprendizaje y la memoria, cambi\u00f3 con el tiempo en ratones viejos y j\u00f3venes.<\/p>\n<p><strong>Lo que las personas que viven hasta los 100 a\u00f1os tienen en com\u00fan, seg\u00fan la ciencia<\/strong><\/p>\n<p>Los ratones envejecidos ten\u00edan una mayor cantidad de FTL1, as\u00ed como menos conexiones de c\u00e9lulas cerebrales en el hipocampo y capacidades cognitivas disminuidas, seg\u00fan un comunicado de prensa de UCSF.<\/p>\n<p>Cuando FTL1 aument\u00f3 artificialmente en ratones j\u00f3venes, sus cerebros comenzaron a imitar los cerebros y los comportamientos de los ratones viejos.<\/p>\n<div class=\"image-ct inline\">\n<div class=\"m\"><picture><source media=\"(max-width: 767px)\" srcset=\"https:\/\/a57.foxnews.com\/static.foxnews.com\/foxnews.com\/content\/uploads\/2025\/08\/343\/192\/neurologist-brain-scan.jpg?ve=1&amp;tl=1, https:\/\/a57.foxnews.com\/static.foxnews.com\/foxnews.com\/content\/uploads\/2025\/08\/686\/384\/neurologist-brain-scan.jpg?ve=1&amp;tl=1 2x\" height=\"192\" width=\"343\"><source media=\"(min-width: 768px) and (max-width: 1023px)\" srcset=\"https:\/\/a57.foxnews.com\/static.foxnews.com\/foxnews.com\/content\/uploads\/2025\/08\/672\/378\/neurologist-brain-scan.jpg?ve=1&amp;tl=1, https:\/\/a57.foxnews.com\/static.foxnews.com\/foxnews.com\/content\/uploads\/2025\/08\/1344\/756\/neurologist-brain-scan.jpg?ve=1&amp;tl=1 2x\" height=\"378\" width=\"672\"><source media=\"(min-width: 1024px) and (max-width: 1279px)\" srcset=\"https:\/\/a57.foxnews.com\/static.foxnews.com\/foxnews.com\/content\/uploads\/2025\/08\/931\/523\/neurologist-brain-scan.jpg?ve=1&amp;tl=1, https:\/\/a57.foxnews.com\/static.foxnews.com\/foxnews.com\/content\/uploads\/2025\/08\/1862\/1046\/neurologist-brain-scan.jpg?ve=1&amp;tl=1 2x\" height=\"523\" width=\"931\"><source media=\"(min-width: 1280px)\" srcset=\"https:\/\/a57.foxnews.com\/static.foxnews.com\/foxnews.com\/content\/uploads\/2025\/08\/720\/405\/neurologist-brain-scan.jpg?ve=1&amp;tl=1, https:\/\/a57.foxnews.com\/static.foxnews.com\/foxnews.com\/content\/uploads\/2025\/08\/1440\/810\/neurologist-brain-scan.jpg?ve=1&amp;tl=1 2x\" height=\"405\" width=\"720\"><img loading=\"lazy\" decoding=\"async\" src=\"https:\/\/a57.foxnews.com\/static.foxnews.com\/foxnews.com\/content\/uploads\/2025\/08\/1200\/675\/neurologist-brain-scan.jpg?ve=1&amp;tl=1\" alt=\"El m\u00e9dico examina los escaneos cerebrales\" width=\"1200\" height=\"675\"\/><\/source><\/source><\/source><\/source><\/picture><\/div>\n<div class=\"info\">\n<div class=\"caption\">\n<p><span>Los cient\u00edficos pueden haber descubierto qu\u00e9 causa el envejecimiento en el cerebro.<\/span> <span>(Istock)<\/span><\/p>\n<\/div>\n<\/div>\n<\/div>\n<p>Cuando la prote\u00edna disminuy\u00f3 en los ratones viejos, \u00abrecuperaron su juventud\u00bb, ten\u00edan m\u00e1s conexiones de c\u00e9lulas nerviosas y obtuvieron mejor en las pruebas de memoria.<\/p>\n<p>FTL1 tambi\u00e9n ralentiz\u00f3 el metabolismo en las c\u00e9lulas del hipocampo de ratones viejos.<\/p>\n<p><strong><u>Haga clic aqu\u00ed para registrarse en nuestro bolet\u00edn de salud<\/u><\/strong><\/p>\n<p>Los investigadores descubrieron, sin embargo, que el tratamiento de estas c\u00e9lulas con un compuesto de estimulaci\u00f3n del metabolismo impidi\u00f3 estos efectos.<\/p>\n<div class=\"image-ct inline\">\n<div class=\"m\"><picture><source media=\"(max-width: 767px)\" srcset=\"https:\/\/a57.foxnews.com\/static.foxnews.com\/foxnews.com\/content\/uploads\/2025\/08\/343\/192\/microscope-brain-scan.jpg?ve=1&amp;tl=1, https:\/\/a57.foxnews.com\/static.foxnews.com\/foxnews.com\/content\/uploads\/2025\/08\/686\/384\/microscope-brain-scan.jpg?ve=1&amp;tl=1 2x\" height=\"192\" width=\"343\"><source media=\"(min-width: 768px) and (max-width: 1023px)\" srcset=\"https:\/\/a57.foxnews.com\/static.foxnews.com\/foxnews.com\/content\/uploads\/2025\/08\/672\/378\/microscope-brain-scan.jpg?ve=1&amp;tl=1, https:\/\/a57.foxnews.com\/static.foxnews.com\/foxnews.com\/content\/uploads\/2025\/08\/1344\/756\/microscope-brain-scan.jpg?ve=1&amp;tl=1 2x\" height=\"378\" width=\"672\"><source media=\"(min-width: 1024px) and (max-width: 1279px)\" srcset=\"https:\/\/a57.foxnews.com\/static.foxnews.com\/foxnews.com\/content\/uploads\/2025\/08\/931\/523\/microscope-brain-scan.jpg?ve=1&amp;tl=1, https:\/\/a57.foxnews.com\/static.foxnews.com\/foxnews.com\/content\/uploads\/2025\/08\/1862\/1046\/microscope-brain-scan.jpg?ve=1&amp;tl=1 2x\" height=\"523\" width=\"931\"><source media=\"(min-width: 1280px)\" srcset=\"https:\/\/a57.foxnews.com\/static.foxnews.com\/foxnews.com\/content\/uploads\/2025\/08\/720\/405\/microscope-brain-scan.jpg?ve=1&amp;tl=1, https:\/\/a57.foxnews.com\/static.foxnews.com\/foxnews.com\/content\/uploads\/2025\/08\/1440\/810\/microscope-brain-scan.jpg?ve=1&amp;tl=1 2x\" height=\"405\" width=\"720\"><img loading=\"lazy\" decoding=\"async\" src=\"https:\/\/a57.foxnews.com\/static.foxnews.com\/foxnews.com\/content\/uploads\/2025\/08\/1200\/675\/microscope-brain-scan.jpg?ve=1&amp;tl=1\" alt=\"Microscopio frente a las pantallas con escaneos cerebrales.\" width=\"1200\" height=\"675\"\/><\/source><\/source><\/source><\/source><\/picture><\/div>\n<div class=\"info\">\n<div class=\"caption\">\n<p><span>Cuando la prote\u00edna disminuy\u00f3 en los ratones viejos, \u00abrecuperaron su juventud\u00bb, ten\u00edan m\u00e1s conexiones de c\u00e9lulas nerviosas y obtuvieron mejor en las pruebas de memoria.<\/span> <span>(Istock)<\/span><\/p>\n<\/div>\n<\/div>\n<\/div>\n<p>Saul Villeda, Director Asociado del Instituto de Investigaci\u00f3n de Envejecimiento de Bakar Bakar y autor principal del documento, dijo que considera estos hallazgos una \u00abreversi\u00f3n del deterioro\u00bb.<\/p>\n<p>\u00abEs mucho m\u00e1s que simplemente retrasar o prevenir los s\u00edntomas\u00bb, dijo en una declaraci\u00f3n de comunicado de prensa.<\/p>\n<p><strong><u>Haga clic aqu\u00ed para obtener la aplicaci\u00f3n Fox News<\/u><\/strong><\/p>\n<p>\u00abEstamos viendo m\u00e1s oportunidades para aliviar las peores consecuencias de la vejez. Es un momento esperanzador para trabajar en la biolog\u00eda del envejecimiento\u00bb.<\/p>\n<p>El Dr. Paul Saphier, neurocirujano y fundador de especialistas neuroquir\u00fargicos coaxiales en Nueva Jersey, calific\u00f3 estos hallazgos \u00abrealmente interesantes\u00bb en una entrevista con Fox News Digital.<\/p>\n<div class=\"image-ct inline\">\n<div class=\"m\"><picture><source media=\"(max-width: 767px)\" srcset=\"https:\/\/a57.foxnews.com\/static.foxnews.com\/foxnews.com\/content\/uploads\/2025\/08\/343\/192\/man-confused-dementia.jpg?ve=1&amp;tl=1, https:\/\/a57.foxnews.com\/static.foxnews.com\/foxnews.com\/content\/uploads\/2025\/08\/686\/384\/man-confused-dementia.jpg?ve=1&amp;tl=1 2x\" height=\"192\" width=\"343\"><source media=\"(min-width: 768px) and (max-width: 1023px)\" srcset=\"https:\/\/a57.foxnews.com\/static.foxnews.com\/foxnews.com\/content\/uploads\/2025\/08\/672\/378\/man-confused-dementia.jpg?ve=1&amp;tl=1, https:\/\/a57.foxnews.com\/static.foxnews.com\/foxnews.com\/content\/uploads\/2025\/08\/1344\/756\/man-confused-dementia.jpg?ve=1&amp;tl=1 2x\" height=\"378\" width=\"672\"><source media=\"(min-width: 1024px) and (max-width: 1279px)\" srcset=\"https:\/\/a57.foxnews.com\/static.foxnews.com\/foxnews.com\/content\/uploads\/2025\/08\/931\/523\/man-confused-dementia.jpg?ve=1&amp;tl=1, https:\/\/a57.foxnews.com\/static.foxnews.com\/foxnews.com\/content\/uploads\/2025\/08\/1862\/1046\/man-confused-dementia.jpg?ve=1&amp;tl=1 2x\" height=\"523\" width=\"931\"><source media=\"(min-width: 1280px)\" srcset=\"https:\/\/a57.foxnews.com\/static.foxnews.com\/foxnews.com\/content\/uploads\/2025\/08\/720\/405\/man-confused-dementia.jpg?ve=1&amp;tl=1, https:\/\/a57.foxnews.com\/static.foxnews.com\/foxnews.com\/content\/uploads\/2025\/08\/1440\/810\/man-confused-dementia.jpg?ve=1&amp;tl=1 2x\" height=\"405\" width=\"720\"><img loading=\"lazy\" decoding=\"async\" src=\"https:\/\/a57.foxnews.com\/static.foxnews.com\/foxnews.com\/content\/uploads\/2025\/08\/1200\/675\/man-confused-dementia.jpg?ve=1&amp;tl=1\" alt=\"Hombre mayor confundido\" width=\"1200\" height=\"675\"\/><\/source><\/source><\/source><\/source><\/picture><\/div>\n<div class=\"info\">\n<div class=\"caption\">\n<p><span>La investigaci\u00f3n de Alzheimer est\u00e1 directamente relacionada con una acumulaci\u00f3n de prote\u00ednas amiloides dentro del cerebro, seg\u00fan la investigaci\u00f3n.<\/span> <span>(Istock)<\/span><\/p>\n<\/div>\n<\/div>\n<\/div>\n<p>\u00abNo hay duda de que a medida que las prote\u00ednas se acumulan en varias partes del cerebro, se producen ciertos trastornos neurodegenerativos\u00bb, dijo. \u00abLa enfermedad de Alzheimer est\u00e1 directamente relacionada con una acumulaci\u00f3n de prote\u00ednas amiloides dentro del cerebro.<\/p>\n<blockquote class=\"pull-quote\">\n<p class=\"quote-text\">\u00abEs mucho m\u00e1s que simplemente retrasar o prevenir los s\u00edntomas\u00bb.<\/p>\n<p> <!----><\/p><\/blockquote>\n<p>\u00abSi hay un mecanismo por el cual podemos ralentizar y\/o revertir la acumulaci\u00f3n de esta prote\u00edna FTL1 en el hipocampo, que es el principal centro de memoria del cerebro, es l\u00f3gico que podamos mejorar\/mejorar la cognici\u00f3n\u00bb.<\/p>\n<p>Investigaciones anteriores han demostrado que la modulaci\u00f3n de az\u00facar y prote\u00ednas puede reducir la tasa de envejecimiento, se\u00f1al\u00f3 Saphier.<\/p>\n<p><i><strong><u>Para m\u00e1s art\u00edculos de salud, visite foxnews.com\/Health.<\/u><\/strong><\/i><\/p>\n<p>\u00abApoyo esta investigaci\u00f3n y estoy seguro de que, en \u00faltima instancia, habr\u00e1 un avance en esta \u00e1rea\u00bb, agreg\u00f3.<\/p>\n<p>El estudio fue apoyado en parte por la National Science Foundation, el Bakar Aging Research Institute y el Instituto Nacional de Envejecimiento.<\/p>\n<p> <!----> <\/p>\n<div class=\"article-meta\">\n<div class=\"author-bio\">\n<p>Angelica Stabile es una reportera de estilo de vida para Fox News Digital.<\/p>\n<\/div>\n<\/div>\n<\/div>\n\n","protected":false},"excerpt":{"rendered":"<p>NUEVO\u00a1Ahora puedes escuchar art\u00edculos de Fox News! Los cient\u00edficos de la Universidad de California en San Francisco (UCSF) pueden haber descubierto una causa de envejecimiento en el cerebro. El culpable es una prote\u00edna llamada cadena ligera de ferritina 1 (FTL1), descrita como una prote\u00edna asociada a hierro identificada como un \u00abfactor neuronal pro-envejecimiento que perjudica &hellip;<\/p>\n","protected":false},"author":1,"featured_media":41564,"comment_status":"open","ping_status":"open","sticky":false,"template":"","format":"standard","meta":{"fifu_image_url":"https:\/\/a57.foxnews.com\/static.foxnews.com\/foxnews.com\/content\/uploads\/2025\/08\/1200\/675\/neurologist-brain-scan.jpg?ve=1&tl=1","fifu_image_alt":"","footnotes":""},"categories":[8],"tags":[],"class_list":["post-41562","post","type-post","status-publish","format-standard","has-post-thumbnail","","category-salud"],"_links":{"self":[{"href":"https:\/\/noticiasveraces.com\/index.php?rest_route=\/wp\/v2\/posts\/41562","targetHints":{"allow":["GET"]}}],"collection":[{"href":"https:\/\/noticiasveraces.com\/index.php?rest_route=\/wp\/v2\/posts"}],"about":[{"href":"https:\/\/noticiasveraces.com\/index.php?rest_route=\/wp\/v2\/types\/post"}],"author":[{"embeddable":true,"href":"https:\/\/noticiasveraces.com\/index.php?rest_route=\/wp\/v2\/users\/1"}],"replies":[{"embeddable":true,"href":"https:\/\/noticiasveraces.com\/index.php?rest_route=%2Fwp%2Fv2%2Fcomments&post=41562"}],"version-history":[{"count":0,"href":"https:\/\/noticiasveraces.com\/index.php?rest_route=\/wp\/v2\/posts\/41562\/revisions"}],"wp:featuredmedia":[{"embeddable":true,"href":"https:\/\/noticiasveraces.com\/index.php?rest_route=\/wp\/v2\/media\/41564"}],"wp:attachment":[{"href":"https:\/\/noticiasveraces.com\/index.php?rest_route=%2Fwp%2Fv2%2Fmedia&parent=41562"}],"wp:term":[{"taxonomy":"category","embeddable":true,"href":"https:\/\/noticiasveraces.com\/index.php?rest_route=%2Fwp%2Fv2%2Fcategories&post=41562"},{"taxonomy":"post_tag","embeddable":true,"href":"https:\/\/noticiasveraces.com\/index.php?rest_route=%2Fwp%2Fv2%2Ftags&post=41562"}],"curies":[{"name":"wp","href":"https:\/\/api.w.org\/{rel}","templated":true}]}}