{"id":41558,"date":"2025-08-23T04:26:06","date_gmt":"2025-08-23T08:26:06","guid":{"rendered":"https:\/\/noticiasveraces.com\/?p=41558"},"modified":"2025-08-23T04:26:06","modified_gmt":"2025-08-23T08:26:06","slug":"delanteros-en-auge-y-tecnicos-en-ascenso-dw-22-08-2025","status":"publish","type":"post","link":"https:\/\/noticiasveraces.com\/?p=41558","title":{"rendered":"delanteros en auge y t\u00e9cnicos en ascenso \u2013 DW \u2013 22\/08\/2025"},"content":{"rendered":"<p> \n<\/p>\n<div data-tracking-name=\"rich-text\" data-tracking-skip=\"true\">\n<p>Como dicta la costumbre, la Bundesliga presenta llamativos movimientos en la conocida danza de fichajes. Nuevos jugadores, refuerzos y algunas caras conocidas adornan la edici\u00f3n 63 del f\u00fatbol alem\u00e1n, tanto en el \u00e1rea t\u00e9cnica como en el campo de juego.<\/p>\n<h2>Los delanteros son tendencia<\/h2>\n<p>El mercado de fichajes de la Bundesliga retumb\u00f3 con la llegada del colombiano Luis Fernando D\u00edaz Marulanda al Bayern M\u00fanich. Un testarazo de gol previo al arranque del torneo dom\u00e9stico ya le dio a su nuevo club la Supercopa Franz Beckenbauer. Los aproximadamente 70 millones de euros que desembols\u00f3 el campe\u00f3n por el exjugador del Liverpool pesaron ante el Stuttgart, presagiando as\u00ed un romance b\u00e1varo entre el extremo por izquierda y la Bundesliga 2025\/2026.<\/p>\n<p>Pero en Frankfurt tambi\u00e9n apretaron las tuercas del ataque. Jonathan Burkhardt se viste de \u00e1guila procedente del Mainz, donde brill\u00f3 hasta convertirse en el mejor delantero alem\u00e1n el a\u00f1o pasado. A su lado estar\u00e1 Ritsu Doan, el japon\u00e9s llega al Eintracht con percha de goleador y asistidor a partir de su destacada labor en Freiburg. Dos incorporaciones con amplio potencial en la instituci\u00f3n \u00abtrampol\u00edn\u201d que recientemente vio desfilar a Omar Marmoush, Hugo Ekitik\u00e9 y Randal Kolo Muani.<\/p>\n<figure class=\"placeholder-image master_landscape big\"><img data-format=\"MASTER_LANDSCAPE\" data-id=\"59153312\" data-url=\"https:\/\/static.dw.com\/image\/59153312_${formatId}.jpg\" data-aspect-ratio=\"16\/9\" alt=\"Jonathan Burkhardt (izquierda) celebra un gol con la camiseta del Mainz junto con Jean-Paul Boetius.\" style=\"padding-bottom: 56.25%; height: 0; max-height: 0;\"\/><figcaption class=\"img-caption\">Jonathan Burkhardt (izquierda) celebra un gol con la camiseta del Mainz junto con Jean-Paul Boetius.<small class=\"copyright\">Imagen: Ralf Poller\/imago images<\/small><\/figcaption><\/figure>\n<p>Al margen de esta tendencia, Benedicht Hollerbach es bienvenido en Mainz luego de lo mostrado en el Uni\u00f3n Berl\u00edn. Y en su regreso a la Bundesliga luego de un fugaz paso por la Premier League, el extremo dan\u00e9s Jesper Lindstr\u00f8m buscar\u00e1 revolucionar a los \u00ablobos verdes\u201d de Wolfsburg como en su momento lo hiciera en Frankfrut. A prop\u00f3sito de jugadores de ataque por las bandas, el juvenil de la selecci\u00f3n sub-21 de B\u00e9lgica, Samuel Mbagula, fich\u00f3 por el Werder Bremen procedente de la Juventus de Tur\u00edn.<\/p>\n<p>En otras latitudes germanas, la misi\u00f3n del Colonia no es otra que permanecer en el m\u00e1ximo circuito. Para ello han contratado a dos alemanes que despliegan un f\u00fatbol ofensivo\u00a0ya sea desde la banda izquierda o clavados en el \u00e1rea rival: Ragnar Ache y Marius B\u00fclter, ambos conocidos en el balompi\u00e9 de primera y segunda divisi\u00f3n; especialmente B\u00fclter, cuyo periplo abarca equipos como Magdeburg (2\u00aa Bundesliga), Uni\u00f3n Berl\u00edn, Schalke 04 y Hoffenheim m\u00e1s recientemente.<\/p>\n<p><span data-slot-id=\"Article_InContent-1\" class=\"rich-text-ad\"\/><\/p>\n<h2>El banquillo t\u00e9cnico<\/h2>\n<p>Mucho se ha dicho acerca del final del hist\u00f3rico cap\u00edtulo escrito por Xabi Alonso que hizo campe\u00f3n al Bayer Leverkusen. El reducto de un equipo desmantelado (como era de esperarse), pas\u00f3 a manos del neerland\u00e9s Erik ten Hag, ganador de Copa con Manchester United y dos veces bicampe\u00f3n con el Ajax de \u00c1msterdam. Ya sin Wirtz, Xhaka, Hradecky, Tah y Frimpong.<\/p>\n<p>Si bien la haza\u00f1a del campe\u00f3n invicto es parte del pasado, la gloriosa coronaci\u00f3n del Leverkusen parece no agitar en demas\u00eda al nuevo tim\u00f3n de los farmac\u00e9uticos: \u00abComo siempre digo: no se puede navegar con el viento de ayer\u00bb, afirm\u00f3 el entrenador de 55 a\u00f1os, cuyo compatriota Mark Flekken ser\u00e1 el reemplazo de un \u00edcono del club como Lukas Hradecky, el guardameta que deja libre el arco tras marcharse a M\u00f3naco.<\/p>\n<p>Y para completar la tripleta de neerlandeses, en Wolfsburg la han dado la confianza a Paul Simonis, un entrenador joven (40) con apenas 41 partidos dirigidos en la Eredivise del f\u00fatbol de su pa\u00eds.<\/p>\n<figure class=\"placeholder-image master_landscape big\"><img data-format=\"MASTER_LANDSCAPE\" data-id=\"67409301\" data-url=\"https:\/\/static.dw.com\/image\/67409301_${formatId}.jpg\" data-aspect-ratio=\"16\/9\" alt=\"Sandro Wagner (izquierda) trabaj\u00f3 junto Julian Nagelsmann como asistente en la direcci\u00f3n t\u00e9cnica del combinado alem\u00e1n.\" style=\"padding-bottom: 56.25%; height: 0; max-height: 0;\"\/><figcaption class=\"img-caption\">Sandro Wagner (izquierda) trabaj\u00f3 junto Julian Nagelsmann como asistente en la direcci\u00f3n t\u00e9cnica del combinado alem\u00e1n.<small class=\"copyright\">Imagen: Arne Dedert\/dpa\/picture alliance<\/small><\/figcaption><\/figure>\n<p>Por su parte, quien se mostr\u00f3 entusiasmado por dirigir en una nueva ciudad y poder entrenar a Samuel Mbagula, es Horst Steffen, el nuevo director t\u00e9cnico de Bremen. Su m\u00e9rito m\u00e1s inmediato es haber estado a punto de ascender con el discreto Elversberg desde la segunda Bundesliga la campa\u00f1a pasada. Visto de alguna forma, podr\u00eda decirse que haber finalizado a un punto de distancia del hist\u00f3rico Hamburgo fue moneda de cambio para su ascenso individual a la primera divisi\u00f3n.<\/p>\n<p>Cabe se\u00f1alar la esperada primera participaci\u00f3n de Sandro Wagner al frente de un equipo de Bundesliga. Conocido como jugador y despu\u00e9s entrenador asistente de Julian Nagelsmann en la selecci\u00f3n alemana, Wagner llega con el cometido de dar protagonismo al Augsbrug.<\/p>\n<p>El recuento de nuevos actores lo cierra el entusiasmo colonense que encabeza el director t\u00e9cnico Lukas Kwasniok, ahora al frente de las \u00abcabras\u201d. Un personaje que parece rodearse de suerte al celebrar el s\u00e9ptimo ascenso del Colonia a Bundesliga, mientras\u00a0que el gran s\u00edmbolo de la ciudad, su Catedral, cumple 777 a\u00f1os y el club celebra su aniversario n\u00famero 77.<\/p>\n<p>Coincidentemente, la anotaci\u00f3n de Luis D\u00edaz que le arrebat\u00f3 la Supercopa al Stuttgart para el definitivo 2-1 a favor del Bayern M\u00fanich, fue precisamente en el minuto 77. <\/p>\n<\/div>\n\n","protected":false},"excerpt":{"rendered":"<p>Como dicta la costumbre, la Bundesliga presenta llamativos movimientos en la conocida danza de fichajes. Nuevos jugadores, refuerzos y algunas caras conocidas adornan la edici\u00f3n 63 del f\u00fatbol alem\u00e1n, tanto en el \u00e1rea t\u00e9cnica como en el campo de juego. Los delanteros son tendencia El mercado de fichajes de la Bundesliga retumb\u00f3 con la llegada &hellip;<\/p>\n","protected":false},"author":1,"featured_media":41559,"comment_status":"open","ping_status":"open","sticky":false,"template":"","format":"standard","meta":{"fifu_image_url":"https:\/\/static.dw.com\/image\/73669260_6.jpg","fifu_image_alt":"","footnotes":""},"categories":[13],"tags":[],"class_list":["post-41558","post","type-post","status-publish","format-standard","has-post-thumbnail","","category-mundo"],"_links":{"self":[{"href":"https:\/\/noticiasveraces.com\/index.php?rest_route=\/wp\/v2\/posts\/41558","targetHints":{"allow":["GET"]}}],"collection":[{"href":"https:\/\/noticiasveraces.com\/index.php?rest_route=\/wp\/v2\/posts"}],"about":[{"href":"https:\/\/noticiasveraces.com\/index.php?rest_route=\/wp\/v2\/types\/post"}],"author":[{"embeddable":true,"href":"https:\/\/noticiasveraces.com\/index.php?rest_route=\/wp\/v2\/users\/1"}],"replies":[{"embeddable":true,"href":"https:\/\/noticiasveraces.com\/index.php?rest_route=%2Fwp%2Fv2%2Fcomments&post=41558"}],"version-history":[{"count":0,"href":"https:\/\/noticiasveraces.com\/index.php?rest_route=\/wp\/v2\/posts\/41558\/revisions"}],"wp:featuredmedia":[{"embeddable":true,"href":"https:\/\/noticiasveraces.com\/index.php?rest_route=\/wp\/v2\/media\/41559"}],"wp:attachment":[{"href":"https:\/\/noticiasveraces.com\/index.php?rest_route=%2Fwp%2Fv2%2Fmedia&parent=41558"}],"wp:term":[{"taxonomy":"category","embeddable":true,"href":"https:\/\/noticiasveraces.com\/index.php?rest_route=%2Fwp%2Fv2%2Fcategories&post=41558"},{"taxonomy":"post_tag","embeddable":true,"href":"https:\/\/noticiasveraces.com\/index.php?rest_route=%2Fwp%2Fv2%2Ftags&post=41558"}],"curies":[{"name":"wp","href":"https:\/\/api.w.org\/{rel}","templated":true}]}}