{"id":41543,"date":"2025-08-23T01:23:04","date_gmt":"2025-08-23T05:23:04","guid":{"rendered":"https:\/\/noticiasveraces.com\/?p=41543"},"modified":"2025-08-23T01:23:04","modified_gmt":"2025-08-23T05:23:04","slug":"la-lucha-por-cambiar-nombre-racista-de-una-calle-en-berlin-dw-22-08-2025","status":"publish","type":"post","link":"https:\/\/noticiasveraces.com\/?p=41543","title":{"rendered":"La lucha por cambiar nombre racista de una calle en Berl\u00edn \u2013 DW \u2013 22\/08\/2025"},"content":{"rendered":"<p> \n<\/p>\n<div data-tracking-name=\"rich-text\" data-tracking-skip=\"true\">\n<p>\u00abLa descolonizaci\u00f3n no se consigue simplemente cambiando el nombre de algunas calles\u201d, declar\u00f3 el polit\u00f3logo y activista de derechos humanos Joshua Kwesi Aikins a DW, despu\u00e9s de que se supiera que una calle c\u00e9ntrica de Berl\u00edn, cuyo nombre muchos consideran racista, iba a ser renombrada. Eso fue en 2020. En aquel momento, el consejo municipal de Berl\u00edn-Mitte decidi\u00f3 cambiar el nombre de la calle Mohrenstra\u00dfe\u00a0(Calle de los Moros), por el de Anton Wilhelm Amo, un fil\u00f3sofo negro de la Ilustraci\u00f3n que estudi\u00f3 y trabaj\u00f3 en Alemania.<\/p>\n<h2>Quejas de los vecinos<\/h2>\n<p>Pero antes de que se pudieran instalar las nuevas placas, los vecinos presentaron una demanda. Entre otras cosas, tem\u00edan que aumentaran los costos por los cambios de direcci\u00f3n, los nuevos documentos de identidad y los letreros de las empresas. Otros argumentaron que el nombre Mohrenstra\u00dfe\u00a0formaba parte de la historia de la ciudad y no deb\u00eda cambiarse. Llevaron el caso ante el Tribunal Superior Administrativo, sin \u00e9xito: los jueces dictaminaron que no hab\u00eda base legal para tal demanda. <\/p>\n<p>Cinco a\u00f1os despu\u00e9s, en julio de este a\u00f1o, el Tribunal Superior Administrativo de Berl\u00edn-Brandeburgo confirm\u00f3 la decisi\u00f3n del Tribunal Administrativo de Berl\u00edn, seg\u00fan la cual los residentes no ten\u00edan motivos para presentar una demanda contra el cambio de nombre. Sin embargo, en un giro inesperado, el mismo tribunal acept\u00f3 una solicitud urgente contra el cambio previsto. Se remiti\u00f3 a la demanda de la iniciativa ciudadana Pro Mohrenstra\u00dfe, sobre la que a\u00fan no se ha tomado una decisi\u00f3n.<\/p>\n<figure class=\"placeholder-image master_landscape big\"><img data-format=\"MASTER_LANDSCAPE\" data-id=\"73625564\" data-url=\"https:\/\/static.dw.com\/image\/73625564_${formatId}.jpg\" data-aspect-ratio=\"16\/9\" alt=\"Manifestaci\u00f3n contra el nombre de la calle Mohrenstrasse en 2016.\" style=\"padding-bottom: 56.25%; height: 0; max-height: 0;\"\/><figcaption class=\"img-caption\">Durante a\u00f1os la gente ha protestado contra el nombre de la calle. Aqu\u00ed, una manifestaci\u00f3n de 2016.<small class=\"copyright\">Imagen: Stefan Boness\/Ipon\/Picture Alliance<\/small><\/figcaption><\/figure>\n<h2>Por qu\u00e9 la \u00abM*-Stra\u00dfe\u201d es tan controvertida<\/h2>\n<p>Varios grupos de la sociedad civil llevan d\u00e9cadas exigiendo que se cambie el nombre de la calle (respetuosamente denominada M-Stra\u00dfe) y de la estaci\u00f3n de metro del mismo nombre. El t\u00e9rmino <em>Mohr<\/em> (moro) proviene de la palabra griega antigua <em>Mauro<\/em>que significa \u00aboscuro\u201d o \u00abnegro\u201d, pero que a lo largo de los siglos ha adquirido connotaciones peyorativas como \u00abtonto\u201d o \u00abprimitivo\u201d, seg\u00fan explic\u00f3 a DW el analista y activista Joshua Kwesi Aikins.<\/p>\n<p>La calle atraviesa el centro hist\u00f3rico de la antigua Prusia, a pocos pasos del reconstruido Palacio de Berl\u00edn, desde donde se coordinaban antiguamente las expediciones coloniales a \u00c1frica. Tambi\u00e9n se encuentra cerca el lugar donde se celebr\u00f3, del 15 de noviembre de 1884 al 26 de febrero de 1885, la Conferencia de Berl\u00edn sobre \u00c1frica, tambi\u00e9n conocida como \u00abConferencia del Congo\u201d. Esta reuni\u00f3n entre los Estados europeos y representantes de Estados Unidos\u00a0fue un evento crucial en la expansi\u00f3n imperialista de Europa, y marca el inicio de la explotaci\u00f3n sistem\u00e1tica de \u00c1frica por parte de Occidente. Esta conferencia marc\u00f3 el inicio de la tiran\u00eda colonial de Alemania en Namibia, incluido el genocidio de los herero y los nama.<\/p>\n<p>La calle de Berl\u00edn lleva su nombre desde principios del siglo XVIII, una \u00e9poca en la que era habitual mantener esclavos africanos como \u00abmoros de corte\u201d. Actuaban como sirvientes o m\u00fasicos en las cortes principescas, a menudo para el entretenimiento ex\u00f3tico de sus propietarios. \u00abEl nombre de la calle transporta esta experiencia de violencia racista hasta el presente\u201d, escribi\u00f3 el historiador Christian Kopp, de la iniciativa Decolonize Berlin-Mitte, en el portal educativo <em>Aprendiendo de la historia <\/em>(Aprender de la historia).<\/p>\n<p><span data-slot-id=\"Article_InContent-1\" class=\"rich-text-ad\"\/><\/p>\n<h2>\u00bfQui\u00e9n era Anton Wilhelm Amo?<\/h2>\n<p>Anton Wilhelm Amo, nacido alrededor de 1700, fue secuestrado en su infancia en el territorio de lo que actualmente es Ghana, y lleg\u00f3 a Alemania como \u00abregalo\u201d a la corte del duque de Brunswick, en Wolfenb\u00fcttel. Y all\u00ed, al parecer, tuvo suerte: sus capacidades intelectuales despertaron el inter\u00e9s del pr\u00edncipe, que se consideraba ilustrado, y probablemente lo vio como una especie de \u00abobjeto de experimentaci\u00f3n\u201d.<\/p>\n<p>El joven recibi\u00f3 una excelente educaci\u00f3n, dominaba varios idiomas y se doctor\u00f3 en Filosof\u00eda. En 1734 hizo historia en la Universidad de Halle: fue la primera persona de origen africano en Europa en obtener un t\u00edtulo de doctor. En 1729 present\u00f3 su tesis sobre \u00abLa situaci\u00f3n jur\u00eddica de los negros en Europa\u201d. A pesar de sus \u00e9xitos acad\u00e9micos, Amo sigui\u00f3 siendo un marginado en la Ilustraci\u00f3n europea. En 1747 regres\u00f3 a \u00c1frica, donde se dice que vivi\u00f3 como ermita\u00f1o. El hecho de que una calle de Berl\u00edn lleve ahora su nombre no solo pretende honrarlo como importante pensador negro del siglo XVIII, sino tambi\u00e9n poner de manifiesto que la historia negra tiene una larga tradici\u00f3n en Alemania.<\/p>\n<figure class=\"placeholder-image master_landscape big\"><img data-format=\"MASTER_LANDSCAPE\" data-id=\"70767047\" data-url=\"https:\/\/static.dw.com\/image\/70767047_${formatId}.jpg\" data-aspect-ratio=\"16\/9\" alt=\"Ilustraci\u00f3n de la &quot;Conferencia del Congo&quot; (1884-1885).\" style=\"padding-bottom: 56.25%; height: 0; max-height: 0;\"\/><figcaption class=\"img-caption\">Ilustraci\u00f3n de peri\u00f3dico que muestra la denominada \u00abConferencia del Congo\u00bb, las potencias occidentales se repartieron \u00c1frica entre ellas.<small class=\"copyright\">Imagen: AKG-Images\/Picture-Alliance <\/small><\/figcaption><\/figure>\n<h2>El largo camino hacia la calle Anton-Wilhelm-Amo<\/h2>\n<p>En la RDA, la calle llevaba el nombre de Otto Grotewohl. Tras la reunificaci\u00f3n, se decidi\u00f3 volver al antiguo nombre de Mohrenstra\u00dfe.<\/p>\n<p>El cambio de nombre de la \u00abcalle M\u00bb se suma ahora a un movimiento creciente que cuestiona cr\u00edticamente los nombres de las calles y los monumentos. El hecho de que se haya elegido precisamente a Anton Wilhelm Amo tiene un doble significado: representa una tradici\u00f3n acad\u00e9mica negra reprimida y la idea de que la Ilustraci\u00f3n y los derechos humanos no deben considerarse exclusivamente \u00aboccidentales\u201d.<\/p>\n<p>El 23 de agosto de 2025 se iba a inaugurar solemnemente la nueva placa con su nombre. Sin embargo, tras la \u00faltima decisi\u00f3n judicial, la celebraci\u00f3n tendr\u00e1 que posponerse por el momento.<\/p>\n<p>(MN\/CP)<\/p>\n<\/div>\n\n","protected":false},"excerpt":{"rendered":"<p>\u00abLa descolonizaci\u00f3n no se consigue simplemente cambiando el nombre de algunas calles\u201d, declar\u00f3 el polit\u00f3logo y activista de derechos humanos Joshua Kwesi Aikins a DW, despu\u00e9s de que se supiera que una calle c\u00e9ntrica de Berl\u00edn, cuyo nombre muchos consideran racista, iba a ser renombrada. Eso fue en 2020. En aquel momento, el consejo municipal &hellip;<\/p>\n","protected":false},"author":1,"featured_media":41544,"comment_status":"open","ping_status":"open","sticky":false,"template":"","format":"standard","meta":{"fifu_image_url":"https:\/\/static.dw.com\/image\/54734333_6.jpg","fifu_image_alt":"","footnotes":""},"categories":[13],"tags":[],"class_list":["post-41543","post","type-post","status-publish","format-standard","has-post-thumbnail","","category-mundo"],"_links":{"self":[{"href":"https:\/\/noticiasveraces.com\/index.php?rest_route=\/wp\/v2\/posts\/41543","targetHints":{"allow":["GET"]}}],"collection":[{"href":"https:\/\/noticiasveraces.com\/index.php?rest_route=\/wp\/v2\/posts"}],"about":[{"href":"https:\/\/noticiasveraces.com\/index.php?rest_route=\/wp\/v2\/types\/post"}],"author":[{"embeddable":true,"href":"https:\/\/noticiasveraces.com\/index.php?rest_route=\/wp\/v2\/users\/1"}],"replies":[{"embeddable":true,"href":"https:\/\/noticiasveraces.com\/index.php?rest_route=%2Fwp%2Fv2%2Fcomments&post=41543"}],"version-history":[{"count":0,"href":"https:\/\/noticiasveraces.com\/index.php?rest_route=\/wp\/v2\/posts\/41543\/revisions"}],"wp:featuredmedia":[{"embeddable":true,"href":"https:\/\/noticiasveraces.com\/index.php?rest_route=\/wp\/v2\/media\/41544"}],"wp:attachment":[{"href":"https:\/\/noticiasveraces.com\/index.php?rest_route=%2Fwp%2Fv2%2Fmedia&parent=41543"}],"wp:term":[{"taxonomy":"category","embeddable":true,"href":"https:\/\/noticiasveraces.com\/index.php?rest_route=%2Fwp%2Fv2%2Fcategories&post=41543"},{"taxonomy":"post_tag","embeddable":true,"href":"https:\/\/noticiasveraces.com\/index.php?rest_route=%2Fwp%2Fv2%2Ftags&post=41543"}],"curies":[{"name":"wp","href":"https:\/\/api.w.org\/{rel}","templated":true}]}}