{"id":41539,"date":"2025-08-22T23:21:13","date_gmt":"2025-08-23T03:21:13","guid":{"rendered":"https:\/\/noticiasveraces.com\/?p=41539"},"modified":"2025-08-22T23:21:13","modified_gmt":"2025-08-23T03:21:13","slug":"canada-elimina-muchos-aranceles-de-represalia-a-ee-uu-dw-22-08-2025","status":"publish","type":"post","link":"https:\/\/noticiasveraces.com\/?p=41539","title":{"rendered":"Canad\u00e1 elimina muchos aranceles de represalia a EE. UU. \u2013 DW \u2013 22\/08\/2025"},"content":{"rendered":"<p> \n<\/p>\n<div data-tracking-name=\"rich-text\" data-tracking-skip=\"true\">\n<p>Canad\u00e1 eliminar\u00e1 todos los aranceles a los productos estadounidenses que cumplan con el Tratado de Libre Comercio de Am\u00e9rica del Norte (T-MEC), anunci\u00f3 el primer ministro Mark Carney este viernes (22.08.2025).<\/p>\n<p>La medida responde a las exenciones otorgadas a principios de mes por Washington a los productos canadienses.<\/p>\n<p>A partir del 1 de septiembre, el gobierno canadiense \u00abeliminar\u00e1 los aranceles aduaneros sobre los productos estadounidenses\u00bb, en virtud del Tratado entre M\u00e9xico, Estados Unidos y Canad\u00e1, lo que equiparar\u00e1 los grav\u00e1menes de Ottawa con los aranceles estadounidenses vigentes, dijo Carney en rueda de prensa.<\/p>\n<p>El anuncio tiene lugar un d\u00eda despu\u00e9s de una llamada con el presidente estadounidense Donald Trump y en momentos en que Canad\u00e1 y Estados Unidos intensifican negociaciones para un acuerdo comercial m\u00e1s amplio.<\/p>\n<p>Trump elogi\u00f3 este viernes la decisi\u00f3n de Canad\u00e1. \u00abCarney me cae muy bien. Creo que es una muy buena persona y ayer tuvimos una conversaci\u00f3n muy interesante\u00bb, dijo a la prensa.<\/p>\n<p>RR AFP\/Reuters<\/p>\n<\/div>\n\n","protected":false},"excerpt":{"rendered":"<p>Canad\u00e1 eliminar\u00e1 todos los aranceles a los productos estadounidenses que cumplan con el Tratado de Libre Comercio de Am\u00e9rica del Norte (T-MEC), anunci\u00f3 el primer ministro Mark Carney este viernes (22.08.2025). La medida responde a las exenciones otorgadas a principios de mes por Washington a los productos canadienses. A partir del 1 de septiembre, el &hellip;<\/p>\n","protected":false},"author":1,"featured_media":41540,"comment_status":"open","ping_status":"open","sticky":false,"template":"","format":"standard","meta":{"fifu_image_url":"https:\/\/static.dw.com\/image\/73477324_6.jpg","fifu_image_alt":"","footnotes":""},"categories":[13],"tags":[],"class_list":["post-41539","post","type-post","status-publish","format-standard","has-post-thumbnail","","category-mundo"],"_links":{"self":[{"href":"https:\/\/noticiasveraces.com\/index.php?rest_route=\/wp\/v2\/posts\/41539","targetHints":{"allow":["GET"]}}],"collection":[{"href":"https:\/\/noticiasveraces.com\/index.php?rest_route=\/wp\/v2\/posts"}],"about":[{"href":"https:\/\/noticiasveraces.com\/index.php?rest_route=\/wp\/v2\/types\/post"}],"author":[{"embeddable":true,"href":"https:\/\/noticiasveraces.com\/index.php?rest_route=\/wp\/v2\/users\/1"}],"replies":[{"embeddable":true,"href":"https:\/\/noticiasveraces.com\/index.php?rest_route=%2Fwp%2Fv2%2Fcomments&post=41539"}],"version-history":[{"count":0,"href":"https:\/\/noticiasveraces.com\/index.php?rest_route=\/wp\/v2\/posts\/41539\/revisions"}],"wp:featuredmedia":[{"embeddable":true,"href":"https:\/\/noticiasveraces.com\/index.php?rest_route=\/wp\/v2\/media\/41540"}],"wp:attachment":[{"href":"https:\/\/noticiasveraces.com\/index.php?rest_route=%2Fwp%2Fv2%2Fmedia&parent=41539"}],"wp:term":[{"taxonomy":"category","embeddable":true,"href":"https:\/\/noticiasveraces.com\/index.php?rest_route=%2Fwp%2Fv2%2Fcategories&post=41539"},{"taxonomy":"post_tag","embeddable":true,"href":"https:\/\/noticiasveraces.com\/index.php?rest_route=%2Fwp%2Fv2%2Ftags&post=41539"}],"curies":[{"name":"wp","href":"https:\/\/api.w.org\/{rel}","templated":true}]}}