{"id":41503,"date":"2025-08-22T20:03:25","date_gmt":"2025-08-23T00:03:25","guid":{"rendered":"https:\/\/noticiasveraces.com\/?p=41503"},"modified":"2025-08-22T20:03:25","modified_gmt":"2025-08-23T00:03:25","slug":"brasil-suspende-un-instrumento-eficaz-para-frenar-la-deforestacion-en-la-amazonia","status":"publish","type":"post","link":"https:\/\/noticiasveraces.com\/?p=41503","title":{"rendered":"Brasil suspende un instrumento eficaz para frenar la deforestaci\u00f3n en la Amazonia"},"content":{"rendered":"<p> \n<br \/><img decoding=\"async\" src=\"https:\/\/imagenes.elpais.com\/resizer\/v2\/TXFMWF7Q6NEJ7IO55G2PTU3J5I.jpg?auth=3f8bbb67e39b12be6c2fd3b058dff95c68701a89c7995baf840976c588d95df7\" \/><\/p>\n<div data-dtm-region=\"articulo_cuerpo\">\n<p class=\"\">Brasil acaba de propinar un dur\u00edsimo golpe a un acuerdo que durante dos d\u00e9cadas ha sido crucial para reducir la deforestaci\u00f3n relacionada con el cultivo de soja en la Amazonia. La agencia gubernamental antimonopolio suspendi\u00f3 cautelarmente esta semana la llamada moratoria de la soja, un acuerdo suscrito en 2006 por las principales empresas con la sociedad civil, con apoyo del Gobierno, por el que las compa\u00f1\u00edas comercializadoras se comprometen a no comprar grano procedente de tierras deforestadas despu\u00e9s de julio de 2008. Se considera un caso de \u00e9xito porque en estos a\u00f1os ha demostrado que la producci\u00f3n agr\u00edcola puede aumentar sin necesidad de derribar m\u00e1s \u00e1rboles. Este grave rev\u00e9s ambiental ocurre a menos de tres meses de que Brasil acoja la cumbre del clima de la ONU, la COP30, en la ciudad amaz\u00f3nica de Bel\u00e9m, y cuando presume de la ca\u00edda de la desforestaci\u00f3n.<\/p>\n<p class=\"\">El Ministerio de Medio Ambiente y Cambio Clim\u00e1tico brasile\u00f1o, dirigido por la veterana ecologista Marina Silva, sali\u00f3 inmediatamente en defensa de la eficacia moratoria, que el Gobierno respald\u00f3 desde sus inicios. La ministra y todo el Gabinete son conscientes de que el resto del mundo mide el desempe\u00f1o medioambiental de Brasil por los \u00edndices anuales de deforestaci\u00f3n en la Amazonia, que en 2024 perdi\u00f3 6.288 kil\u00f3metros cuadrados, lo que supone una ca\u00edda del 30%.<\/p>\n<p class=\"\">La suspensi\u00f3n del pacto sobre la soja es un retroceso que pone en riesgo el objetivo de Brasil de eliminar completamente la tala ilegal en la mayor selva tropical del mundo, que es clave para regular la temperatura del planeta y, por tanto, en la lucha contra el calentamiento global.<\/p>\n<p class=\"\">Greenpeace advierte de que la suspensi\u00f3n de la moratoria \u201cafecta a la imagen internacional de los productos agropecuarios brasile\u00f1os y tambi\u00e9n a los esfuerzos del Gobierno federal de intentar construir una imagen de liderazgo en la lucha contra el cambio clim\u00e1tico\u201d, explica al tel\u00e9fono Cristiane Mazzetti, coordinadora del Frente de Deforestaci\u00f3n Cero de la filial brasile\u00f1a de la ONG.<\/p>\n<p class=\"\">Un organismo oficial dedicado a velar por la libre competencia, el CADE (Consejo Administrativo de Defensa Econ\u00f3mica), decidi\u00f3 esta semana que en 10 d\u00edas las 30 empresas firmantes de la moratoria de la soja \u2014incluidas multinacionales claves en el sector como Cargill y Bunge\u2014 deben abandonar el pacto o se arriesgan a multas que podr\u00edan alcanzar el 20% de su facturaci\u00f3n. La agencia antimonopolio sostiene que este acuerdo, voluntario y pionero, es contrario a la libre competencia. Argumenta el CADE que las compa\u00f1\u00edas act\u00faan como un cartel al compartir informaci\u00f3n sensible y, por tanto, perjudican las exportaciones de otros productores de soja. La decisi\u00f3n cautelar del CADE es fruto de una investigaci\u00f3n iniciada a instancias de la Comisi\u00f3n de Agricultura del Congreso, dominada por el poderoso lobby agropecuario.<\/p>\n<p class=\"\">La moratoria ata\u00f1e al cultivo de un solo producto, la soja, pero conviene tener presente que Brasil es el mayor productor mundial de esta legumbre, que se usa para fabricar pienso para animales y peces, y es uno de los pilares de las exportaciones nacionales. <\/p>\n<p class=\"\">\u201cLos resultados alcanzados [por la moratoria] son innegables\u201d, enfatiz\u00f3 el ministerio de Medio Ambiente. \u201cLejos de restringir el mercado, el acuerdo contribuy\u00f3 a consolidar la imagen de Brasil como proveedor confiable de soja producida sin deforestaci\u00f3n ni violaciones socioambientales\u201d. El departamento de Marina Silva ha traducido los efectos de la moratoria en n\u00fameros: la superficie de soja cultivada en la Amazonia se cuadruplic\u00f3 desde que entr\u00f3 en vigor la moratoria, sin generar nuevas \u00e1reas deforestadas. Y otro dato clave que Greenpeace tambi\u00e9n subraya: solo el 3% de la deforestaci\u00f3n en la Amazonia est\u00e1 relacionado con la producci\u00f3n de soja.<\/p>\n<p class=\"\">Aprosoja, la principal patronal del sector, ha saludado la suspensi\u00f3n de la moratoria como \u201cun hito hist\u00f3rico en la defensa de la libre competencia\u201d y una garant\u00eda de seguridad jur\u00eddica.<\/p>\n<p class=\"\">Mazzetti considera que, si la suspensi\u00f3n cautelar del pacto de la soja se convierte en definitiva, existen grandes probabilidades de que aumente la deforestaci\u00f3n porque la demanda de soja sigue aumentando. Eso pondr\u00eda en grave riesgo el compromiso de Brasil de eliminar por completo la tala ilegal en la Amazonia para 2030 y, en consecuencia, de reducir la emisi\u00f3n de gases de efecto invernadero y cumplir las metas que se ha puesto.<\/p>\n<p class=\"\">Pero llueve sobre mojado. Esta decisi\u00f3n, sostiene la representante de Greenpeace, \u201cforma parte de un movimiento mayor de ataques a las pol\u00edticas p\u00fablicas, a los acuerdos multisectoriales y a las leyes\u201d que Brasil ha adoptado en las tres \u00faltimas d\u00e9cadas. El objetivo de estos ataques, detalla Mazzetti, es \u201celiminar las restricciones adoptadas a una manera predatoria de producci\u00f3n agr\u00edcola\u201d.<\/p>\n<p class=\"\">Hace poco m\u00e1s de un mes, el ala m\u00e1s ultra y recalcitrante del sector agropecuario se anot\u00f3 otra victoria, al conseguir que el Congreso brasile\u00f1o flexibilizara notablemente las normas para conceder licencias ambientales. El ataque m\u00e1s da\u00f1ino a la legislaci\u00f3n ambiental en muchos a\u00f1os. Los empresarios agropecuarios m\u00e1s agresivos batallan para que parte de las tierras ind\u00edgenas pierdan la protecci\u00f3n legal que impide abrirlas a los cultivos a gran escala. El presidente Lula y sus aliados est\u00e1n en minor\u00eda en el Congreso.<\/p>\n<p class=\"\">La representante de Greenpeace recalca que este retroceso con la soja va en direcci\u00f3n contraria de lo que el mundo demanda, que son productos libres de deforestaci\u00f3n. Prueba de ello es la legislaci\u00f3n antideforestaci\u00f3n de la Uni\u00f3n Europea, que veta las importaciones de soja, aceite de palma, cacao, caf\u00e9, caucho, ganado y madera de tierras ilegalmente deforestadas despu\u00e9s del 31 de diciembre de 2020. Iba a entrar en vigor el 1 de enero de 2025, pero Brasil, Indonesia y otros pa\u00edses afectados pusieron el grito en el cielo y lograron aplazar un a\u00f1o la aplicaci\u00f3n del veto.<\/p>\n<p class=\"\">El regreso de Lula al poder, en 2023, signific\u00f3 la reconstrucci\u00f3n de la pol\u00edtica de protecci\u00f3n medioambiental que su predecesor, el negacionista Jair Bolsonaro, hab\u00eda dejado en estado comatoso, con el desmantelamiento de los organismos fiscalizadores y un discurso que daba alas a los que expolian la Amazonia. El actual Gobierno ha convertido la defensa del medio ambiente en una de sus banderas, no sin contradicciones que acarrea ser un pa\u00eds petrolero, pero s\u00ed ha aumentado notablemente los medios y los fondos en este cap\u00edtulo, con especial atenci\u00f3n a la lucha contra la tala ilegal, tanto en la Amazonia como en el resto de las regiones.<\/p>\n<h3 class=\"\">Brasil en la lucha contra el cambio clim\u00e1tico<\/h3>\n<p class=\"\">El desembarco de jefes de Estado y de Gobierno llegados de todo el mundo y sus negociadores en la Amazonia, en Bel\u00e9m el pr\u00f3ximo noviembre, para participar en la COP30 supondr\u00e1 la culminaci\u00f3n del compromiso de Lula de devolver a Brasil a la primera l\u00ednea de la lucha global para preservar el planeta. Su primer viaje al extranjero tras ganar las elecciones fue a la cumbre del clima en Egipto, en 2022.<\/p>\n<p class=\"\">Los problemas log\u00edsticos de celebrar una reuni\u00f3n internacional de ese calibre en un lugar de infraestructuras fr\u00e1giles como la Amazonia son un gran desaf\u00edo, como demuestra las dificultades para garantizar alojamiento a los 50.000 invitados. Colosal es tambi\u00e9n el reto de ir construyendo consensos para avanzar en el cumplimiento de los compromisos del Acuerdo de Par\u00eds, que cumple 10 a\u00f1os. Brasil, con anfitri\u00f3n de las pr\u00f3ximas negociaciones, ha apremiado a los pa\u00edses a presentar las metas nacionales de recorte de emisiones de gases efecto invernadero (NDC en la jerga clim\u00e1tica) con el argumento de que son la mejor demostraci\u00f3n del esfuerzo de cada uno para juntos lograr que el planeta sea habitable para las generaciones futuras. <\/p>\n<p class=\"\">Brasil es consciente de que la actual crisis del multilateralismo, la decisi\u00f3n de Donald Trump de abandonar el Acuerdo de Par\u00eds (por segunda vez) y la atenci\u00f3n y recursos internacionales dedicados a las guerras de Ucrania y Gaza merman las posibilidades de alcanzar los consensos necesarios para avanzar con ambici\u00f3n y paso firme en la lucha contra la emergencia clim\u00e1tica. Aunque la gravedad de los incendios, sea en Espa\u00f1a o en Brasil, de las inundaciones, huracanes y dem\u00e1s eventos clim\u00e1ticos extremos son el recordatorio cotidiano del estr\u00e9s al que la humanidad somete al planeta.<\/p>\n<\/div>\n\n","protected":false},"excerpt":{"rendered":"<p>Brasil acaba de propinar un dur\u00edsimo golpe a un acuerdo que durante dos d\u00e9cadas ha sido crucial para reducir la deforestaci\u00f3n relacionada con el cultivo de soja en la Amazonia. La agencia gubernamental antimonopolio suspendi\u00f3 cautelarmente esta semana la llamada moratoria de la soja, un acuerdo suscrito en 2006 por las principales empresas con la &hellip;<\/p>\n","protected":false},"author":1,"featured_media":41505,"comment_status":"open","ping_status":"open","sticky":false,"template":"","format":"standard","meta":{"fifu_image_url":"https:\/\/imagenes.elpais.com\/resizer\/v2\/TXFMWF7Q6NEJ7IO55G2PTU3J5I.jpg?auth=3f8bbb67e39b12be6c2fd3b058dff95c68701a89c7995baf840976c588d95df7&width=1200","fifu_image_alt":"","footnotes":""},"categories":[11],"tags":[],"class_list":["post-41503","post","type-post","status-publish","format-standard","has-post-thumbnail","","category-viaje"],"_links":{"self":[{"href":"https:\/\/noticiasveraces.com\/index.php?rest_route=\/wp\/v2\/posts\/41503","targetHints":{"allow":["GET"]}}],"collection":[{"href":"https:\/\/noticiasveraces.com\/index.php?rest_route=\/wp\/v2\/posts"}],"about":[{"href":"https:\/\/noticiasveraces.com\/index.php?rest_route=\/wp\/v2\/types\/post"}],"author":[{"embeddable":true,"href":"https:\/\/noticiasveraces.com\/index.php?rest_route=\/wp\/v2\/users\/1"}],"replies":[{"embeddable":true,"href":"https:\/\/noticiasveraces.com\/index.php?rest_route=%2Fwp%2Fv2%2Fcomments&post=41503"}],"version-history":[{"count":0,"href":"https:\/\/noticiasveraces.com\/index.php?rest_route=\/wp\/v2\/posts\/41503\/revisions"}],"wp:featuredmedia":[{"embeddable":true,"href":"https:\/\/noticiasveraces.com\/index.php?rest_route=\/wp\/v2\/media\/41505"}],"wp:attachment":[{"href":"https:\/\/noticiasveraces.com\/index.php?rest_route=%2Fwp%2Fv2%2Fmedia&parent=41503"}],"wp:term":[{"taxonomy":"category","embeddable":true,"href":"https:\/\/noticiasveraces.com\/index.php?rest_route=%2Fwp%2Fv2%2Fcategories&post=41503"},{"taxonomy":"post_tag","embeddable":true,"href":"https:\/\/noticiasveraces.com\/index.php?rest_route=%2Fwp%2Fv2%2Ftags&post=41503"}],"curies":[{"name":"wp","href":"https:\/\/api.w.org\/{rel}","templated":true}]}}