{"id":41494,"date":"2025-08-22T16:12:23","date_gmt":"2025-08-22T20:12:23","guid":{"rendered":"https:\/\/noticiasveraces.com\/?p=41494"},"modified":"2025-08-22T16:12:23","modified_gmt":"2025-08-22T20:12:23","slug":"como-puede-afectar-la-sequia-a-la-economia-mundial-dw-22-08-2025","status":"publish","type":"post","link":"https:\/\/noticiasveraces.com\/?p=41494","title":{"rendered":"\u00bfC\u00f3mo puede afectar la sequ\u00eda a la econom\u00eda mundial? \u2013 DW \u2013 22\/08\/2025"},"content":{"rendered":"<p> \n<\/p>\n<div data-tracking-name=\"rich-text\" data-tracking-skip=\"true\">\n<p>El planeta Tierra est\u00e1 compuesto en un 70 por ciento\u00a0de agua, pero tan solo el 0,5 por ciento\u00a0es agua dulce utilizable. Gran parte del agua escasea debido a la creciente demanda, al aumento de las temperaturas y\u00a0la sequ\u00eda.<\/p>\n<p>Unos 2.000 millones de personas en todo el mundo carecen actualmente de acceso regular a agua potable, mientras que la mitad de la poblaci\u00f3n mundial sufre escasez de agua durante una parte del a\u00f1o.<\/p>\n<p>El valor econ\u00f3mico de los ecosistemas de agua dulce en funcionamiento se estim\u00f3 en el 60 por ciento del producto interno\u00a0bruto (PIB) mundial, seg\u00fan la organizaci\u00f3n conservacionista World Wildlife Fund (WWF).<\/p>\n<h2>\u00abNo hay suficiente agua para todos\u201d<\/h2>\n<p>El alto estr\u00e9s h\u00eddrico en los pa\u00edses \u00e1ridos y afectados por la sequ\u00eda en \u00c1frica y Oriente Medio provocar\u00e1 una disminuci\u00f3n del 25 por ciento en sus econom\u00edas en los pr\u00f3ximos 20 a 30 a\u00f1os, se\u00f1al\u00f3 Quentin Grafton, titular de la C\u00e1tedra UNESCO de Econom\u00eda del Agua y profesor de econom\u00eda en la Universidad Nacional Australiana.<\/p>\n<p>\u00abEstamos en un momento cr\u00edtico. Tendremos que adaptarnos mucho m\u00e1s r\u00e1pido\u00bb, afirm\u00f3 en entrevista con DW. Y a medida que la escasez de agua afecte al suministro de alimentos, la actividad econ\u00f3mica y al empleo en esas regiones, podr\u00e1n surgir problemas sociales y pol\u00edticos, explic\u00f3.<\/p>\n<p>Adem\u00e1s, los desplazamientos y la migraci\u00f3n masiva generan inestabilidad en lugares, como el sur de Europa. Y aunque\u00a0los ecosistemas de agua dulce pueden reducir la duraci\u00f3n y la gravedad de las sequ\u00edas, estos se han visto drenados por el desarrollo y el riego excesivo. El mundo ha perdido un tercio de sus humedales desde 1970, se\u00f1ala WWF.<\/p>\n<p>La crisis del agua tambi\u00e9n frenar\u00e1 el auge de las poderosas econom\u00edas en desarrollo. Grafton afirma que India no tiene suficiente agua para mantener, por ejemplo, las centrales el\u00e9ctricas de carb\u00f3n. La poblaci\u00f3n rural pobre de India es la que m\u00e1s sufre la escasez de agua. Las soluciones incluyen programas con represas de tierra\u00a0que retengan mejor las lluvias monz\u00f3nicas antes de la estaci\u00f3n seca.<\/p>\n<p><span data-slot-id=\"Article_InContent-1\" class=\"rich-text-ad\"\/><\/p>\n<h2>Escasez de alimentos<\/h2>\n<p>Los r\u00e9cords de calor y la sequ\u00eda provocan la ralentizaci\u00f3n del caudal de los r\u00edos y la desecaci\u00f3n de lagos y embalses. Todo esto ha diezmado la producci\u00f3n agr\u00edcola, la base de las econom\u00edas de Asia y \u00c1frica.<\/p>\n<p>Durante la grave sequ\u00eda de 2020-2023 en el Cuerno de \u00c1frica, que se agrav\u00f3 cien veces m\u00e1s debido al cambio clim\u00e1tico, murieron unos 13 millones de cabezas de ganado y se perdieron las cosechas, mientras que al menos 20 millones de personas sufrieron una grave escasez de alimentos y la p\u00e9rdida de sus medios de vida.<\/p>\n<figure class=\"placeholder-image master_landscape big\"><img data-format=\"MASTER_LANDSCAPE\" data-id=\"73731734\" data-url=\"https:\/\/static.dw.com\/image\/73731734_${formatId}.jpg\" data-aspect-ratio=\"16\/9\" alt=\"Paisaje con palmeras y la tierra totalemente seca.\" style=\"padding-bottom: 56.25%; height: 0; max-height: 0;\"\/><figcaption class=\"img-caption\">En Ir\u00e1n las personas y el medioambiente sufren por la falta de lluvias. <small class=\"copyright\">Im\u00e1genes: m\u00e1s<\/small><\/figcaption><\/figure>\n<h2>La inminente crisis h\u00eddrica en Europa<\/h2>\n<p>La escasez de agua tambi\u00e9n aumenta en toda Europa, ya que la regi\u00f3n se calienta m\u00e1s r\u00e1pido que cualquier otro continente del planeta, excepto la Ant\u00e1rtida.<\/p>\n<p>Alemania experiment\u00f3 a principios de este a\u00f1o un final de invierno y comienzos de primavera m\u00e1s seco. La sequ\u00eda se extendi\u00f3 por amplias zonas del continente, y los pa\u00edses mediterr\u00e1neos<\/p>\n<p>experimentan\u00a0un calor extremo continuo,incendios forestales y escasez de agua.<\/p>\n<p>Adem\u00e1s, hay sectores industriales compitiendo por los limitados recursos h\u00eddricos, afirma a DW Sergiz Moroz, experto en gesti\u00f3n del agua de la Oficina Europea de Medio Ambiente. \u00abEl sector de las tecnolog\u00edas de la informaci\u00f3n (TI) acude repentinamente a Bruselas y afirma que necesitamos mucha agua de alta calidad para todo el crecimiento que se va a producir\u00bb, explic\u00f3. \u00abLos agricultores vienen y dicen: &#8216;Miren, no podemos cultivar alimentos sin agua'\u00bb.<\/p>\n<p>La UE est\u00e1 abordando el importante consumo de agua de los centros de datos de inform\u00e1tica, cuyos sistemas de refrigeraci\u00f3n consumen enormes cantidades de agua para evitar el sobrecalentamiento. La Estrategia de Resiliencia H\u00eddrica del Bloque, que entrar\u00e1 en vigor en 2026, prev\u00e9 imponer l\u00edmites de uso a las empresas tecnol\u00f3gicas.<\/p>\n<p>Y en Estados Unidos, el acceso al agua disminuye\u00a0\u00aba\u00a0medida que el agua escasea.\u00a0Se prev\u00e9 que \u00abel n\u00famero de personas sin acceso al agua aumente debido a las presiones relacionadas con\u00a0los eventos clim\u00e1ticos relacionados\u00bb, se\u00f1al\u00f3 a DW George McGraw, fundador y director ejecutivo de la organizaci\u00f3n sin fines de lucro de California, DigDeep.<\/p>\n<p>\u00abLa manera m\u00e1s f\u00e1cil de proteger la econom\u00eda estadounidense de estas crisis es universalizar el acceso al agua\u00bb, dijo a DW.<\/p>\n<p>(RMR\/CP)<\/p>\n<\/div>\n\n","protected":false},"excerpt":{"rendered":"<p>El planeta Tierra est\u00e1 compuesto en un 70 por ciento\u00a0de agua, pero tan solo el 0,5 por ciento\u00a0es agua dulce utilizable. Gran parte del agua escasea debido a la creciente demanda, al aumento de las temperaturas y\u00a0la sequ\u00eda. Unos 2.000 millones de personas en todo el mundo carecen actualmente de acceso regular a agua potable, &hellip;<\/p>\n","protected":false},"author":1,"featured_media":41495,"comment_status":"open","ping_status":"open","sticky":false,"template":"","format":"standard","meta":{"fifu_image_url":"https:\/\/static.dw.com\/image\/73611210_6.jpg","fifu_image_alt":"","footnotes":""},"categories":[13],"tags":[],"class_list":["post-41494","post","type-post","status-publish","format-standard","has-post-thumbnail","","category-mundo"],"_links":{"self":[{"href":"https:\/\/noticiasveraces.com\/index.php?rest_route=\/wp\/v2\/posts\/41494","targetHints":{"allow":["GET"]}}],"collection":[{"href":"https:\/\/noticiasveraces.com\/index.php?rest_route=\/wp\/v2\/posts"}],"about":[{"href":"https:\/\/noticiasveraces.com\/index.php?rest_route=\/wp\/v2\/types\/post"}],"author":[{"embeddable":true,"href":"https:\/\/noticiasveraces.com\/index.php?rest_route=\/wp\/v2\/users\/1"}],"replies":[{"embeddable":true,"href":"https:\/\/noticiasveraces.com\/index.php?rest_route=%2Fwp%2Fv2%2Fcomments&post=41494"}],"version-history":[{"count":0,"href":"https:\/\/noticiasveraces.com\/index.php?rest_route=\/wp\/v2\/posts\/41494\/revisions"}],"wp:featuredmedia":[{"embeddable":true,"href":"https:\/\/noticiasveraces.com\/index.php?rest_route=\/wp\/v2\/media\/41495"}],"wp:attachment":[{"href":"https:\/\/noticiasveraces.com\/index.php?rest_route=%2Fwp%2Fv2%2Fmedia&parent=41494"}],"wp:term":[{"taxonomy":"category","embeddable":true,"href":"https:\/\/noticiasveraces.com\/index.php?rest_route=%2Fwp%2Fv2%2Fcategories&post=41494"},{"taxonomy":"post_tag","embeddable":true,"href":"https:\/\/noticiasveraces.com\/index.php?rest_route=%2Fwp%2Fv2%2Ftags&post=41494"}],"curies":[{"name":"wp","href":"https:\/\/api.w.org\/{rel}","templated":true}]}}