{"id":41486,"date":"2025-08-22T15:26:27","date_gmt":"2025-08-22T19:26:27","guid":{"rendered":"https:\/\/noticiasveraces.com\/?p=41486"},"modified":"2025-08-22T15:26:27","modified_gmt":"2025-08-22T19:26:27","slug":"kilmar-abrego-garcia-es-liberado-de-la-custodia-federal-en-tennessee","status":"publish","type":"post","link":"https:\/\/noticiasveraces.com\/?p=41486","title":{"rendered":"Kilmar Abrego Garc\u00eda es liberado de la custodia federal en Tennessee"},"content":{"rendered":"<p> \n<br \/><img decoding=\"async\" src=\"https:\/\/media-cldnry.s-nbcnews.com\/image\/upload\/t_fit_1500w\/rockcms\/2025-04\/250404-Kilmar-Abrego-Garcia-mn-0925-54c684-35b971.jpg\" \/><\/p>\n<div>\n<p id=\"anchor-3eb1c3\" class=\"body-graf\">Kilmar Abrego Garc\u00eda, el hombre que fue deportado injustamente a una prisi\u00f3n de El Salvador y acusado de ser miembro de la pandilla MS-13, fue liberado de la custodia federal el viernes por la tarde despu\u00e9s de la pausa de los 30 d\u00edas de un juez en su liberaci\u00f3n expir\u00f3.<\/p>\n<p id=\"anchor-30b9aa\" class=\"body-graf\">La jueza magistrada estadounidense Barbara Holmes en el Distrito Medio de Tennessee orden\u00f3 la liberaci\u00f3n de Abrego Garc\u00eda de una c\u00e1rcel cerca de Nashville, Tennessee, donde fue retenido desde su liberaci\u00f3n de la prisi\u00f3n Cecot de El Salvador en junio. <\/p>\n<p id=\"anchor-613040\" class=\"body-graf\">Abrego Garc\u00eda est\u00e1 en camino a su familia en Maryland, Sean Hecker, uno de sus abogados, dijo en un comunicado. <\/p>\n<p id=\"anchor-29ed5f\" class=\"body-graf\">Abrego Garc\u00eda fue \u00abarrestado ilegalmente y deportado, y luego encarcelado, todo debido al ataque vengativo del gobierno contra un hombre que ten\u00eda el coraje de luchar contra el continuo asalto de la administraci\u00f3n al estado de derecho\u00bb, dijo Hecker. <\/p>\n<p id=\"anchor-dcb513\" class=\"body-graf\">Los abogados de Abrego Garc\u00eda solicitaron la pausa de 30 d\u00edas que impidi\u00f3 que su cliente caminara libre el mes pasado por temor a que pudiera ser detenido por los agentes federales de inmigraci\u00f3n y cumplimiento de aduanas en su liberaci\u00f3n. <\/p>\n<p id=\"anchor-89121f\" class=\"body-graf\">Esa decisi\u00f3n sigui\u00f3 a otros dos que ten\u00edan como objetivo proteger a Abrego Garc\u00eda. <\/p>\n<p id=\"anchor-18d7e2\" class=\"body-graf\">En julio, el juez de distrito estadounidense Waverly Crenshaw en Nashville busc\u00f3 liberar a Abrego Garc\u00eda. En ese momento, Crenshaw neg\u00f3 una moci\u00f3n del gobierno para bloquear su liberaci\u00f3n, escribiendo que la administraci\u00f3n Trump no hab\u00eda proporcionado evidencia de que Abrego Garc\u00eda debe permanecer detenido o que \u00e9l es un riesgo de fuga. <\/p>\n<p id=\"anchor-9d34d1\" class=\"body-graf\">Tambi\u00e9n el mes pasado, la jueza de distrito estadounidense Paula Xinis en Maryland dictamin\u00f3 que el gobierno de los Estados Unidos \u00abrestaurar\u00e1 a Abrego Garc\u00eda a su orden de supervisi\u00f3n de hielo fuera de la oficina de campo de Baltimore\u00bb.<\/p>\n<p id=\"anchor-3b7013\" class=\"body-graf\">Xinis dijo que su orden de que Abrego Garc\u00eda se coloque bajo la supervisi\u00f3n de hielo en Maryland, donde viv\u00eda con su esposa e hijos antes de ser deportado por error en marzo, es necesario para \u00abproporcionar el tipo de alivio efectivo al que un extranjero retirado injustamente tiene derecho al regreso\u00bb.<\/p>\n<p id=\"anchor-a2aca2\" class=\"body-graf\">La orden de julio, que tambi\u00e9n requiere que el gobierno proporcione 72 horas de previo aviso si tiene la intenci\u00f3n de deportar a Abrego Garc\u00eda a un tercer pa\u00eds, est\u00e1 \u00ablimitada\u00bb para permitir que la administraci\u00f3n Trump inicie \u00abprocedimientos de inmigraci\u00f3n legal\u00bb a la regreso de Abrego Garc\u00eda a Maryland.<\/p>\n<p id=\"anchor-85ece5\" class=\"body-graf\">El caso de Abrego Garc\u00eda se ha convertido en un tema de conversaci\u00f3n central en los esfuerzos de deportaci\u00f3n de la administraci\u00f3n Trump despu\u00e9s de un mes de saga legal de ida y vuelta. <\/p>\n<p id=\"anchor-40aa9b\" class=\"body-graf\">Sus abogados han dicho que Abrego Garc\u00eda, nacido en El Salvador, emigr\u00f3 ilegalmente a los Estados Unidos cuando ten\u00eda 16 a\u00f1os para unirse a su hermano en Maryland por temor a la violencia de las pandillas en su pa\u00eds de origen. <\/p>\n<p id=\"anchor-6f234a\" class=\"body-graf\">Primero fue deportado a Cecot, la notoria mega prisi\u00f3n en El Salvador, en marzo, en lo que el gobierno llam\u00f3 un \u00aberror administrativo\u00bb. <\/p>\n<p id=\"anchor-23de4f\" class=\"body-graf\">La deportaci\u00f3n en conflicto directamente en conflicto con el fallo de un juez 2019 de que Abrego Garc\u00eda no fue deportado y se produjo despu\u00e9s de que fue detenido por la polic\u00eda local y acusado de ser miembro de MS-13, una pandilla del crimen internacional. No fue entregado al hielo en ese caso, y su familia y amigos han negado repetidamente su participaci\u00f3n en el grupo.  <\/p>\n<p id=\"anchor-eb9866\" class=\"body-graf\">Abrego Garc\u00eda fue devuelto a los EE. UU. En junio e inmediatamente acusado federalmente de conspiraci\u00f3n para transportar ilegalmente a extranjeros ilegales para obtener ganancias financieras y transporte ilegal de extranjeros ilegales para obtener ganancias financieras en Nashville.<\/p>\n<p id=\"anchor-1c940d\" class=\"endmark body-graf\">Se declar\u00f3 inocente de ambos cargos. Un juicio por jurado penal en Tennessee por los cargos de trata de personas sigue programada para enero. <\/p>\n<\/div>\n\n","protected":false},"excerpt":{"rendered":"<p>Kilmar Abrego Garc\u00eda, el hombre que fue deportado injustamente a una prisi\u00f3n de El Salvador y acusado de ser miembro de la pandilla MS-13, fue liberado de la custodia federal el viernes por la tarde despu\u00e9s de la pausa de los 30 d\u00edas de un juez en su liberaci\u00f3n expir\u00f3. La jueza magistrada estadounidense Barbara &hellip;<\/p>\n","protected":false},"author":1,"featured_media":41488,"comment_status":"open","ping_status":"open","sticky":false,"template":"","format":"standard","meta":{"fifu_image_url":"https:\/\/media-cldnry.s-nbcnews.com\/image\/upload\/t_nbcnews-fp-1200-630,f_auto,q_auto:best\/rockcms\/2025-04\/250404-Kilmar-Abrego-Garcia-mn-0925-54c684-35b971.jpg","fifu_image_alt":"","footnotes":""},"categories":[4],"tags":[],"class_list":["post-41486","post","type-post","status-publish","format-standard","has-post-thumbnail","","category-historias-destacadas"],"_links":{"self":[{"href":"https:\/\/noticiasveraces.com\/index.php?rest_route=\/wp\/v2\/posts\/41486","targetHints":{"allow":["GET"]}}],"collection":[{"href":"https:\/\/noticiasveraces.com\/index.php?rest_route=\/wp\/v2\/posts"}],"about":[{"href":"https:\/\/noticiasveraces.com\/index.php?rest_route=\/wp\/v2\/types\/post"}],"author":[{"embeddable":true,"href":"https:\/\/noticiasveraces.com\/index.php?rest_route=\/wp\/v2\/users\/1"}],"replies":[{"embeddable":true,"href":"https:\/\/noticiasveraces.com\/index.php?rest_route=%2Fwp%2Fv2%2Fcomments&post=41486"}],"version-history":[{"count":0,"href":"https:\/\/noticiasveraces.com\/index.php?rest_route=\/wp\/v2\/posts\/41486\/revisions"}],"wp:featuredmedia":[{"embeddable":true,"href":"https:\/\/noticiasveraces.com\/index.php?rest_route=\/wp\/v2\/media\/41488"}],"wp:attachment":[{"href":"https:\/\/noticiasveraces.com\/index.php?rest_route=%2Fwp%2Fv2%2Fmedia&parent=41486"}],"wp:term":[{"taxonomy":"category","embeddable":true,"href":"https:\/\/noticiasveraces.com\/index.php?rest_route=%2Fwp%2Fv2%2Fcategories&post=41486"},{"taxonomy":"post_tag","embeddable":true,"href":"https:\/\/noticiasveraces.com\/index.php?rest_route=%2Fwp%2Fv2%2Ftags&post=41486"}],"curies":[{"name":"wp","href":"https:\/\/api.w.org\/{rel}","templated":true}]}}