{"id":41481,"date":"2025-08-22T15:11:44","date_gmt":"2025-08-22T19:11:44","guid":{"rendered":"https:\/\/noticiasveraces.com\/?p=41481"},"modified":"2025-08-22T15:11:44","modified_gmt":"2025-08-22T19:11:44","slug":"arresto-por-el-nord-stream-plantea-preguntas-delicadas-dw-22-08-2025","status":"publish","type":"post","link":"https:\/\/noticiasveraces.com\/?p=41481","title":{"rendered":"Arresto por el Nord Stream plantea preguntas delicadas \u2013 DW \u2013 22\/08\/2025"},"content":{"rendered":"<p> \n<\/p>\n<div data-tracking-name=\"rich-text\" data-tracking-skip=\"true\">\n<p>Tres a\u00f1os despu\u00e9s de la explosi\u00f3n del gasoducto Nord Stream en el mar B\u00e1ltico, se ha arrestado al primer sospechoso. La Fiscal\u00eda Federal Alemana arrest\u00f3 el 21.08.2025 en\u00a0 Italia a un presunto coordinador de la operaci\u00f3n, nacido en Ucrania, mediante una orden de arresto europea. La ministra alemana de Justicia, la socialdem\u00f3crata Stefanie Hubig, habl\u00f3 de un \u00abimpresionante \u00e9xito de la investigaci\u00f3n\u00bb.<\/p>\n<p>Seg\u00fan la Fiscal\u00eda Federal de Alemania , el hombre, identificado por ese organismo como Serhii K., pertenec\u00eda al grupo que coloc\u00f3 los explosivos en los oleoductos cerca de la isla danesa de Bornholm, utilizando un velero que zarp\u00f3 de Rostock, Alemania.<\/p>\n<p>El detenido es sospechoso de ser presuntamente uno de los coordinadores del acto delictivo. La Polic\u00eda italiana lo arrest\u00f3 cerca de R\u00edmini, en el mar Adri\u00e1tico. Serhii K. ser\u00e1 trasladado a Alemania y comparecer\u00e1 ante el juez de instrucci\u00f3n.<\/p>\n<h2>\u00bfV\u00ednculos con Kiev?<\/h2>\n<p>Si se revelara que Serhii K. estuvo realmente detr\u00e1s del atentado, una cuesti\u00f3n pol\u00edticamente delicada es si ten\u00eda v\u00ednculos con el Estado ucraniano o con los l\u00edderes militares, e incluso si posiblemente actu\u00f3 en su nombre. Esto podr\u00eda tensar gravemente las relaciones entre Ucrania y Alemania y poner en tela de juicio el continuo apoyo militar y financiero alem\u00e1n a Ucrania en la guerra contra Rusia.<\/p>\n<p>Sahra Wagenknecht, jefa del partido Alianza Sarah Wagenknecht (BSW, por sus siglas en alem\u00e1n)\u00a0dijo a la agencia noticiosa Reuters que ser\u00eda \u00abcompletamente absurdo\u00bb que el sospechoso actuara \u00absin el respaldo de los l\u00edderes ucranianos y del entonces gobierno de Biden en Estados Unidos\u00bb.\u00a0Por lo tanto, el presidente ucraniano, Volodimir Zelenski, tambi\u00e9n debe declarar ante una comisi\u00f3n de investigaci\u00f3n alemana, exigi\u00f3. \u00abEs completamente absurdo que Alemania gaste miles de millones en ayuda a Ucrania y nunca le haya exigido aclaraciones a Zelenski\u00bb.<\/p>\n<p>\u00abTambi\u00e9n deber\u00edan abordarse las posibles cuestiones de compensaci\u00f3n\u00bb, declar\u00f3 Sahra Wagenknecht, l\u00edder de BSW, quien ha rechazado reiteradamente las sanciones contra Rusia. Su partido no ha tenido representaci\u00f3n en el Bundestag desde las elecciones de febrero de 2025.<\/p>\n<p>Por su parte, el pol\u00edtico de Los Verdes y experto en inteligencia Konstantin von Notz advirti\u00f3 sobre las teor\u00edas conspirativas y pidi\u00f3 m\u00e1s confianza en el Estado de derecho. La ministra de Justicia, Stefanie Hubig, enfatiz\u00f3, no obstante, tras el arresto, que la postura de Alemania sobre la guerra de agresi\u00f3n rusa contra Ucrania no cambiar\u00eda: \u00abNos mantenemos firmemente pol\u00edticamente del lado de Ucrania\u00bb. Dado que Dinamarca y Suecia cerraron sus investigaciones en febrero de 2024, Alemania es ahora el \u00fanico pa\u00eds que investiga oficialmente el caso.<\/p>\n<h2>Cronolog\u00eda del gasoducto Nord Stream<\/h2>\n<p>Nord Stream es un megaproyecto ruso-alem\u00e1n que ha tenido muchos oponentes desde el principio, incluyendo Polonia, Estados Unidos, los pa\u00edses b\u00e1lticos y, especialmente desde el comienzo de la guerra, Ucrania. Por lo tanto, la pregunta durante las investigaciones fue desde un principio: \u00bfqui\u00e9n se beneficia de la explosi\u00f3n?<\/p>\n<p><strong>2005:<\/strong> El gobierno alem\u00e1n, bajo el entonces canciller del Partido Socialdem\u00f3crata Alem\u00e1n (SPD), Gerhard Schr\u00f6der, junto con el gobierno ruso, bajo el presidente Vladimir Putin, firmaron una carta de intenci\u00f3n para construir el gasoducto Nord Stream 1.\u00a0Su objetivo era\u00a0transportar gas ruso a Alemania a trav\u00e9s del mar B\u00e1ltico, evitando los pa\u00edses de tr\u00e1nsito. Las primeras propuestas para esta idea se hicieron en la d\u00e9cada de 1990.<\/p>\n<figure class=\"placeholder-image master_landscape big\"><img data-format=\"MASTER_LANDSCAPE\" data-id=\"40723672\" data-url=\"https:\/\/static.dw.com\/image\/40723672_${formatId}.jpg\" data-aspect-ratio=\"16\/9\" alt=\"Putin y Schr\u00f6der se miran sonrientes cara a cara.\" style=\"padding-bottom: 56.25%; height: 0; max-height: 0;\"\/><figcaption class=\"img-caption\">El presidente ruso, Vladimir Putin, y el entonces canciller alem\u00e1n, Gerhard Schr\u00f6der, fotografiados aqu\u00ed en Hamburgo en 2004. Impulsaron Nord Stream y siguen llev\u00e1ndose bien hasta el d\u00eda de hoy.<small class=\"copyright\">Imagen: J. Bauer\/AP\/Picture-Alliance<\/small><\/figcaption><\/figure>\n<p><strong>2006: <\/strong>Se funda Nord Stream AG para planificar e implementar el proyecto, con participaci\u00f3n de la rusa Gazprom y energ\u00e9ticas europeas.<\/p>\n<p><strong>2010:<\/strong> Comienza la construcci\u00f3n del Nord Stream 1, gasoducto de doble tubo de 1.224 kil\u00f3metros de longitud, que conecta V\u00edborg, en Rusia, con Lubmin, en Alemania.<\/p>\n<p><strong>2011\/2012: <\/strong>Se ponen en servicio ambos gasoductos. Su objetivo era abastecer de gas a Europa durante al menos 50 a\u00f1os. Los costes de construcci\u00f3n ascendieron a 7.400 millones de euros.<\/p>\n<h2>La anexi\u00f3n de Crimea por parte de Rusia no influye<\/h2>\n<p><strong>2013:<\/strong> Comienza la planificaci\u00f3n de Nord Stream 2, dos gasoductos adicionales de 1.250 km que discurrir\u00edan pr\u00e1cticamente en paralelo al existente.<\/p>\n<p><strong>2015: <\/strong>Se firman los primeros contratos para Nord Stream 2. Apenas un a\u00f1o antes, Rusia se hab\u00eda anexionado la pen\u00ednsula ucraniana de Crimea. Para la entonces canciller alemana, Angela Merkel, esto no era motivo para detener el proyecto.<\/p>\n<h2>Aumenta la resistencia contra Nord Stream<\/h2>\n<p><strong>2016: <\/strong>Desde el principio, Ucrania, Polonia y los pa\u00edses b\u00e1lticos mostraron reservas hacia el Nord Stream. La UE tambi\u00e9n emiti\u00f3 advertencias. Tras la primera elecci\u00f3n de Donald Trump como presidente de Estados Unidos, la resistencia estadounidense al proyecto tambi\u00e9n aument\u00f3. Trump advirti\u00f3 sobre la excesiva dependencia de Alemania del suministro energ\u00e9tico ruso. Berl\u00edn lo ve\u00eda como un medio de garantizar la seguridad energ\u00e9tica y de asegurar la paz a trav\u00e9s del comercio.<\/p>\n<p><strong>2018:<\/strong> Comenz\u00f3 la construcci\u00f3n de Nord Stream 2. Merkel reconoci\u00f3 por primera vez que no era s\u00f3lo un proyecto privado, sino que hab\u00eda \u00abfactores pol\u00edticos\u00bb.<\/p>\n<p><strong>2019:<\/strong> Richard Grenell, embajador de Estados Unidos en Berl\u00edn, escribi\u00f3 cartas amenazantes a las empresas alemanas involucradas en Nord Stream.<\/p>\n<p><strong>2021:<\/strong> Se complet\u00f3 Nord Stream 2. Poco despu\u00e9s de asumir el cargo en diciembre, el canciller socialdem\u00f3crata\u00a0Olaf Scholz\u00a0se pronunci\u00f3 en contra de detener el proyecto por motivos pol\u00edticos.\u00a0Describi\u00f3\u00a0el gasoducto como un \u00abproyecto del sector privado\u00bb que debe evaluarse al margen de las relaciones pol\u00edticas con Rusia, que se est\u00e1n volviendo cada vez m\u00e1s dif\u00edciles.<\/p>\n<p><span data-slot-id=\"Article_InContent-1\" class=\"rich-text-ad\"\/><\/p>\n<h2>La guerra lo cambi\u00f3 todo<\/h2>\n<p><strong>22 de febrero de 2022: <\/strong>Ante la agresi\u00f3n rusa contra Ucrania, el canciller Scholz suspendi\u00f3 la certificaci\u00f3n del Nord Stream 2 y, por lo tanto, el proceso de aprobaci\u00f3n.<\/p>\n<p><strong>24 de febrero de 2022:<\/strong> Rusia atac\u00f3 a Ucrania. Los cr\u00edticos del Nord Stream se sintieron reivindicados. Los suministros a trav\u00e9s del Nord Stream 1 continuaron inicialmente, pero las sanciones de la UE a Rusia los mermaron.<\/p>\n<p><strong>Julio\/agosto de 2022:<\/strong> El Nord Stream 1 fue clausurado por Rusia, supuestamente por trabajos de mantenimiento.\u00a0Gazprom achaca los retrasos a una turbina defectuosa. El suministro de gas se reanudar\u00e1 posteriormente de forma limitada, pero finalmente se suspender\u00e1 de nuevo hasta finales de agosto. Seg\u00fan el portavoz del Kremlin, Dmitri Peskov, no se reanudar\u00e1 hasta que se levanten las sanciones contra Rusia.<\/p>\n<h2>\u00bfQui\u00e9n est\u00e1 detr\u00e1s de la explosi\u00f3n?<\/h2>\n<p><strong>26 de septiembre de 2022: <\/strong>Ambos oleoductos del Nord Stream 1 y uno de los dos del Nord Stream 2 explotan cerca de la isla danesa de Bornholm. Enseguida hay sospechas de sabotaje. Alemania, Dinamarca y Suecia inician investigaciones.<\/p>\n<p><strong>2023:<\/strong> Con el tiempo, surgen diversas teor\u00edas sobre qui\u00e9n podr\u00eda estar detr\u00e1s de los ataques. El periodista de investigaci\u00f3n estadounidense Seymour Hersh afirma que Estados Unidos y Noruega volaron los gasoductos. Sin embargo, no puede aportar ninguna prueba.<\/p>\n<p><strong>Agosto de 2024:<\/strong> La Fiscal\u00eda polaca afirma haber recibido una orden de detenci\u00f3n europea emitida por la Fiscal\u00eda Federal Alemana para apresar a un sospechoso presuntamente implicado en los atentados. El sospechoso ucraniano, Volodymyr Z., quien, seg\u00fan fuentes polacas, fue visto por \u00faltima vez en Polonia, habr\u00eda huido a Ucrania a principios de julio. Seg\u00fan informes de prensa, era instructor de buceo. La Fiscal\u00eda polaca explica que las autoridades polacas no actuaron antes alegando un error formal: Alemania no lo\u00a0habr\u00eda inscrito en el Registro Schengen, donde se enumeran las personas buscadas por una orden de detenci\u00f3n europea. Por lo tanto, la Guardia Fronteriza polaca no pudo detener a Volodymyr Z.<\/p>\n<p><strong>21 de agosto de 2025:<\/strong> Carabineros italianos arrestan a Serhii K., un ucraniano buscado por la Fiscal\u00eda Federal Alemana, en el mar Adri\u00e1tico.<\/p>\n<h2>\u00bfQu\u00e9 podr\u00eda suceder a continuaci\u00f3n?<\/h2>\n<p>Al parecer, Nord Stream no est\u00e1 completamente descartado y podr\u00eda convertirse en objeto de un acuerdo entre Estados Unidos y Rusia para resolver la guerra en Ucrania. El ministro de Asuntos Exteriores ruso, Serguei Lavrov, ya hab\u00eda declarado en la televisi\u00f3n estatal en marzo: \u00abEstamos conversando sobre Nord Stream\u00bb.<\/p>\n<p>(LGC\/CP)<\/p>\n<\/div>\n\n","protected":false},"excerpt":{"rendered":"<p>Tres a\u00f1os despu\u00e9s de la explosi\u00f3n del gasoducto Nord Stream en el mar B\u00e1ltico, se ha arrestado al primer sospechoso. La Fiscal\u00eda Federal Alemana arrest\u00f3 el 21.08.2025 en\u00a0 Italia a un presunto coordinador de la operaci\u00f3n, nacido en Ucrania, mediante una orden de arresto europea. La ministra alemana de Justicia, la socialdem\u00f3crata Stefanie Hubig, habl\u00f3 &hellip;<\/p>\n","protected":false},"author":1,"featured_media":41482,"comment_status":"open","ping_status":"open","sticky":false,"template":"","format":"standard","meta":{"fifu_image_url":"https:\/\/static.dw.com\/image\/69956252_6.jpg","fifu_image_alt":"","footnotes":""},"categories":[13],"tags":[],"class_list":["post-41481","post","type-post","status-publish","format-standard","has-post-thumbnail","","category-mundo"],"_links":{"self":[{"href":"https:\/\/noticiasveraces.com\/index.php?rest_route=\/wp\/v2\/posts\/41481","targetHints":{"allow":["GET"]}}],"collection":[{"href":"https:\/\/noticiasveraces.com\/index.php?rest_route=\/wp\/v2\/posts"}],"about":[{"href":"https:\/\/noticiasveraces.com\/index.php?rest_route=\/wp\/v2\/types\/post"}],"author":[{"embeddable":true,"href":"https:\/\/noticiasveraces.com\/index.php?rest_route=\/wp\/v2\/users\/1"}],"replies":[{"embeddable":true,"href":"https:\/\/noticiasveraces.com\/index.php?rest_route=%2Fwp%2Fv2%2Fcomments&post=41481"}],"version-history":[{"count":0,"href":"https:\/\/noticiasveraces.com\/index.php?rest_route=\/wp\/v2\/posts\/41481\/revisions"}],"wp:featuredmedia":[{"embeddable":true,"href":"https:\/\/noticiasveraces.com\/index.php?rest_route=\/wp\/v2\/media\/41482"}],"wp:attachment":[{"href":"https:\/\/noticiasveraces.com\/index.php?rest_route=%2Fwp%2Fv2%2Fmedia&parent=41481"}],"wp:term":[{"taxonomy":"category","embeddable":true,"href":"https:\/\/noticiasveraces.com\/index.php?rest_route=%2Fwp%2Fv2%2Fcategories&post=41481"},{"taxonomy":"post_tag","embeddable":true,"href":"https:\/\/noticiasveraces.com\/index.php?rest_route=%2Fwp%2Fv2%2Ftags&post=41481"}],"curies":[{"name":"wp","href":"https:\/\/api.w.org\/{rel}","templated":true}]}}