{"id":41435,"date":"2025-08-22T05:58:08","date_gmt":"2025-08-22T09:58:08","guid":{"rendered":"https:\/\/noticiasveraces.com\/?p=41435"},"modified":"2025-08-22T05:58:08","modified_gmt":"2025-08-22T09:58:08","slug":"economia-alemana-se-contrae-en-el-segundo-trimestre-dw-22-08-2025","status":"publish","type":"post","link":"https:\/\/noticiasveraces.com\/?p=41435","title":{"rendered":"Econom\u00eda alemana se contrae en el segundo trimestre \u2013 DW \u2013 22\/08\/2025"},"content":{"rendered":"<p> \n<\/p>\n<div data-tracking-name=\"rich-text\" data-tracking-skip=\"true\">\n<p>La econom\u00eda alemana se desaceler\u00f3 m\u00e1s de lo esperado en el segundo trimestre del a\u00f1o, con una ca\u00edda del producto interno bruto (PIB) del 0,3 por ciento en comparaci\u00f3n con el trimestre anterior, inform\u00f3 este viernes (22.08.2025) la Oficina Federal de Estad\u00edstica (Destatis), corrigiendo una primera estimaci\u00f3n que ve\u00eda una ca\u00edda del 0,1 por ciento entre abril y junio.<\/p>\n<p>Ante todo la producci\u00f3n industrial tuvo un desarrollo menos favorable del que se hab\u00eda estimado inicialmente, en parte debido a las turbulencias del comercio mundial y la mala situaci\u00f3n de la cartera de pedidos. Adem\u00e1s, tambi\u00e9n influyeron el empeoramiento de las perspectivas en el mercado laboral y el freno de la din\u00e1mica en la evoluci\u00f3n de los salarios, lo que afecta directamente el consumo privado.<\/p>\n<p>Tras la contracci\u00f3n de la econom\u00eda alemana en 2023 y 2024, la ca\u00edda trimestral revisada aumentar\u00e1 a\u00fan m\u00e1s la presi\u00f3n sobre el gobierno del canciller Friedrich Merz (Uni\u00f3n Cristianodem\u00f3crata, CDU) para que reactive la econom\u00eda, aunque las perspectivas del Bundesbank no son tan halag\u00fce\u00f1as, pues prev\u00e9n un curso de estancamiento para el tercer trimestre.<\/p>\n<h2>M\u00e1s gasto p\u00fablico<\/h2>\n<p>La ca\u00edda del segundo trimestre se produce tras un peque\u00f1o repunte inesperado a principios de a\u00f1o, que Destatis revis\u00f3 a la baja del 0,4 por ciento al 0,3 por ciento. Dicho incremento, seg\u00fan los expertos, respondi\u00f3 a los efectos anticipatorios debido a los planes del presidente de Estados Unidos, Donald Trump, de imponer aranceles a la Uni\u00f3n Europea.<\/p>\n<p>Datos separados de Destatis, tambi\u00e9n publicados este viernes, se\u00f1alan que el gasto p\u00fablico super\u00f3 los ingresos en el primer semestre de 2025. Pese a ello, en relaci\u00f3n con la producci\u00f3n econ\u00f3mica total, el d\u00e9ficit del gobierno federal, los estados federados, los municipios y la seguridad social fue comparativamente bajo, del 1,3 por ciento, seg\u00fan las cifras preliminares.<\/p>\n<p>DZC (DPA, Efe)<\/p>\n<\/div>\n\n","protected":false},"excerpt":{"rendered":"<p>La econom\u00eda alemana se desaceler\u00f3 m\u00e1s de lo esperado en el segundo trimestre del a\u00f1o, con una ca\u00edda del producto interno bruto (PIB) del 0,3 por ciento en comparaci\u00f3n con el trimestre anterior, inform\u00f3 este viernes (22.08.2025) la Oficina Federal de Estad\u00edstica (Destatis), corrigiendo una primera estimaci\u00f3n que ve\u00eda una ca\u00edda del 0,1 por ciento &hellip;<\/p>\n","protected":false},"author":1,"featured_media":41436,"comment_status":"open","ping_status":"open","sticky":false,"template":"","format":"standard","meta":{"fifu_image_url":"https:\/\/static.dw.com\/image\/73457884_6.jpg","fifu_image_alt":"","footnotes":""},"categories":[13],"tags":[],"class_list":["post-41435","post","type-post","status-publish","format-standard","has-post-thumbnail","","category-mundo"],"_links":{"self":[{"href":"https:\/\/noticiasveraces.com\/index.php?rest_route=\/wp\/v2\/posts\/41435","targetHints":{"allow":["GET"]}}],"collection":[{"href":"https:\/\/noticiasveraces.com\/index.php?rest_route=\/wp\/v2\/posts"}],"about":[{"href":"https:\/\/noticiasveraces.com\/index.php?rest_route=\/wp\/v2\/types\/post"}],"author":[{"embeddable":true,"href":"https:\/\/noticiasveraces.com\/index.php?rest_route=\/wp\/v2\/users\/1"}],"replies":[{"embeddable":true,"href":"https:\/\/noticiasveraces.com\/index.php?rest_route=%2Fwp%2Fv2%2Fcomments&post=41435"}],"version-history":[{"count":0,"href":"https:\/\/noticiasveraces.com\/index.php?rest_route=\/wp\/v2\/posts\/41435\/revisions"}],"wp:featuredmedia":[{"embeddable":true,"href":"https:\/\/noticiasveraces.com\/index.php?rest_route=\/wp\/v2\/media\/41436"}],"wp:attachment":[{"href":"https:\/\/noticiasveraces.com\/index.php?rest_route=%2Fwp%2Fv2%2Fmedia&parent=41435"}],"wp:term":[{"taxonomy":"category","embeddable":true,"href":"https:\/\/noticiasveraces.com\/index.php?rest_route=%2Fwp%2Fv2%2Fcategories&post=41435"},{"taxonomy":"post_tag","embeddable":true,"href":"https:\/\/noticiasveraces.com\/index.php?rest_route=%2Fwp%2Fv2%2Ftags&post=41435"}],"curies":[{"name":"wp","href":"https:\/\/api.w.org\/{rel}","templated":true}]}}