{"id":41353,"date":"2025-08-21T16:45:03","date_gmt":"2025-08-21T20:45:03","guid":{"rendered":"https:\/\/noticiasveraces.com\/?p=41353"},"modified":"2025-08-21T16:45:03","modified_gmt":"2025-08-21T20:45:03","slug":"puede-europa-confiar-en-ee-uu-dw-21-08-2025","status":"publish","type":"post","link":"https:\/\/noticiasveraces.com\/?p=41353","title":{"rendered":"\u00bfpuede Europa confiar en EE. UU.? \u2013 DW \u2013 21\/08\/2025"},"content":{"rendered":"<p> \n<\/p>\n<div data-tracking-name=\"rich-text\" data-tracking-skip=\"true\">\n<p>En\u00a0Europa, el balance\u00a0de los gobernantes europeos sobre la reuni\u00f3n en Washington es bastante equilibrado. El viejo continente respira aliviado, porque no hubo enfrentamientos entre el presidente ucraniano,\u00a0Volodimir Zelenski\u00a0, y su hom\u00f3logo estadounidense\u00a0Donald Trump, como ocurri\u00f3 en febrero pasado.\u00a0Pero Trump no pidi\u00f3 un alto el fuego antes del inicio de las negociaciones de paz para Ucrania, una de las demandas centrales de los europeos.<\/p>\n<p>Los europeos aprovecharon al m\u00e1ximo la situaci\u00f3n, afirma en entrevista con DW Niklas Ebert, director del Programa de Seguridad Transatl\u00e1ntica del centro de estudios German Marshall Fund, sin embargo, Europa debe aceptar que la relaci\u00f3n transatl\u00e1ntica ya no es lo que era. Washington no es un socio en el que siempre se pueda confiar, advierte.<\/p>\n<p>Anthony Gardner, exembajador de Estados Unidos ante la Uni\u00f3n Europea durante el mandato de Barack Obama,\u00a0 y asesor en la actualidad, cree que Trump sigue considerando a Europa en gran medida irrelevante. En \u00faltima instancia, el objetivo del actual presidente estadounidense es cerrar un acuerdo que lo\u00a0beneficie, dijo a DW.<\/p>\n<h2>Europa quiere contribuir a la paz<\/h2>\n<p>Sin embargo, la disposici\u00f3n declarada por Estados Unidos a participar en las llamadas garant\u00edas de seguridad para Ucrania se considera un gran avance. A debate est\u00e1n las promesas de protecci\u00f3n similares al Art\u00edculo 5 del Tratado de la OTAN, en el que se estipula la obligaci\u00f3n de prestar asistencia si uno de los socios del tratado es atacado.<\/p>\n<p>Emmanuel Macron le dijo a Trump en\u00a0Washington: \u00abPuede estar seguro de que Europa es muy consciente de que est\u00e1 cumpliendo con la parte que le corresponde en estas garant\u00edas de seguridad para Ucrania; despu\u00e9s de todo, su propia seguridad est\u00e1 claramente en juego\u201d.<\/p>\n<p>Para las futuras garant\u00edas de seguridad, la llamada \u00abcoalici\u00f3n de los dispuestos\u201d es un elemento central, adem\u00e1s del fortalecimiento del Ej\u00e9rcito ucraniano.<\/p>\n<figure class=\"placeholder-image master_landscape big\"><img data-format=\"MASTER_LANDSCAPE\" data-id=\"73704197\" data-url=\"https:\/\/static.dw.com\/image\/73704197_${formatId}.jpg\" data-aspect-ratio=\"16\/9\" alt=\"Pol\u00edticos europeos en la Casa Blanca con Donald Trump.\" style=\"padding-bottom: 56.25%; height: 0; max-height: 0;\"\/><figcaption class=\"img-caption\">\u00bfJuntos o en dos bandos? Donald Trump (de espaldas), con la presidenta de la Comisi\u00f3n Europea, Ursula von der Leyen (izqda.), el canciller alem\u00e1n, Friedrich Merz, el presidente franc\u00e9s, Emmanuel Macron, y el presidente finland\u00e9s, Alexander Stubb.<small class=\"copyright\">Imagen: Picture Alliance\/Newscom\/Daniel Torok<\/small><\/figcaption><\/figure>\n<h2>\u00bfQu\u00e9 es la \u00abcoalici\u00f3n de los dispuestos\u00bb?<\/h2>\n<p>Francia y Gran Breta\u00f1a crearon hace meses la \u00abcoalici\u00f3n de los dispuestos\u00bb. Se estima que cuenta actualmente con unos 30 miembros. Seg\u00fan el presidente del Consejo de la UE, Antonio Costa, adem\u00e1s de pa\u00edses europeos, Canad\u00e1, Turqu\u00eda, Jap\u00f3n y Nueva Zelanda tambi\u00e9n participaron en una conferencia telef\u00f3nica de este grupo.<\/p>\n<p>Tras el fin de las hostilidades en Ucrania, se desplegar\u00e1n \u00abtropas de seguridad\u00bb. Estas tienen como objetivo ayudar a reconstruir las fuerzas terrestres ucranianas y asegurar el espacio mar\u00edtimo y a\u00e9reo del pa\u00eds, seg\u00fan anunci\u00f3 en julio el primer ministro brit\u00e1nico Keir Starmer.<\/p>\n<p>Ebert considera la \u00abcoalici\u00f3n de los dispuestos\u00bb como una \u00abse\u00f1al pol\u00edtica a Washington\u00bb de que Europa est\u00e1 lista para asumir una mayor responsabilidad.<\/p>\n<p>El exembajador Gardner dijo que los europeos est\u00e1n \u00abahora cumpliendo sus promesas\u00bb, y que uno de los motivos de los europeos al hacerlo tambi\u00e9n\u00a0es mantener a los estadounidenses a bordo.<\/p>\n<p><span data-slot-id=\"Article_InContent-1\" class=\"rich-text-ad\"\/><\/p>\n<h2>Ucrania no podr\u00e1 sobrevivir sin EE. UU.<\/h2>\n<p>Una cosa est\u00e1 clara: sin los estadounidenses, las garant\u00edas de seguridad mencionadas ser\u00e1n dif\u00edciles, si no imposibles. Ebert declar\u00f3 a DW que Ucrania depende de EE. UU. en materia de defensa a\u00e9rea y antimisiles, reconocimiento y transporte a\u00e9reo estrat\u00e9gico.<\/p>\n<p>Europa no puede movilizar una fuerza lo suficientemente grande como para establecer eficazmente un posible alto el fuego. Actualmente se est\u00e1 trabajando para formular dichas garant\u00edas de seguridad. Seg\u00fan fuentes brit\u00e1nicas, est\u00e1 prevista una reuni\u00f3n entre EE. UU. y representantes de la \u00abcoalici\u00f3n de los dispuestos\u00bb en los pr\u00f3ximos d\u00edas.<\/p>\n<h2>Trump cuenta con tropas terrestres europeas<\/h2>\n<p>Un tema delicado es el de si deber\u00edan haber tropas terrestres europeas en Ucrania. Si bien el primer ministro brit\u00e1nico se mostr\u00f3 a favor, el Gobierno alem\u00e1n a\u00fan no ha tomado una postura definitiva al respecto.<\/p>\n<p>El exembajador estadounidense Gardner critica que a\u00fan no est\u00e9 del todo claro lo que Europa est\u00e1 dispuesta a hacer. Donald Trump dijo a <em>Fox News<\/em> que asume que Alemania, Francia y Gran Breta\u00f1a enviar\u00e1n tropas terrestres a Ucrania.<\/p>\n<p>La cuesti\u00f3n de las tropas terrestres podr\u00eda ser la pr\u00f3xima prueba para las relaciones transatl\u00e1nticas.<\/p>\n<p>(RMR\/CP)<\/p>\n<\/div>\n\n","protected":false},"excerpt":{"rendered":"<p>En\u00a0Europa, el balance\u00a0de los gobernantes europeos sobre la reuni\u00f3n en Washington es bastante equilibrado. El viejo continente respira aliviado, porque no hubo enfrentamientos entre el presidente ucraniano,\u00a0Volodimir Zelenski\u00a0, y su hom\u00f3logo estadounidense\u00a0Donald Trump, como ocurri\u00f3 en febrero pasado.\u00a0Pero Trump no pidi\u00f3 un alto el fuego antes del inicio de las negociaciones de paz para Ucrania, &hellip;<\/p>\n","protected":false},"author":1,"featured_media":41354,"comment_status":"open","ping_status":"open","sticky":false,"template":"","format":"standard","meta":{"fifu_image_url":"https:\/\/static.dw.com\/image\/73686404_6.jpg","fifu_image_alt":"","footnotes":""},"categories":[13],"tags":[],"class_list":["post-41353","post","type-post","status-publish","format-standard","has-post-thumbnail","","category-mundo"],"_links":{"self":[{"href":"https:\/\/noticiasveraces.com\/index.php?rest_route=\/wp\/v2\/posts\/41353","targetHints":{"allow":["GET"]}}],"collection":[{"href":"https:\/\/noticiasveraces.com\/index.php?rest_route=\/wp\/v2\/posts"}],"about":[{"href":"https:\/\/noticiasveraces.com\/index.php?rest_route=\/wp\/v2\/types\/post"}],"author":[{"embeddable":true,"href":"https:\/\/noticiasveraces.com\/index.php?rest_route=\/wp\/v2\/users\/1"}],"replies":[{"embeddable":true,"href":"https:\/\/noticiasveraces.com\/index.php?rest_route=%2Fwp%2Fv2%2Fcomments&post=41353"}],"version-history":[{"count":0,"href":"https:\/\/noticiasveraces.com\/index.php?rest_route=\/wp\/v2\/posts\/41353\/revisions"}],"wp:featuredmedia":[{"embeddable":true,"href":"https:\/\/noticiasveraces.com\/index.php?rest_route=\/wp\/v2\/media\/41354"}],"wp:attachment":[{"href":"https:\/\/noticiasveraces.com\/index.php?rest_route=%2Fwp%2Fv2%2Fmedia&parent=41353"}],"wp:term":[{"taxonomy":"category","embeddable":true,"href":"https:\/\/noticiasveraces.com\/index.php?rest_route=%2Fwp%2Fv2%2Fcategories&post=41353"},{"taxonomy":"post_tag","embeddable":true,"href":"https:\/\/noticiasveraces.com\/index.php?rest_route=%2Fwp%2Fv2%2Ftags&post=41353"}],"curies":[{"name":"wp","href":"https:\/\/api.w.org\/{rel}","templated":true}]}}