{"id":41314,"date":"2025-08-21T11:39:20","date_gmt":"2025-08-21T15:39:20","guid":{"rendered":"https:\/\/noticiasveraces.com\/?p=41314"},"modified":"2025-08-21T11:39:20","modified_gmt":"2025-08-21T15:39:20","slug":"dron-ruso-que-cayo-en-polonia-venia-desde-bielorrusia-dw-21-08-2025","status":"publish","type":"post","link":"https:\/\/noticiasveraces.com\/?p=41314","title":{"rendered":"Dron ruso que cay\u00f3 en Polonia ven\u00eda desde Bielorrusia \u2013 DW \u2013 21\/08\/2025"},"content":{"rendered":"<p> \n<\/p>\n<div data-tracking-name=\"rich-text\" data-tracking-skip=\"true\">\n<p>El dron ruso que explot\u00f3 el mi\u00e9rcoles en un campo de ma\u00edz en el este de Polonia proced\u00eda muy probablemente de territorio bielorruso, afirm\u00f3 este jueves (21.08.2025) el fiscal que investiga el caso, Grzegorz Trusiewicz, mientras que el Ministerio de Exteriores polaco inform\u00f3 que presentar\u00e1 una protesta oficial ante el embajador de Rusia en Varsovia.<\/p>\n<p>Trusiewicz, que dirige un equipo de investigaci\u00f3n compuesto por otros seis fiscales y un dispositivo de unos 150 militares, declar\u00f3 en una rueda de prensa en Lublin (este), que, teniendo en cuenta los datos de los que dispone, existe \u00abuna alta probabilidad de que el objeto provenga de Bielorrusia\u201d. A\u00f1adi\u00f3 que \u00abcontin\u00faa la b\u00fasqueda de restos, especialmente dispositivos electr\u00f3nicos\u00bb en el maizal de Osiny, a unos 75 kil\u00f3metros de la frontera con Ucrania, donde cay\u00f3 el dron la madrugada del mi\u00e9rcoles.<\/p>\n<p>El general Dariusz Malinowski, confirm\u00f3, por su parte, que \u00abel motor (del dron) es de producci\u00f3n china, con inscripciones probablemente en coreano\u00bb.\u00a0 Se cree que el aparato, una versi\u00f3n rusa de los Shahed iran\u00edes, era del tipo conocido como \u00abse\u00f1uelo\u00bb o \u00abr\u00e9plica\u00bb, un dron sin ojiva de combate y con poca carga explosiva destinado a poner a prueba o confundir los sistemas de detecci\u00f3n antia\u00e9rea.<\/p>\n<h2>Despliegue de aviones por ataque ruso en Ucrania<\/h2>\n<p>El ministro de Exteriores polaco, Rados\u0142aw Sikorski, anunci\u00f3 este jueves que se presentar\u00e1 una queja formal al embajador de la Federaci\u00f3n Rusa que incluir\u00e1 una descripci\u00f3n del caso, una protesta y la exigencia de que no se repitan casos similares. Adem\u00e1s, Sikorski escribi\u00f3 en la plataforma X que \u00abotra violaci\u00f3n de nuestro espacio a\u00e9reo desde el este confirma que la misi\u00f3n m\u00e1s importante de Polonia ante la OTAN es la defensa de nuestro propio territorio\u00bb.<\/p>\n<p>El ministro de Defensa polaco, W\u0142adys\u0142aw Kosiniak-Kamysz, calific\u00f3 ayer el suceso como \u00abuna nueva provocaci\u00f3n\u00bb de la Federaci\u00f3n Rusa y a\u00f1adi\u00f3 que Mosc\u00fa \u00abnunca admitir\u00e1\u00bb su responsabilidad en este caso. Este jueves, en tanto, aviones de combate polacos fueron desplegados debido al masivo ataque con misiles y drones lanzado por Rusia contra Ucrania. No se registraron violaciones del espacio a\u00e9reo polaco.<\/p>\n<p>DZC (Efe, Reuters)<\/p>\n<\/div>\n\n","protected":false},"excerpt":{"rendered":"<p>El dron ruso que explot\u00f3 el mi\u00e9rcoles en un campo de ma\u00edz en el este de Polonia proced\u00eda muy probablemente de territorio bielorruso, afirm\u00f3 este jueves (21.08.2025) el fiscal que investiga el caso, Grzegorz Trusiewicz, mientras que el Ministerio de Exteriores polaco inform\u00f3 que presentar\u00e1 una protesta oficial ante el embajador de Rusia en Varsovia. &hellip;<\/p>\n","protected":false},"author":1,"featured_media":41315,"comment_status":"open","ping_status":"open","sticky":false,"template":"","format":"standard","meta":{"fifu_image_url":"https:\/\/static.dw.com\/image\/73709102_6.jpg","fifu_image_alt":"","footnotes":""},"categories":[13],"tags":[],"class_list":["post-41314","post","type-post","status-publish","format-standard","has-post-thumbnail","","category-mundo"],"_links":{"self":[{"href":"https:\/\/noticiasveraces.com\/index.php?rest_route=\/wp\/v2\/posts\/41314","targetHints":{"allow":["GET"]}}],"collection":[{"href":"https:\/\/noticiasveraces.com\/index.php?rest_route=\/wp\/v2\/posts"}],"about":[{"href":"https:\/\/noticiasveraces.com\/index.php?rest_route=\/wp\/v2\/types\/post"}],"author":[{"embeddable":true,"href":"https:\/\/noticiasveraces.com\/index.php?rest_route=\/wp\/v2\/users\/1"}],"replies":[{"embeddable":true,"href":"https:\/\/noticiasveraces.com\/index.php?rest_route=%2Fwp%2Fv2%2Fcomments&post=41314"}],"version-history":[{"count":0,"href":"https:\/\/noticiasveraces.com\/index.php?rest_route=\/wp\/v2\/posts\/41314\/revisions"}],"wp:featuredmedia":[{"embeddable":true,"href":"https:\/\/noticiasveraces.com\/index.php?rest_route=\/wp\/v2\/media\/41315"}],"wp:attachment":[{"href":"https:\/\/noticiasveraces.com\/index.php?rest_route=%2Fwp%2Fv2%2Fmedia&parent=41314"}],"wp:term":[{"taxonomy":"category","embeddable":true,"href":"https:\/\/noticiasveraces.com\/index.php?rest_route=%2Fwp%2Fv2%2Fcategories&post=41314"},{"taxonomy":"post_tag","embeddable":true,"href":"https:\/\/noticiasveraces.com\/index.php?rest_route=%2Fwp%2Fv2%2Ftags&post=41314"}],"curies":[{"name":"wp","href":"https:\/\/api.w.org\/{rel}","templated":true}]}}