{"id":41303,"date":"2025-08-21T08:35:37","date_gmt":"2025-08-21T12:35:37","guid":{"rendered":"https:\/\/noticiasveraces.com\/?p=41303"},"modified":"2025-08-21T08:35:37","modified_gmt":"2025-08-21T12:35:37","slug":"primer-detenido-por-ataque-contra-el-gasoducto-nord-stream-dw-21-08-2025","status":"publish","type":"post","link":"https:\/\/noticiasveraces.com\/?p=41303","title":{"rendered":"Primer detenido por ataque contra el gasoducto Nord Stream \u2013 DW \u2013 21\/08\/2025"},"content":{"rendered":"<p> \n<\/p>\n<div data-tracking-name=\"rich-text\" data-tracking-skip=\"true\">\n<p>Un ciudadano ucraniano fue detenido este jueves (21.08.2025) por carabineros italianos a petici\u00f3n de la Fiscal\u00eda de Alemania por su supuesta implicaci\u00f3n en el sabotaje contra el gasoducto ruso Nord Stream en 2022. La detenci\u00f3n, la primera en relaci\u00f3n con el medi\u00e1tico caso, se produjo en la provincia de Rimini (centro de Italia) en base a una euroorden emitida por el Tribunal Federal de Justicia el pasado 18 de agosto, detall\u00f3 la fiscal\u00eda en un comunicado.<\/p>\n<p>El detenido, identificado como Sergui K., es sospechoso de haber provocado una explosi\u00f3n, de destrucci\u00f3n de infraestructuras y de sabotaje contrario a la Constituci\u00f3n en base al art\u00edculo 88 del C\u00f3digo Penal de Alemania. La fiscal\u00eda sostiene que el sospechoso formaba parte de un grupo de personas que en septiembre de 2022 colocaron explosivos en los gasoductos Nord Stream 1 y 2 en el lecho del mar B\u00e1ltico.<\/p>\n<p>Aunque hasta ahora se han ido filtrando detalles de la reconstrucci\u00f3n de los hechos que ha realizado la fiscal\u00eda, se trata de la primera vez que \u00e9sta proporciona informaciones p\u00fablicamente sobre el caso, que el Gobierno alem\u00e1n tampoco ha querido comentar en ning\u00fan momento en los \u00faltimos a\u00f1os. El detenido, seg\u00fan las autoridades, fue presuntamente uno de los coordinadores de la operaci\u00f3n contra Nord Stream.<\/p>\n<h2>Gasoductos inutilizados<\/h2>\n<p>De acuerdo con el comunicado, la Fiscal\u00eda cree que el grupo de saboteadores utiliz\u00f3 un yate de vela que zarp\u00f3 del puerto alem\u00e1n de Rostock y que hab\u00eda sido alquilado previamente a trav\u00e9s de intermediarios con documentos de identidad falsificados. El detenido comparecer\u00e1 ante el juez de instrucci\u00f3n del Tribunal Federal de Justicia una vez que haya sido entregado por las autoridades alemanas, concluy\u00f3 la fiscal\u00eda.<\/p>\n<p>Seg\u00fan filtraciones publicadas en los \u00faltimos a\u00f1os, los investigadores piensan que un grupo de ciudadanos ucranianos con conexiones con el Ej\u00e9rcito de ese pa\u00eds est\u00e1 detr\u00e1s del acto de sabotaje, aunque no se sabe hasta qu\u00e9 punto el Gobierno en Kiev estaba al corriente de la operaci\u00f3n.<\/p>\n<p>La explosi\u00f3n, el 26 de septiembre de 2022, dej\u00f3 inutilizado uno de los gasoductos y provoc\u00f3 graves da\u00f1os en el segundo. Por ninguno de ellos transitaba el gas en el momento del ataque, ya que Nord Stream 2 no lleg\u00f3 a inaugurarse, y a trav\u00e9s de Nord Stream 1 la empresa estatal rusa Gazprom hab\u00eda interrumpido poco antes el suministro de gas a Alemania.<\/p>\n<p>DZC (Efe, Reuters)<\/p>\n<\/div>\n\n","protected":false},"excerpt":{"rendered":"<p>Un ciudadano ucraniano fue detenido este jueves (21.08.2025) por carabineros italianos a petici\u00f3n de la Fiscal\u00eda de Alemania por su supuesta implicaci\u00f3n en el sabotaje contra el gasoducto ruso Nord Stream en 2022. La detenci\u00f3n, la primera en relaci\u00f3n con el medi\u00e1tico caso, se produjo en la provincia de Rimini (centro de Italia) en base &hellip;<\/p>\n","protected":false},"author":1,"featured_media":41304,"comment_status":"open","ping_status":"open","sticky":false,"template":"","format":"standard","meta":{"fifu_image_url":"https:\/\/static.dw.com\/image\/63032056_6.jpg","fifu_image_alt":"","footnotes":""},"categories":[13],"tags":[],"class_list":["post-41303","post","type-post","status-publish","format-standard","has-post-thumbnail","","category-mundo"],"_links":{"self":[{"href":"https:\/\/noticiasveraces.com\/index.php?rest_route=\/wp\/v2\/posts\/41303","targetHints":{"allow":["GET"]}}],"collection":[{"href":"https:\/\/noticiasveraces.com\/index.php?rest_route=\/wp\/v2\/posts"}],"about":[{"href":"https:\/\/noticiasveraces.com\/index.php?rest_route=\/wp\/v2\/types\/post"}],"author":[{"embeddable":true,"href":"https:\/\/noticiasveraces.com\/index.php?rest_route=\/wp\/v2\/users\/1"}],"replies":[{"embeddable":true,"href":"https:\/\/noticiasveraces.com\/index.php?rest_route=%2Fwp%2Fv2%2Fcomments&post=41303"}],"version-history":[{"count":0,"href":"https:\/\/noticiasveraces.com\/index.php?rest_route=\/wp\/v2\/posts\/41303\/revisions"}],"wp:featuredmedia":[{"embeddable":true,"href":"https:\/\/noticiasveraces.com\/index.php?rest_route=\/wp\/v2\/media\/41304"}],"wp:attachment":[{"href":"https:\/\/noticiasveraces.com\/index.php?rest_route=%2Fwp%2Fv2%2Fmedia&parent=41303"}],"wp:term":[{"taxonomy":"category","embeddable":true,"href":"https:\/\/noticiasveraces.com\/index.php?rest_route=%2Fwp%2Fv2%2Fcategories&post=41303"},{"taxonomy":"post_tag","embeddable":true,"href":"https:\/\/noticiasveraces.com\/index.php?rest_route=%2Fwp%2Fv2%2Ftags&post=41303"}],"curies":[{"name":"wp","href":"https:\/\/api.w.org\/{rel}","templated":true}]}}