{"id":41292,"date":"2025-08-21T07:33:06","date_gmt":"2025-08-21T11:33:06","guid":{"rendered":"https:\/\/noticiasveraces.com\/?p=41292"},"modified":"2025-08-21T07:33:06","modified_gmt":"2025-08-21T11:33:06","slug":"uganda-alcanza-acuerdo-con-ee-uu-para-albergar-migrantes-dw-21-08-2025","status":"publish","type":"post","link":"https:\/\/noticiasveraces.com\/?p=41292","title":{"rendered":"Uganda alcanza acuerdo con EE.UU. para albergar migrantes \u2013 DW \u2013 21\/08\/2025"},"content":{"rendered":"<p> \n<\/p>\n<div data-tracking-name=\"rich-text\" data-tracking-skip=\"true\">\n<p>El secretario permanente de Relaciones Exteriores de Uganda, Vincent Bagiire, inform\u00f3 este jueves (21.08.2025) a trav\u00e9s de X (Twitter) que el Gobierno de su pa\u00eds hab\u00eda acordado con Estados Unidos acoger a migrantes que no re\u00fanan los requisitos para permanecer en la potencia norteamericana, en un nuevo episodio de la campa\u00f1a de Washington para enviar a esos extranjeros hacia otros territorios.<\/p>\n<p>\u00abEl acuerdo concierne a los ciudadanos de terceros pa\u00edses a los que no se les concede asilo en Estados Unidos, pero que se muestran reacios o tienen dudas sobre regresar a sus pa\u00edses de origen\u00bb, afirm\u00f3 Bagiire a trav\u00e9s de un comunicado, donde detall\u00f3 que se trata de un \u00abacuerdo temporal\u00bb mediante el cual \u00abno se aceptar\u00e1n personas con antecedentes penales ni menores no acompa\u00f1ados\u00bb.<\/p>\n<blockquote class=\"tweet embed\" data-id=\"1958409947495969199\"\/>\n<p>Bagiire tambi\u00e9n declar\u00f3 la preferencia de que sean \u00abpersonas procedentes de pa\u00edses africanos\u00bb las que se trasladen a Uganda. El funcionario agreg\u00f3 que ambas partes siguen trabajando en los detalles del acuerdo, que de cualquier forma se da como algo ya cerrado. La noticia se difunde un d\u00eda despu\u00e9s de que Uganda negara la existencia de este pacto.<\/p>\n<h2>Hay l\u00edmites<\/h2>\n<p>El ministro de Relaciones Internacionales de Uganda, Henry Okello Oryem, dijo a la agencia Associated Press que si bien Uganda es conocida por su pol\u00edtica de brazos abiertos a los refugiados, obviamente hab\u00eda l\u00edmites. Uno de ellos es qu\u00e9 razones tendr\u00eda Uganda para recibir a personas rechazadas por sus propios pa\u00edses. \u00abHablamos de carteles, gente que no los quiere su pa\u00eds. \u00bfC\u00f3mo podr\u00edan integrarse en Uganda?\u201d, pregunt\u00f3.<\/p>\n<p>Uganda no es el \u00fanico pa\u00eds del este de \u00c1frica en llegar a un acuerdo migratorio con Washington: su vecino Ruanda anunci\u00f3 a principios de este mes que acoger\u00e1 hasta 250 migrantes provenientes de Estados Unidos, aunque Washington no ha confirmado dicho pacto. Sud\u00e1n del Sur y Esuatini, en cambio, ya han recibido a unos pocos migrantes, entre ellos algunos con supuestos antecedentes criminales.<\/p>\n<p>DZC (AFP, AP)<\/p>\n<\/div>\n\n","protected":false},"excerpt":{"rendered":"<p>El secretario permanente de Relaciones Exteriores de Uganda, Vincent Bagiire, inform\u00f3 este jueves (21.08.2025) a trav\u00e9s de X (Twitter) que el Gobierno de su pa\u00eds hab\u00eda acordado con Estados Unidos acoger a migrantes que no re\u00fanan los requisitos para permanecer en la potencia norteamericana, en un nuevo episodio de la campa\u00f1a de Washington para enviar &hellip;<\/p>\n","protected":false},"author":1,"featured_media":41293,"comment_status":"open","ping_status":"open","sticky":false,"template":"","format":"standard","meta":{"fifu_image_url":"https:\/\/static.dw.com\/image\/73243007_6.jpg","fifu_image_alt":"","footnotes":""},"categories":[13],"tags":[],"class_list":["post-41292","post","type-post","status-publish","format-standard","has-post-thumbnail","","category-mundo"],"_links":{"self":[{"href":"https:\/\/noticiasveraces.com\/index.php?rest_route=\/wp\/v2\/posts\/41292","targetHints":{"allow":["GET"]}}],"collection":[{"href":"https:\/\/noticiasveraces.com\/index.php?rest_route=\/wp\/v2\/posts"}],"about":[{"href":"https:\/\/noticiasveraces.com\/index.php?rest_route=\/wp\/v2\/types\/post"}],"author":[{"embeddable":true,"href":"https:\/\/noticiasveraces.com\/index.php?rest_route=\/wp\/v2\/users\/1"}],"replies":[{"embeddable":true,"href":"https:\/\/noticiasveraces.com\/index.php?rest_route=%2Fwp%2Fv2%2Fcomments&post=41292"}],"version-history":[{"count":0,"href":"https:\/\/noticiasveraces.com\/index.php?rest_route=\/wp\/v2\/posts\/41292\/revisions"}],"wp:featuredmedia":[{"embeddable":true,"href":"https:\/\/noticiasveraces.com\/index.php?rest_route=\/wp\/v2\/media\/41293"}],"wp:attachment":[{"href":"https:\/\/noticiasveraces.com\/index.php?rest_route=%2Fwp%2Fv2%2Fmedia&parent=41292"}],"wp:term":[{"taxonomy":"category","embeddable":true,"href":"https:\/\/noticiasveraces.com\/index.php?rest_route=%2Fwp%2Fv2%2Fcategories&post=41292"},{"taxonomy":"post_tag","embeddable":true,"href":"https:\/\/noticiasveraces.com\/index.php?rest_route=%2Fwp%2Fv2%2Ftags&post=41292"}],"curies":[{"name":"wp","href":"https:\/\/api.w.org\/{rel}","templated":true}]}}