{"id":41267,"date":"2025-08-21T03:29:06","date_gmt":"2025-08-21T07:29:06","guid":{"rendered":"https:\/\/noticiasveraces.com\/?p=41267"},"modified":"2025-08-21T03:29:06","modified_gmt":"2025-08-21T07:29:06","slug":"europa-dividida-sobre-el-envio-de-tropas-a-ucrania-dw-20-08-2025","status":"publish","type":"post","link":"https:\/\/noticiasveraces.com\/?p=41267","title":{"rendered":"Europa, dividida sobre el env\u00edo de tropas a Ucrania \u2013 DW \u2013 20\/08\/2025"},"content":{"rendered":"<p> \n<\/p>\n<div data-tracking-name=\"rich-text\" data-tracking-skip=\"true\">\n<p>Tras la cumbre sobre Ucrania en Washington, a principios de semana, algunos pa\u00edses occidentales trabajan bajo presi\u00f3n para definir los detalles de unas garant\u00edas de seguridad fiables para Ucrania.<\/p>\n<p>Donald Trump expres\u00f3 su apoyo a dichas garant\u00edas, pero descart\u00f3 categ\u00f3ricamente el despliegue detropas terrestres estadounidenses en Ucrania. En cambio, asumi\u00f3 en declaraciones a <em>Fox News<\/em> que Alemania, Francia y Gran Breta\u00f1a est\u00e1n dispuestos a enviar tropas a ese pa\u00eds para asegurar un camino hacia la paz.<\/p>\n<h2>Alemania: incertidumbre sobre las garant\u00edas de seguridad<\/h2>\n<p>\u00abA\u00fan no se ha concretado c\u00f3mo ser\u00e1 la contribuci\u00f3n alemana a las garant\u00edas de seguridad y eso deber\u00e1 determinarse pol\u00edtica y militarmente\u00bb, declar\u00f3 el ministro de Defensa, Boris Pistorius, frenando as\u00ed las expectativas del presidente estadounidense.<\/p>\n<p>A\u00fan existen demasiadas incertidumbres. \u00abEsto deber\u00e1 debatirse con cuidado. Y estas conversaciones se est\u00e1n llevando a cabo ahora\u00bb, explic\u00f3 el ministro de Relaciones Exteriores alem\u00e1n, Johann Wadephul, en entrevista con DW. \u00abHasta ahora, Alemania ha mostrado una gran disposici\u00f3n a asumir la responsabilidad en este conflicto\u00bb, a\u00f1adi\u00f3.<\/p>\n<p>Sigue sin quedar claro bajo qu\u00e9 mandato crear una fuerza internacional de mantenimiento de la paz de ese tipo. El partido alem\u00e1n de la oposici\u00f3n La Izquierda aboga por una misi\u00f3n de de paz de la ONU y no de la OTAN para evitar una confrontaci\u00f3n directa entre la OTAN y Rusia.<\/p>\n<p><span data-slot-id=\"Article_InContent-1\" class=\"rich-text-ad\"\/><\/p>\n<h2>Gran Breta\u00f1a: \u00bfplanes concretos para Ucrania?<\/h2>\n<p>El primer ministro brit\u00e1nico, Keir Starmer, expres\u00f3 su disposici\u00f3n a enviar tropas brit\u00e1nicas de paz a Ucrania, pero s\u00f3lo despu\u00e9s de un posible fin de la guerra. Londres estar\u00eda entonces dispuesto a asumir un papel de liderazgo, seg\u00fan Starmer. Esto podr\u00eda incluir el despliegue de tropas, por ejemplo, para supervisar un alto el fuego.<\/p>\n<p>En febrero, el peri\u00f3dico brit\u00e1nico <em>El tel\u00e9grafo<\/em> inform\u00f3 que el Gobierno de Londres ya hab\u00eda elaborado un plan concreto: el despliegue de hasta 30.000 soldados de todos los pa\u00edses europeos que deseen intervenir en Ucrania.<\/p>\n<p>Los soldados europeos estar\u00edan estacionados en ciudades y\u00a0puertos, y cerca de infraestructuras especialmente cr\u00edticas, como centrales nucleares, pero\u00a0lejos del frente de guerra. Adem\u00e1s, la misi\u00f3n se basar\u00eda en gran medida en la vigilancia t\u00e9cnica.<\/p>\n<p>Seg\u00fan Starmer, es de esperar que representantes de la llamada \u00abcoalici\u00f3n de los dispuestos\u00bb se re\u00fanan con sus socios estadounidenses esta semana para ultimar las garant\u00edas de seguridad para Kiev.<\/p>\n<h2>Francia: posible despliegue de \u00abmiles de soldados\u00bb<\/h2>\n<p>El presidente franc\u00e9s, Emmanuel Macron, advirti\u00f3 recientemente en la emisora <em>TF1\/LCI <\/em>que \u00abesta paz no debe ser precipitada y debe estar respaldada por garant\u00edas s\u00f3lidas; de lo contrario, volveremos al punto de partida\u00bb.<\/p>\n<p>En marzo, Macron present\u00f3 un plan con \u00abunos pocos miles de soldados por naci\u00f3n\u00bb estacionados en lugares estrat\u00e9gicos, como Kiev, Odesa y Le\u00f3polis. La misi\u00f3n ser\u00eda s\u00f3lo defensiva y servir\u00eda principalmente para la disuasi\u00f3n, el entrenamiento y la estabilizaci\u00f3n.<\/p>\n<p>En el pasado, Francia ya realiz\u00f3 maniobras en condiciones realistas simulando un despliegue en Ucrania, aunque en suelo franc\u00e9s.<\/p>\n<figure class=\"placeholder-image master_landscape big\"><img data-format=\"MASTER_LANDSCAPE\" data-id=\"73686575\" data-url=\"https:\/\/static.dw.com\/image\/73686575_${formatId}.jpg\" data-aspect-ratio=\"16\/9\" alt=\"Volodimir Zelenski y Vladimir Putin.\" style=\"padding-bottom: 56.25%; height: 0; max-height: 0;\"\/><figcaption class=\"img-caption\">Pol\u00edticos europeos esperan que Vladimir Putin y Volodimir Zelenski se re\u00fanan pronto.<small class=\"copyright\">Imagen: Mandel y Andrew.<\/small><\/figcaption><\/figure>\n<h2>\u00bfTropas de paz para Ucrania? Europa sigue dividida<\/h2>\n<p>El panorama en Europa es muy heterog\u00e9neo en cuanto a la participaci\u00f3n de una posible misi\u00f3n internacional de paz en Ucrania. Dinamarca, Suecia, Pa\u00edses Bajos, Espa\u00f1a, Portugal y los pa\u00edses b\u00e1lticos se mostraron dispuestos a participar.<\/p>\n<p>Otros, en cambio, tienen muchas reservas, como Polonia, Hungr\u00eda y Eslovaquia.<\/p>\n<p>Austria e Italia tambi\u00e9n son cautelosos. La primera ministra italiana, Giorgia Meloni, expres\u00f3 su escepticismo sobre el env\u00edo de tropas de la OTAN, y\u00a0prefiere una misi\u00f3n liderada por la ONU.<\/p>\n<h2>No se puede hacer nada sin Rusia<\/h2>\n<p>En cualquier caso, nada puede hacerse sin un acuerdo previo con Mosc\u00fa. Sin embargo, Rusia ha rechazado categ\u00f3ricamente hasta ahora el estacionamiento de tropas de pa\u00edses de la OTAN en Ucrania. Hasta el momento, el Kremlin no ha dado se\u00f1ales de que vaya a cambiar de opini\u00f3n pronto, a pesar de que hay indicios de que el presidente ruso, Vladimir Putin, y el presidente ucraniano, Volodimir Zelenski, podr\u00edan reunirse en persona en las pr\u00f3ximas semanas.<\/p>\n<p>El ministro de Relaciones Exteriores alem\u00e1n fren\u00f3 tales\u00a0expectativas en una entrevista con DW: \u00abRecomiendo esperar a ver si se entablan conversaciones\u00bb. \u00abY, en segundo lugar, si hay conversaciones, si se llega a un acuerdo s\u00f3lido. Todos estamos esperando\u00a0a\u00a0Rusia\u00bb, consign\u00f3\u00a0Wadephul.<\/p>\n<p>(RMR\/CP)<\/p>\n<\/p>\n<\/div>\n\n","protected":false},"excerpt":{"rendered":"<p>Tras la cumbre sobre Ucrania en Washington, a principios de semana, algunos pa\u00edses occidentales trabajan bajo presi\u00f3n para definir los detalles de unas garant\u00edas de seguridad fiables para Ucrania. Donald Trump expres\u00f3 su apoyo a dichas garant\u00edas, pero descart\u00f3 categ\u00f3ricamente el despliegue detropas terrestres estadounidenses en Ucrania. En cambio, asumi\u00f3 en declaraciones a Fox News &hellip;<\/p>\n","protected":false},"author":1,"featured_media":41268,"comment_status":"open","ping_status":"open","sticky":false,"template":"","format":"standard","meta":{"fifu_image_url":"https:\/\/static.dw.com\/image\/73704197_6.jpg","fifu_image_alt":"","footnotes":""},"categories":[13],"tags":[],"class_list":["post-41267","post","type-post","status-publish","format-standard","has-post-thumbnail","","category-mundo"],"_links":{"self":[{"href":"https:\/\/noticiasveraces.com\/index.php?rest_route=\/wp\/v2\/posts\/41267","targetHints":{"allow":["GET"]}}],"collection":[{"href":"https:\/\/noticiasveraces.com\/index.php?rest_route=\/wp\/v2\/posts"}],"about":[{"href":"https:\/\/noticiasveraces.com\/index.php?rest_route=\/wp\/v2\/types\/post"}],"author":[{"embeddable":true,"href":"https:\/\/noticiasveraces.com\/index.php?rest_route=\/wp\/v2\/users\/1"}],"replies":[{"embeddable":true,"href":"https:\/\/noticiasveraces.com\/index.php?rest_route=%2Fwp%2Fv2%2Fcomments&post=41267"}],"version-history":[{"count":0,"href":"https:\/\/noticiasveraces.com\/index.php?rest_route=\/wp\/v2\/posts\/41267\/revisions"}],"wp:featuredmedia":[{"embeddable":true,"href":"https:\/\/noticiasveraces.com\/index.php?rest_route=\/wp\/v2\/media\/41268"}],"wp:attachment":[{"href":"https:\/\/noticiasveraces.com\/index.php?rest_route=%2Fwp%2Fv2%2Fmedia&parent=41267"}],"wp:term":[{"taxonomy":"category","embeddable":true,"href":"https:\/\/noticiasveraces.com\/index.php?rest_route=%2Fwp%2Fv2%2Fcategories&post=41267"},{"taxonomy":"post_tag","embeddable":true,"href":"https:\/\/noticiasveraces.com\/index.php?rest_route=%2Fwp%2Fv2%2Ftags&post=41267"}],"curies":[{"name":"wp","href":"https:\/\/api.w.org\/{rel}","templated":true}]}}