{"id":41259,"date":"2025-08-21T02:28:13","date_gmt":"2025-08-21T06:28:13","guid":{"rendered":"https:\/\/noticiasveraces.com\/?p=41259"},"modified":"2025-08-21T02:28:13","modified_gmt":"2025-08-21T06:28:13","slug":"franceses-se-alistan-como-reservistas-por-temor-a-una-guerra-dw-20-08-2025","status":"publish","type":"post","link":"https:\/\/noticiasveraces.com\/?p=41259","title":{"rendered":"Franceses se alistan como reservistas por temor a una guerra \u2013 DW \u2013 20\/08\/2025"},"content":{"rendered":"<p> \n<\/p>\n<div data-tracking-name=\"rich-text\" data-tracking-skip=\"true\">\n<p>Durante las vacaciones de verano,\u00a0Constance, una estudiante francesa de Derecho, aprendi\u00f3 a marchar al comp\u00e1s, identificar se\u00f1ales de radio y tumbarse boca abajo sobre el cemento caliente apuntando con su rifle a un enemigo imaginario. Recibi\u00f3 su formaci\u00f3n militar b\u00e1sica en un regimiento de la zona de Par\u00eds.<\/p>\n<p>\u00abEs muy importante proteger a nuestro pa\u00eds, especialmente en el contexto tan complicado que estamos viviendo\u00bb, dice la estudiante de la Universidad de la Sorbona. A petici\u00f3n del Ej\u00e9rcito franc\u00e9s, no publicamos los apellidos de las personas que se mencionan en el art\u00edculo.<\/p>\n<p>M\u00e1s de dos d\u00e9cadas despu\u00e9s de que Francia pusiera fin al servicio militar obligatorio, decenas de miles de franceses solicitan ingresar en la reserva.<\/p>\n<p>El n\u00famero de reservistas operativos se ha disparado en la \u00faltima d\u00e9cada, pasando de solo 28.000, en 2014, a m\u00e1s de 46.000, en la actualidad. El Ej\u00e9rcito ha absorbido a m\u00e1s de la mitad de ellos, y el resto se divide aproximadamente entre la Marina y la Fuerza A\u00e9rea.<\/p>\n<figure class=\"placeholder-image master_landscape big\"><img data-format=\"MASTER_LANDSCAPE\" data-id=\"73680301\" data-url=\"https:\/\/static.dw.com\/image\/73680301_${formatId}.jpg\" data-aspect-ratio=\"16\/9\" alt=\"Constance, estudiante de Derecho francesa, sonr\u00ede y conversa con un compa\u00f1ero en su entrenamiento militar como reservista. \" style=\"padding-bottom: 56.25%; height: 0; max-height: 0;\"\/><figcaption class=\"img-caption\">Constance, estudiante de Derecho francesa, en su entrenamiento militar como reservista. <small class=\"copyright\">Imagen: Elizabeth Bryant\/DW<\/small><\/figcaption><\/figure>\n<h2>Macron impulsa inversi\u00f3n militar<\/h2>\n<p>Para 2035, el Gobierno quiere duplicar con creces esas cifras -hasta alcanzar los 105.000 reservistas, es decir, aproximadamente uno por cada dos militares en activo.<\/p>\n<p>Ese objetivo est\u00e1 en consonancia con los planes del presidente franc\u00e9s,\u00a0Emmanuel Macron, de aumentar considerablemente la inversi\u00f3n en el Ej\u00e9rcito, hasta alcanzar los 64.000 millones de euros en 2027, el doble que en 2017, cuando asumi\u00f3 el cargo.<\/p>\n<p>Tambi\u00e9n en otras partes de Europa se observan esfuerzos similares ante la creciente alarma por una Rusia cada vez m\u00e1s agresiva y las dudas sobre si Estados Unidos, bajo la presidencia de Donald Trump, acudir\u00e1 en defensa de Europa.<\/p>\n<p>Para el vicealmirante retirado Patrick Chevallereau, la iniciativa de Macron es \u00abuna buena medida\u00bb, aunque advierte que el presupuesto general del Gobierno a\u00fan debe ser aprobado por el Parlamento franc\u00e9s.<\/p>\n<p>\u00abNo solo necesitamos m\u00e1s gente\u00bb, apunta Chevallereau, analista del Royal United Services Institute, \u00absino que necesitamos m\u00e1s gente especializada en determinados \u00e1mbitos clave\u00bb, como los drones y las tecnolog\u00edas de la informaci\u00f3n, detall\u00f3.<\/p>\n<p><span data-slot-id=\"Article_InContent-1\" class=\"rich-text-ad\"\/><\/p>\n<h2>Entrenamiento riguroso en Versalles<\/h2>\n<p>Los nuevos reservistas son entrenados en lugares como el 24.\u00ba Regimiento de Infanter\u00eda de Versalles, a unos cuatro kil\u00f3metros del famoso castillo.<\/p>\n<p>La teniente Amelie es reservista. En su vida civil trabaja como agente de aduanas. Este verano, supervisa un intenso curso introductorio de dos semanas sobre la vida en el Ej\u00e9rcito.<\/p>\n<p>Con edades comprendidas entre los 17 y los 57 a\u00f1os, sus 51 reclutas pasan jornadas maratonianas de entrenamiento, levant\u00e1ndose a las seis\u00a0de la ma\u00f1ana y acost\u00e1ndose a menudo a medianoche.<\/p>\n<p>\u00abEst\u00e1n aprendiendo a usar y llevar sus armas de forma segura, a marchar juntos, a utilizar una br\u00fajula y equipos de comunicaci\u00f3n\u00bb, cuenta Amelie. \u00abTrabajamos todas las t\u00e9cnicas de combate que utiliza el regimiento\u00bb, agrega.<\/p>\n<p>\u00abEl entrenamiento es muy riguroso\u00bb, dice Constance, la estudiante de Derecho.<\/p>\n<p>Tambi\u00e9n Gabriel, un ingeniero de 23 a\u00f1os, se alist\u00f3 en la reserva porque le preocupa el futuro de su pa\u00eds: \u00abLa guerra est\u00e1 en la frontera de Europa, y es una se\u00f1al para que demos un paso al frente\u00bb.<\/p>\n<p>Asimismo, el atentado terrorista de 2015, en el Bataclan de Par\u00eds, lo motiv\u00f3 a tomar esa decisi\u00f3n: \u00abMe di cuenta de que la \u00e9poca de paz, que hab\u00eda conocido y en la que hab\u00eda crecido, hab\u00eda desaparecido\u00bb.<\/p>\n<figure class=\"placeholder-image master_landscape big\"><img data-format=\"MASTER_LANDSCAPE\" data-id=\"73680349\" data-url=\"https:\/\/static.dw.com\/image\/73680349_${formatId}.jpg\" data-aspect-ratio=\"16\/9\" alt=\"Reservistas formados durante su entrenamiento en Versalles.\" style=\"padding-bottom: 56.25%; height: 0; max-height: 0;\"\/><figcaption class=\"img-caption\">Reservistas formados durante su entrenamiento matutino, en las cercan\u00edas de Versalles.<small class=\"copyright\">Imagen: Elizabeth Bryant\/DW<\/small><\/figcaption><\/figure>\n<p>Europa se apresura a responder a las crecientes preocupaciones en materia de seguridad. Un informe publicado a principios de este a\u00f1o por el centro de an\u00e1lisis Bruegel y el Instituto Kiel de Alemania estima que Europa podr\u00eda necesitar 300.000 soldados m\u00e1s a corto plazo para disuadir la agresi\u00f3n rusa\u00a0sin el apoyo de Estados Unidos.<\/p>\n<h2>M\u00e1s pa\u00edses europeos dan un paso adelante<\/h2>\n<p>Durante la \u00faltima d\u00e9cada, Lituania, Suecia y Letonia han reintroducido el servicio militar obligatorio. Polonia ha anunciado planes para ofrecer formaci\u00f3n militar a 100.000 civiles al a\u00f1o.<\/p>\n<p>Tambi\u00e9n Alemania est\u00e1 llevando a cabo una campa\u00f1a de reclutamiento y, dada la decepcionante respuesta inicial, el ministro de Defensa, Boris Pistorius, advierte de que se podr\u00eda restablecer el servicio militar obligatorio\u00a0si no se presentase un n\u00famero suficiente de voluntarios.<\/p>\n<p>En Francia, por el contrario, las encuestas sugieren un fuerte apoyo al aumento de las Fuerzas Armadas.<\/p>\n<p>Fundado en el siglo XVII, el 24.\u00ba Regimiento de Versalles afirma que est\u00e1 recibiendo una avalancha de solicitudes para sus cursos de formaci\u00f3n. De cada 100 candidatos, solo se seleccionan 40. La paga de un reservista es modesta: oscila entre 40 y 200 euros netos diarios, dependiendo del grado. Y no todos superan el entrenamiento b\u00e1sico.<\/p>\n<p>Cuando los graduados se consideren suficientemente preparados, es probable que muchos se unan a las patrullas nacionales de la Operaci\u00f3n Sentinelle, una operaci\u00f3n de seguridad puesta en marcha tras los atentados terroristas de 2015 en Francia, y que se encarg\u00f3 de la seguridad de los Juegos Ol\u00edmpicos del a\u00f1o pasado. Aquellos con cualificaciones especiales tambi\u00e9n podr\u00edan ser desplegados en el extranjero.<\/p>\n<p>(VT\/CP)<\/p>\n<\/p>\n<\/div>\n\n","protected":false},"excerpt":{"rendered":"<p>Durante las vacaciones de verano,\u00a0Constance, una estudiante francesa de Derecho, aprendi\u00f3 a marchar al comp\u00e1s, identificar se\u00f1ales de radio y tumbarse boca abajo sobre el cemento caliente apuntando con su rifle a un enemigo imaginario. Recibi\u00f3 su formaci\u00f3n militar b\u00e1sica en un regimiento de la zona de Par\u00eds. \u00abEs muy importante proteger a nuestro pa\u00eds, &hellip;<\/p>\n","protected":false},"author":1,"featured_media":41260,"comment_status":"open","ping_status":"open","sticky":false,"template":"","format":"standard","meta":{"fifu_image_url":"https:\/\/static.dw.com\/image\/73680373_6.jpg","fifu_image_alt":"","footnotes":""},"categories":[13],"tags":[],"class_list":["post-41259","post","type-post","status-publish","format-standard","has-post-thumbnail","","category-mundo"],"_links":{"self":[{"href":"https:\/\/noticiasveraces.com\/index.php?rest_route=\/wp\/v2\/posts\/41259","targetHints":{"allow":["GET"]}}],"collection":[{"href":"https:\/\/noticiasveraces.com\/index.php?rest_route=\/wp\/v2\/posts"}],"about":[{"href":"https:\/\/noticiasveraces.com\/index.php?rest_route=\/wp\/v2\/types\/post"}],"author":[{"embeddable":true,"href":"https:\/\/noticiasveraces.com\/index.php?rest_route=\/wp\/v2\/users\/1"}],"replies":[{"embeddable":true,"href":"https:\/\/noticiasveraces.com\/index.php?rest_route=%2Fwp%2Fv2%2Fcomments&post=41259"}],"version-history":[{"count":0,"href":"https:\/\/noticiasveraces.com\/index.php?rest_route=\/wp\/v2\/posts\/41259\/revisions"}],"wp:featuredmedia":[{"embeddable":true,"href":"https:\/\/noticiasveraces.com\/index.php?rest_route=\/wp\/v2\/media\/41260"}],"wp:attachment":[{"href":"https:\/\/noticiasveraces.com\/index.php?rest_route=%2Fwp%2Fv2%2Fmedia&parent=41259"}],"wp:term":[{"taxonomy":"category","embeddable":true,"href":"https:\/\/noticiasveraces.com\/index.php?rest_route=%2Fwp%2Fv2%2Fcategories&post=41259"},{"taxonomy":"post_tag","embeddable":true,"href":"https:\/\/noticiasveraces.com\/index.php?rest_route=%2Fwp%2Fv2%2Ftags&post=41259"}],"curies":[{"name":"wp","href":"https:\/\/api.w.org\/{rel}","templated":true}]}}