{"id":41251,"date":"2025-08-21T00:25:07","date_gmt":"2025-08-21T04:25:07","guid":{"rendered":"https:\/\/noticiasveraces.com\/?p=41251"},"modified":"2025-08-21T00:25:07","modified_gmt":"2025-08-21T04:25:07","slug":"nuevo-comandante-de-la-otan-los-jefes-militares-reafirman-el-apoyo-de-ucrania-en-la-reunion-virtual","status":"publish","type":"post","link":"https:\/\/noticiasveraces.com\/?p=41251","title":{"rendered":"Nuevo comandante de la OTAN, los jefes militares reafirman el apoyo de Ucrania en la reuni\u00f3n virtual"},"content":{"rendered":"<p> \n<\/p>\n<div>\n<div id=\"beyondwords-wrapper\" class=\"beyondwords-wrapper\">\n<p><span class=\"label-bg\">NUEVO<\/span>\u00a1Ahora puedes escuchar art\u00edculos de Fox News!\n  <\/p>\n<\/div>\n<p class=\"speakable\">Los Jefes de Defensa de la OTAN reafirmaron el apoyo a Ucrania en una reuni\u00f3n virtual el mi\u00e9rcoles en Bruselas que incluy\u00f3 a los 32 l\u00edderes militares aliados y present\u00f3 la primera sesi\u00f3n informativa en este formato dirigido por el general de los Estados Unidos Alexus Grynkewich, el nuevo comandante supremo aliado Europa (Saceur).<\/p>\n<p class=\"speakable\">El presidente de los jefes de personal conjuntos de los Estados Unidos, el general Dan Caine, asisti\u00f3 pr\u00e1cticamente a la reuni\u00f3n, junto con Grynkewich, quien tambi\u00e9n lidera el mando europeo de los Estados Unidos, confirmaron los funcionarios estadounidenses a Fox News el martes.<\/p>\n<p>Los funcionarios de la OTAN dijeron en un comunicado que la \u00abdiscusi\u00f3n sincera\u00bb se centr\u00f3 en qu\u00e9 seguridad garantiza que la alianza podr\u00eda proporcionar a Ucrania como parte de un posible acuerdo de paz para poner fin a la guerra de tres a\u00f1os de Rusia.<\/p>\n<p>El coronel Martin O&#8217;Donnell, portavoz de la sede suprema de los poderes aliados de Europa, escribi\u00f3 en X que \u00abel comandante aliado supremo se sinti\u00f3 honrado de informar a los jefes de defensa, el primero en tal formato. Como ha dicho antes,\u00bb estos son tiempos consecuentes \u00ab.\u00bb<\/p>\n<p><strong>Jefes conjuntos, hom\u00f3logos de la OTAN para discutir las garant\u00edas de seguridad de Ucrania despu\u00e9s de que Trump sugiere apoyo a\u00e9reo estadounidense<\/strong><\/p>\n<div class=\"image-ct inline\">\n<div class=\"m\"><picture><source media=\"(max-width: 767px)\" srcset=\"https:\/\/a57.foxnews.com\/static.foxnews.com\/foxnews.com\/content\/uploads\/2025\/08\/343\/192\/gen-caine-ukraine-nato.jpg?ve=1&amp;tl=1, https:\/\/a57.foxnews.com\/static.foxnews.com\/foxnews.com\/content\/uploads\/2025\/08\/686\/384\/gen-caine-ukraine-nato.jpg?ve=1&amp;tl=1 2x\" height=\"192\" width=\"343\"><source media=\"(min-width: 768px) and (max-width: 1023px)\" srcset=\"https:\/\/a57.foxnews.com\/static.foxnews.com\/foxnews.com\/content\/uploads\/2025\/08\/672\/378\/gen-caine-ukraine-nato.jpg?ve=1&amp;tl=1, https:\/\/a57.foxnews.com\/static.foxnews.com\/foxnews.com\/content\/uploads\/2025\/08\/1344\/756\/gen-caine-ukraine-nato.jpg?ve=1&amp;tl=1 2x\" height=\"378\" width=\"672\"><source media=\"(min-width: 1024px) and (max-width: 1279px)\" srcset=\"https:\/\/a57.foxnews.com\/static.foxnews.com\/foxnews.com\/content\/uploads\/2025\/08\/931\/523\/gen-caine-ukraine-nato.jpg?ve=1&amp;tl=1, https:\/\/a57.foxnews.com\/static.foxnews.com\/foxnews.com\/content\/uploads\/2025\/08\/1862\/1046\/gen-caine-ukraine-nato.jpg?ve=1&amp;tl=1 2x\" height=\"523\" width=\"931\"><source media=\"(min-width: 1280px)\" srcset=\"https:\/\/a57.foxnews.com\/static.foxnews.com\/foxnews.com\/content\/uploads\/2025\/08\/720\/405\/gen-caine-ukraine-nato.jpg?ve=1&amp;tl=1, https:\/\/a57.foxnews.com\/static.foxnews.com\/foxnews.com\/content\/uploads\/2025\/08\/1440\/810\/gen-caine-ukraine-nato.jpg?ve=1&amp;tl=1 2x\" height=\"405\" width=\"720\"><img loading=\"lazy\" decoding=\"async\" src=\"https:\/\/a57.foxnews.com\/static.foxnews.com\/foxnews.com\/content\/uploads\/2025\/08\/1200\/675\/gen-caine-ukraine-nato.jpg?ve=1&amp;tl=1\" alt=\"Los jefes de defensa de la OTAN se sientan en una mesa de conferencias con banderas detr\u00e1s de ellos durante una reuni\u00f3n virtual sobre Ucrania\" width=\"1200\" height=\"675\"\/><\/source><\/source><\/source><\/source><\/picture><\/div>\n<div class=\"info\">\n<div class=\"caption\">\n<p><span>Los l\u00edderes militares de la OTAN se re\u00fanen durante una sesi\u00f3n virtual con los 32 jefes de defensa aliados el mi\u00e9rcoles.<\/span> <span>(OTAN)<\/span><\/p>\n<\/div>\n<\/div>\n<\/div>\n<p>\u00abLa OTAN ha enfrentado tiempos importantes antes, y estos solo han hecho que nuestra alianza sea m\u00e1s fuerte. A medida que trabajamos en estos temas importantes, todos nos mantendremos informados, comprometidos y unidos en la defensa de la regi\u00f3n euroatl\u00e1ntica y con el continuo apoyo de la OTAN a Ucrania a medida que contin\u00faa el progreso hacia la paz\u00bb, agreg\u00f3.<\/p>\n<p>El presidente del comit\u00e9 militar de la OTAN tambi\u00e9n elogi\u00f3 las discusiones, escribiendo sobre X que fue una \u00abgran y sincera discusi\u00f3n entre los jefes de defensa de la OTAN\u00bb y una \u00abexcelente actualizaci\u00f3n sobre el entorno de seguridad de nuestro nuevo Saceur, el primero con nosotros\u00bb.<\/p>\n<p>El presidente agreg\u00f3 que la reuni\u00f3n confirm\u00f3 el apoyo a Ucrania, enfatizando el enfoque de la alianza en una \u00abpaz justa, cre\u00edble y duradera\u00bb y elogiando el \u00abcoraje implacable\u00bb de las fuerzas ucranianas.<\/p>\n<p><strong>La &#8216;coalici\u00f3n europea de la forma dispuesta&#8217; un frente unido mientras Trump empuja la cumbre de Putin-Zelenskyy<\/strong><\/p>\n<div class=\"image-ct inline\">\n<div class=\"m\"><picture><source media=\"(max-width: 767px)\" srcset=\"https:\/\/a57.foxnews.com\/static.foxnews.com\/foxnews.com\/content\/uploads\/2025\/08\/343\/192\/nato-saceur-meeting-ukraine.jpg?ve=1&amp;tl=1, https:\/\/a57.foxnews.com\/static.foxnews.com\/foxnews.com\/content\/uploads\/2025\/08\/686\/384\/nato-saceur-meeting-ukraine.jpg?ve=1&amp;tl=1 2x\" height=\"192\" width=\"343\"><source media=\"(min-width: 768px) and (max-width: 1023px)\" srcset=\"https:\/\/a57.foxnews.com\/static.foxnews.com\/foxnews.com\/content\/uploads\/2025\/08\/672\/378\/nato-saceur-meeting-ukraine.jpg?ve=1&amp;tl=1, https:\/\/a57.foxnews.com\/static.foxnews.com\/foxnews.com\/content\/uploads\/2025\/08\/1344\/756\/nato-saceur-meeting-ukraine.jpg?ve=1&amp;tl=1 2x\" height=\"378\" width=\"672\"><source media=\"(min-width: 1024px) and (max-width: 1279px)\" srcset=\"https:\/\/a57.foxnews.com\/static.foxnews.com\/foxnews.com\/content\/uploads\/2025\/08\/931\/523\/nato-saceur-meeting-ukraine.jpg?ve=1&amp;tl=1, https:\/\/a57.foxnews.com\/static.foxnews.com\/foxnews.com\/content\/uploads\/2025\/08\/1862\/1046\/nato-saceur-meeting-ukraine.jpg?ve=1&amp;tl=1 2x\" height=\"523\" width=\"931\"><source media=\"(min-width: 1280px)\" srcset=\"https:\/\/a57.foxnews.com\/static.foxnews.com\/foxnews.com\/content\/uploads\/2025\/08\/720\/405\/nato-saceur-meeting-ukraine.jpg?ve=1&amp;tl=1, https:\/\/a57.foxnews.com\/static.foxnews.com\/foxnews.com\/content\/uploads\/2025\/08\/1440\/810\/nato-saceur-meeting-ukraine.jpg?ve=1&amp;tl=1 2x\" height=\"405\" width=\"720\"><img loading=\"lazy\" decoding=\"async\" src=\"https:\/\/a57.foxnews.com\/static.foxnews.com\/foxnews.com\/content\/uploads\/2025\/08\/1200\/675\/nato-saceur-meeting-ukraine.jpg?ve=1&amp;tl=1\" alt=\"Los jefes de defensa de la OTAN se re\u00fanen en Bruselas con monitores grandes que muestran participantes virtuales de naciones aliadas\" width=\"1200\" height=\"675\"\/><\/source><\/source><\/source><\/source><\/picture><\/div>\n<div class=\"info\">\n<div class=\"caption\">\n<p><span>Los jefes de defensa de la OTAN se re\u00fanen el mi\u00e9rcoles en una sesi\u00f3n virtual.<\/span> <span>(OTAN)<\/span><\/p>\n<\/div>\n<\/div>\n<\/div>\n<p><strong>La OTAN revuelve los aviones de combate cuando Rusia llega cerca de la frontera rumana en Ucrania<\/strong><\/p>\n<p>Seg\u00fan Associated Press, las garant\u00edas de que Ucrania no enfrenta otra invasi\u00f3n se considera fundamentales para cualquier asentamiento, con Kiev presionando por compromisos militares respaldados por Occidente, incluidas armas y entrenamiento. Los aliados europeos est\u00e1n trabajando en opciones para una fuerza de seguridad multinacional que podr\u00eda respaldar un acuerdo de paz.<\/p>\n<p>La sesi\u00f3n virtual del mi\u00e9rcoles se desarroll\u00f3 en el contexto del impulso del presidente Donald Trump para dirigir al presidente ruso Vladimir Putin y al presidente ucraniano Volodymyr Zelenskyy hacia un acuerdo. Trump se reuni\u00f3 con Putin el viernes pasado en Alaska y recibi\u00f3 a los l\u00edderes de Zelenskyy y europeos en la Casa Blanca el lunes. <\/p>\n<p>Las reafirmaciones se producen un d\u00eda despu\u00e9s de que Caine convoc\u00f3 una reuni\u00f3n m\u00e1s peque\u00f1a en Washington con jefes de defensa de Alemania, el Reino Unido, Francia, Finlandia e Italia para prepararse para las discusiones m\u00e1s amplias de la OTAN del mi\u00e9rcoles.<\/p>\n<div class=\"image-ct inline\">\n<div class=\"m\"><picture><source media=\"(max-width: 767px)\" srcset=\"https:\/\/a57.foxnews.com\/static.foxnews.com\/foxnews.com\/content\/uploads\/2025\/08\/343\/192\/nato-ukraine-zoom-meeting.jpg?ve=1&amp;tl=1, https:\/\/a57.foxnews.com\/static.foxnews.com\/foxnews.com\/content\/uploads\/2025\/08\/686\/384\/nato-ukraine-zoom-meeting.jpg?ve=1&amp;tl=1 2x\" height=\"192\" width=\"343\"><source media=\"(min-width: 768px) and (max-width: 1023px)\" srcset=\"https:\/\/a57.foxnews.com\/static.foxnews.com\/foxnews.com\/content\/uploads\/2025\/08\/672\/378\/nato-ukraine-zoom-meeting.jpg?ve=1&amp;tl=1, https:\/\/a57.foxnews.com\/static.foxnews.com\/foxnews.com\/content\/uploads\/2025\/08\/1344\/756\/nato-ukraine-zoom-meeting.jpg?ve=1&amp;tl=1 2x\" height=\"378\" width=\"672\"><source media=\"(min-width: 1024px) and (max-width: 1279px)\" srcset=\"https:\/\/a57.foxnews.com\/static.foxnews.com\/foxnews.com\/content\/uploads\/2025\/08\/931\/523\/nato-ukraine-zoom-meeting.jpg?ve=1&amp;tl=1, https:\/\/a57.foxnews.com\/static.foxnews.com\/foxnews.com\/content\/uploads\/2025\/08\/1862\/1046\/nato-ukraine-zoom-meeting.jpg?ve=1&amp;tl=1 2x\" height=\"523\" width=\"931\"><source media=\"(min-width: 1280px)\" srcset=\"https:\/\/a57.foxnews.com\/static.foxnews.com\/foxnews.com\/content\/uploads\/2025\/08\/720\/405\/nato-ukraine-zoom-meeting.jpg?ve=1&amp;tl=1, https:\/\/a57.foxnews.com\/static.foxnews.com\/foxnews.com\/content\/uploads\/2025\/08\/1440\/810\/nato-ukraine-zoom-meeting.jpg?ve=1&amp;tl=1 2x\" height=\"405\" width=\"720\"><img loading=\"lazy\" decoding=\"async\" src=\"https:\/\/a57.foxnews.com\/static.foxnews.com\/foxnews.com\/content\/uploads\/2025\/08\/1200\/675\/nato-ukraine-zoom-meeting.jpg?ve=1&amp;tl=1\" alt=\"Funcionarios de la OTAN en la sede tienen una conferencia virtual con jefes de defensa aliados para apoyar a Ucrania\" width=\"1200\" height=\"675\"\/><\/source><\/source><\/source><\/source><\/picture><\/div>\n<div class=\"info\">\n<div class=\"caption\">\n<p><span>Los l\u00edderes militares de la OTAN reafirman el apoyo a Ucrania en una reuni\u00f3n virtual con 32 jefes aliados el mi\u00e9rcoles.<\/span> <span>(OTAN)<\/span><\/p>\n<\/div>\n<\/div>\n<\/div>\n<p>El ministro de Relaciones Exteriores ruso, Sergey Lavrov, critic\u00f3 las discusiones de la OTAN sobre la seguridad de Ucrania realizada sin la participaci\u00f3n de Mosc\u00fa, advirtiendo que \u00abesto no funcionar\u00e1\u00bb y prometiendo Rusia \u00abgarantizar\u00eda sus intereses leg\u00edtimos de manera firme y dureza\u00bb, inform\u00f3 Ria Novosti, seg\u00fan AP.<\/p>\n<p><strong>Haga clic aqu\u00ed para obtener la aplicaci\u00f3n Fox News<\/strong><\/p>\n<p>La Casa Blanca no devolvi\u00f3 de inmediato la solicitud de comentarios de Fox News Digital.<\/p>\n<p><i>Associated Press contribuy\u00f3 a este informe.<\/i><\/p>\n<p> <!----> <\/p>\n<div class=\"article-meta\">\n<div class=\"author-bio\">\n<p>Jasmine Baehr es una escritora de noticias de Fox News Digital, donde cubre la pol\u00edtica, el ej\u00e9rcito, la fe y la cultura.<\/p>\n<\/div>\n<\/div>\n<\/div>\n\n","protected":false},"excerpt":{"rendered":"<p>NUEVO\u00a1Ahora puedes escuchar art\u00edculos de Fox News! Los Jefes de Defensa de la OTAN reafirmaron el apoyo a Ucrania en una reuni\u00f3n virtual el mi\u00e9rcoles en Bruselas que incluy\u00f3 a los 32 l\u00edderes militares aliados y present\u00f3 la primera sesi\u00f3n informativa en este formato dirigido por el general de los Estados Unidos Alexus Grynkewich, el &hellip;<\/p>\n","protected":false},"author":1,"featured_media":41253,"comment_status":"open","ping_status":"open","sticky":false,"template":"","format":"standard","meta":{"fifu_image_url":"https:\/\/static.foxnews.com\/foxnews.com\/content\/uploads\/2025\/08\/gen-caine-ukraine-nato.jpg","fifu_image_alt":"","footnotes":""},"categories":[13],"tags":[],"class_list":["post-41251","post","type-post","status-publish","format-standard","has-post-thumbnail","","category-mundo"],"_links":{"self":[{"href":"https:\/\/noticiasveraces.com\/index.php?rest_route=\/wp\/v2\/posts\/41251","targetHints":{"allow":["GET"]}}],"collection":[{"href":"https:\/\/noticiasveraces.com\/index.php?rest_route=\/wp\/v2\/posts"}],"about":[{"href":"https:\/\/noticiasveraces.com\/index.php?rest_route=\/wp\/v2\/types\/post"}],"author":[{"embeddable":true,"href":"https:\/\/noticiasveraces.com\/index.php?rest_route=\/wp\/v2\/users\/1"}],"replies":[{"embeddable":true,"href":"https:\/\/noticiasveraces.com\/index.php?rest_route=%2Fwp%2Fv2%2Fcomments&post=41251"}],"version-history":[{"count":0,"href":"https:\/\/noticiasveraces.com\/index.php?rest_route=\/wp\/v2\/posts\/41251\/revisions"}],"wp:featuredmedia":[{"embeddable":true,"href":"https:\/\/noticiasveraces.com\/index.php?rest_route=\/wp\/v2\/media\/41253"}],"wp:attachment":[{"href":"https:\/\/noticiasveraces.com\/index.php?rest_route=%2Fwp%2Fv2%2Fmedia&parent=41251"}],"wp:term":[{"taxonomy":"category","embeddable":true,"href":"https:\/\/noticiasveraces.com\/index.php?rest_route=%2Fwp%2Fv2%2Fcategories&post=41251"},{"taxonomy":"post_tag","embeddable":true,"href":"https:\/\/noticiasveraces.com\/index.php?rest_route=%2Fwp%2Fv2%2Ftags&post=41251"}],"curies":[{"name":"wp","href":"https:\/\/api.w.org\/{rel}","templated":true}]}}