{"id":41249,"date":"2025-08-20T23:24:06","date_gmt":"2025-08-21T03:24:06","guid":{"rendered":"https:\/\/noticiasveraces.com\/?p=41249"},"modified":"2025-08-20T23:24:06","modified_gmt":"2025-08-21T03:24:06","slug":"kim-elogia-a-su-heroico-ejercito-que-combate-junto-a-rusia-dw-21-08-2025","status":"publish","type":"post","link":"https:\/\/noticiasveraces.com\/?p=41249","title":{"rendered":"Kim elogia a su \u00abheroico\u00bb ej\u00e9rcito que combate junto a Rusia \u2013 DW \u2013 21\/08\/2025"},"content":{"rendered":"<p> \n<\/p>\n<div data-tracking-name=\"rich-text\" data-tracking-skip=\"true\">\n<p>El l\u00edder norcoreano Kim Jong-un elogi\u00f3 a las fuerzas de su pa\u00eds enviadas a apoyar a Rusia en su guerra contra Ucrania, inform\u00f3 este jueves (21.08.2025) la prensa estatal.<\/p>\n<p>Durante una reuni\u00f3n con comandantes, Kim \u00abtransmiti\u00f3 c\u00e1lidos \u00e1nimos\u00bb a los oficiales y los soldados que sirven en la regi\u00f3n rusa de Kursk, report\u00f3 la agencia oficial KCNA.<\/p>\n<p>Agencias de inteligencia surcoreana y occidentales se\u00f1alan que el Norte envi\u00f3 m\u00e1s de 10.000 soldados en 2024 a Kursk, adem\u00e1s de proyectiles de artiller\u00eda, misiles y sistemas de cohetes de largo alcance.<\/p>\n<p>\u00abEl nuestro es un ej\u00e9rcito heroico\u00bb, expres\u00f3 Kim en un discurso a militares de su pa\u00eds en la capital, seg\u00fan KCNA.<\/p>\n<p>\u00abNuestro ej\u00e9rcito hace ahora lo que debi\u00f3 haber hecho y lo que necesita hacer. Lo har\u00e1 en el futuro tambi\u00e9n\u00bb, agreg\u00f3.<\/p>\n<p>Sus declaraciones se dieron en momentos que el presidente estadounidense Donald Trump intensifica los esfuerzos por poner fin a la guerra rusa en Ucrania, que hasta ahora han sido infructuosos.<\/p>\n<p>Rusia y Corea del Norte han forjado v\u00ednculos cada vez m\u00e1s cercanos, con un pacto de defensa mutua firmado el a\u00f1o pasado durante una visita del presidente ruso, Vladimir Putin, al pa\u00eds asi\u00e1tico.<\/p>\n<p>Corea del Norte confirm\u00f3 en abril por primera vez el env\u00edo de un contingente de soldados a la l\u00ednea de frente en Ucrania.<\/p>\n<p>Mg (AFP, Efe)<\/p>\n<\/p>\n<\/div>\n\n","protected":false},"excerpt":{"rendered":"<p>El l\u00edder norcoreano Kim Jong-un elogi\u00f3 a las fuerzas de su pa\u00eds enviadas a apoyar a Rusia en su guerra contra Ucrania, inform\u00f3 este jueves (21.08.2025) la prensa estatal. Durante una reuni\u00f3n con comandantes, Kim \u00abtransmiti\u00f3 c\u00e1lidos \u00e1nimos\u00bb a los oficiales y los soldados que sirven en la regi\u00f3n rusa de Kursk, report\u00f3 la agencia &hellip;<\/p>\n","protected":false},"author":1,"featured_media":41250,"comment_status":"open","ping_status":"open","sticky":false,"template":"","format":"standard","meta":{"fifu_image_url":"https:\/\/static.dw.com\/image\/73256242_6.jpg","fifu_image_alt":"","footnotes":""},"categories":[13],"tags":[],"class_list":["post-41249","post","type-post","status-publish","format-standard","has-post-thumbnail","","category-mundo"],"_links":{"self":[{"href":"https:\/\/noticiasveraces.com\/index.php?rest_route=\/wp\/v2\/posts\/41249","targetHints":{"allow":["GET"]}}],"collection":[{"href":"https:\/\/noticiasveraces.com\/index.php?rest_route=\/wp\/v2\/posts"}],"about":[{"href":"https:\/\/noticiasveraces.com\/index.php?rest_route=\/wp\/v2\/types\/post"}],"author":[{"embeddable":true,"href":"https:\/\/noticiasveraces.com\/index.php?rest_route=\/wp\/v2\/users\/1"}],"replies":[{"embeddable":true,"href":"https:\/\/noticiasveraces.com\/index.php?rest_route=%2Fwp%2Fv2%2Fcomments&post=41249"}],"version-history":[{"count":0,"href":"https:\/\/noticiasveraces.com\/index.php?rest_route=\/wp\/v2\/posts\/41249\/revisions"}],"wp:featuredmedia":[{"embeddable":true,"href":"https:\/\/noticiasveraces.com\/index.php?rest_route=\/wp\/v2\/media\/41250"}],"wp:attachment":[{"href":"https:\/\/noticiasveraces.com\/index.php?rest_route=%2Fwp%2Fv2%2Fmedia&parent=41249"}],"wp:term":[{"taxonomy":"category","embeddable":true,"href":"https:\/\/noticiasveraces.com\/index.php?rest_route=%2Fwp%2Fv2%2Fcategories&post=41249"},{"taxonomy":"post_tag","embeddable":true,"href":"https:\/\/noticiasveraces.com\/index.php?rest_route=%2Fwp%2Fv2%2Ftags&post=41249"}],"curies":[{"name":"wp","href":"https:\/\/api.w.org\/{rel}","templated":true}]}}