{"id":41242,"date":"2025-08-20T21:23:31","date_gmt":"2025-08-21T01:23:31","guid":{"rendered":"https:\/\/noticiasveraces.com\/?p=41242"},"modified":"2025-08-20T21:23:31","modified_gmt":"2025-08-21T01:23:31","slug":"galeria-comercial-de-san-andres-para-emprendedores-nuevo-impulso-municipal","status":"publish","type":"post","link":"https:\/\/noticiasveraces.com\/?p=41242","title":{"rendered":"Galer\u00eda Comercial de San Andr\u00e9s para emprendedores: nuevo impulso municipal"},"content":{"rendered":"<p> \n<\/p>\n<div>\n<p><img decoding=\"async\" class=\"aligncenter lazyload first-post-image\" src=\"https:\/\/www.economiafinanzas.com\/wp-content\/uploads\/2025\/08\/Galeria-Comercial-de-San-Andres-para-emprendedores.jpg\" alt=\"Espacio emprendedor en galer\u00eda comercial de San Andr\u00e9s\" title=\"Espacio emprendedor en galer\u00eda comercial de San Andr\u00e9s\" data-no-lazy=\"true\"\/><img decoding=\"async\" class=\"aligncenter lazyload\" src=\"https:\/\/www.economiafinanzas.com\/wp-content\/uploads\/2025\/08\/Galeria-Comercial-de-San-Andres-para-emprendedores.jpg\" alt=\"Espacio emprendedor en galer\u00eda comercial de San Andr\u00e9s\" title=\"Espacio emprendedor en galer\u00eda comercial de San Andr\u00e9s\"\/><\/p>\n<p><strong>El Ayuntamiento de Murcia ha incorporado el local 9 de la Galer\u00eda de San Andr\u00e9s<\/strong> a la Red de Espacios Emprendedores Municipales. Se trata de un enclave de <strong>24,40 metros cuadrados<\/strong> que facilitar\u00e1 la <strong>instalaci\u00f3n de hasta cuatro iniciativas<\/strong> para poner a prueba sus modelos de negocio en un entorno real y con acompa\u00f1amiento municipal.<\/p>\n<p><strong>Este recurso p\u00fablico<\/strong> se integra junto al <strong>\u00c1rea Comercial Emprendedora de Plaza Circular 1<\/strong> y el <strong>Centro de Iniciativas Municipales (CIMM) de Churra<\/strong>dentro de la L\u00ednea de Actuaci\u00f3n 3.4 de dinamizaci\u00f3n econ\u00f3mica del <strong>Plan de Empleo y Promoci\u00f3n Econ\u00f3mica<\/strong>. La finalidad es <strong>facilitar el testado, la validaci\u00f3n y la consolidaci\u00f3n de proyectos<\/strong>impulsando el comercio de proximidad y la conexi\u00f3n con el tejido empresarial local.<\/p>\n<h2>Qu\u00e9 ofrecer\u00e1 el local 9 de la Galer\u00eda de San Andr\u00e9s<\/h2>\n<p>El espacio, situado en un enclave c\u00e9ntrico del barrio, funcionar\u00e1 como <strong>\u00e1rea de trabajo compartido para emprendedores<\/strong>con capacidad para <strong>cuatro actividades simult\u00e1neas<\/strong>. En el pasado alberg\u00f3 el estudio de <strong>Fotograf\u00edas Salzillo<\/strong>y ahora se orienta a la creaci\u00f3n de <strong>oportunidades para iniciativas con potencial de crecimiento<\/strong> y vocaci\u00f3n de permanencia.<\/p>\n<p>La cesi\u00f3n persigue un objetivo claro: que las <strong>personas promotoras puedan iniciar su actividad en condiciones accesibles<\/strong>con un periodo acotado para comprobar la viabilidad del negocio y, en su caso, dar el salto a una ubicaci\u00f3n definitiva en el mercado.<\/p>\n<h2>Convocatoria y criterios de selecci\u00f3n<\/h2>\n<p>La adjudicaci\u00f3n del local se realizar\u00e1 mediante <strong>baremaci\u00f3n de los proyectos<\/strong> presentados por personas f\u00edsicas o jur\u00eddicas, con una ocupaci\u00f3n inicial de <strong>un a\u00f1o<\/strong>. Se valorar\u00e1 especialmente la <strong>Innovaci\u00f3n<\/strong>la <strong>viabilidad econ\u00f3mica y t\u00e9cnica<\/strong>el <strong>impacto social y ambiental<\/strong>y la <strong>participaci\u00f3n en programas municipales de emprendimiento<\/strong>.<\/p>\n<p>De acuerdo con la <strong>Ordenanza Municipal aprobada en 2020<\/strong>podr\u00e1n optar proyectos con empresas en <strong>fase de desarrollo de hasta tres a\u00f1os<\/strong>otorg\u00e1ndose prioridad a las <strong>iniciativas con menos de un a\u00f1o de antig\u00fcedad<\/strong>. Esta orientaci\u00f3n busca favorecer el <strong>despegue de ideas que est\u00e1n dando sus primeros pasos<\/strong>.<\/p>\n<h2>Tribunal calificador y normativa aplicable<\/h2>\n<p>El proceso contar\u00e1 con un <strong>tribunal calificador<\/strong> presidido por la concejala de <strong>Gobierno Abierto, Promoci\u00f3n Econ\u00f3mica y Empleo<\/strong>, <strong>Mercedes Bernab\u00e9<\/strong>y con la vicepresidencia del concejal de Turismo, Comercio y Consumo, <strong>Jes\u00fas Pacheco<\/strong>. Tambi\u00e9n participar\u00e1n representantes del <strong>tejido empresarial<\/strong> y de servicios municipales vinculados al desarrollo econ\u00f3mico, aportando una perspectiva t\u00e9cnica y sectorial al an\u00e1lisis de las candidaturas.<\/p>\n<p>La regulaci\u00f3n se rige por la <strong>Ordenanza Municipal de Uso de los Espacios Emprendedores<\/strong>que detalla requisitos, puntaciones y obligaciones de las personas adjudicatarias, garantizando un proceso transparente y ajustado a criterios objetivos.<\/p>\n<h2>Calendario de obras y acondicionamiento del espacio<\/h2>\n<p>Los trabajos de adecuaci\u00f3n arrancar\u00e1n <strong>en septiembre<\/strong> y los ejecutar\u00e1 el alumnado (40 personas) del programa municipal de <strong>formaci\u00f3n en construcci\u00f3n sostenible y mantenimiento de edificios<\/strong>. La primera fase consistir\u00e1 en poner el local a punto para su uso, priorizando eficiencia y funcionalidad.<\/p>\n<p>Seg\u00fan fuentes municipales, la intervenci\u00f3n no requiere una <strong>inicio de trabajo espec\u00edfico<\/strong>ya que el alumnado cuenta con contratos laborales de un a\u00f1o vinculados a su itinerario formativo con el Ayuntamiento. Con esta f\u00f3rmula se reducen costes y se refuerza el componente <strong>formativo-pr\u00e1ctico<\/strong> del programa.<\/p>\n<h2>Impacto en el barrio y en la red de apoyo al emprendimiento<\/h2>\n<p>La activaci\u00f3n de este local busca <strong>revitalizar la Galer\u00eda Comercial de San Andr\u00e9s<\/strong>atrayendo actividad y ofreciendo nuevas opciones de consumo y servicios a los vecinos, y facilitando el acceso a microcr\u00e9ditos sociales. Desde la Concejal\u00eda de Turismo, Comercio y Consumo se est\u00e1 trabajando con las <strong>asociaciones de placeros<\/strong> para completar los espacios disponibles en el \u00e1rea comercial del barrio mediante futuras convocatorias.<\/p>\n<p>Este nuevo punto se alinea con la estrategia municipal de <strong>dinamizar el comercio de proximidad<\/strong> y ofrecer <strong>itinerarios de consolidaci\u00f3n empresarial<\/strong>beneficiando tanto a quienes emprenden como al entorno urbano en el que se insertan.<\/p>\n<h2>Voces institucionales y mensaje a los emprendedores<\/h2>\n<p>La concejala <strong>Mercedes Bernab\u00e9<\/strong> destaca que la cesi\u00f3n del local representa una <strong>oportunidad real<\/strong> para quienes necesitan un espacio asequible donde comenzar su proyecto. Por su parte, <strong>Jes\u00fas Pacheco<\/strong> se\u00f1ala la ubicaci\u00f3n estrat\u00e9gica de la galer\u00eda y su potencial para atraer <strong>proyectos con futuro<\/strong>en l\u00ednea con el apoyo municipal al desarrollo econ\u00f3mico.<\/p>\n<p>En declaraciones difundidas por <strong>Hacer frente a Murcia<\/strong>se garantiz\u00f3 que la evaluaci\u00f3n ser\u00e1 <strong>exigente y transparente<\/strong>atendiendo a los m\u00e9ritos de cada propuesta y a su capacidad para generar valor econ\u00f3mico y social en el municipio.<\/p>\n<h2>C\u00f3mo presentar candidaturas y pr\u00f3ximos pasos<\/h2>\n<p>Las personas y entidades interesadas deber\u00e1n ajustar su propuesta a los <strong>criterios de la convocatoria<\/strong> y a la Ordenanza de 2020, prestando especial atenci\u00f3n a la justificaci\u00f3n de la viabilidad, la innovaci\u00f3n y el impacto. La duraci\u00f3n inicial ser\u00e1 de <strong>dulces meses<\/strong>tiempo dise\u00f1ado para validar el modelo y planificar la siguiente fase del negocio.<\/p>\n<p>Una vez finalicen las tareas de acondicionamiento, el Ayuntamiento activar\u00e1 el <strong>procedimiento de adjudicaci\u00f3n<\/strong> con la valoraci\u00f3n t\u00e9cnica correspondiente. La integraci\u00f3n de este local en la <strong>Red de Espacios Emprendedores<\/strong> refuerza la oferta municipal ya activa en Plaza Circular 1 y en el CIMM de Churra.<\/p>\n<p>Con la incorporaci\u00f3n del <strong>Local 9<\/strong> a la red municipal, Murcia avanza en su estrategia de apoyo al emprendimiento: un espacio de <strong>24,40 m\u00b2<\/strong>para <strong>cuatro proyectos en rotaci\u00f3n anual<\/strong> y una selecci\u00f3n basada en <strong>m\u00e9ritos t\u00e9cnicos e impacto social<\/strong>respaldado por obras formativas y por la coordinaci\u00f3n entre \u00e1reas municipales y agentes econ\u00f3micos del entorno.<\/p>\n<div class=\"post-relacionado-wrapper\"><img fetchpriority=\"high\" decoding=\"async\" width=\"300\" height=\"199\" src=\"https:\/\/www.economiafinanzas.com\/wp-content\/uploads\/2016\/01\/microcr%C3%A9ditos-sociales-m%C3%A1s-favorables-300x199.jpg\" class=\"attachment-medium size-medium wp-post-image\" alt=\"\" srcset=\"https:\/\/www.economiafinanzas.com\/wp-content\/uploads\/2016\/01\/microcr\u00e9ditos-sociales-m\u00e1s-favorables-300x199.jpg 300w, https:\/\/www.economiafinanzas.com\/wp-content\/uploads\/2016\/01\/microcr\u00e9ditos-sociales-m\u00e1s-favorables-768x508.jpg 768w, https:\/\/www.economiafinanzas.com\/wp-content\/uploads\/2016\/01\/microcr\u00e9ditos-sociales-m\u00e1s-favorables-1024x678.jpg 1024w, https:\/\/www.economiafinanzas.com\/wp-content\/uploads\/2016\/01\/microcr\u00e9ditos-sociales-m\u00e1s-favorables-830x549.jpg 830w, https:\/\/www.economiafinanzas.com\/wp-content\/uploads\/2016\/01\/microcr\u00e9ditos-sociales-m\u00e1s-favorables-400x265.jpg 400w, https:\/\/www.economiafinanzas.com\/wp-content\/uploads\/2016\/01\/microcr\u00e9ditos-sociales-m\u00e1s-favorables-453x300.jpg 453w, https:\/\/www.economiafinanzas.com\/wp-content\/uploads\/2016\/01\/microcr\u00e9ditos-sociales-m\u00e1s-favorables-900x596.jpg 900w, https:\/\/www.economiafinanzas.com\/wp-content\/uploads\/2016\/01\/microcr\u00e9ditos-sociales-m\u00e1s-favorables.jpg 1280w\" sizes=\"(max-width: 300px) 100vw, 300px\"\/><\/p>\n<div>\n<p>Art\u00edculo relacionado:<\/p>\n<p>Microcr\u00e9ditos sociales, \u00bfqu\u00e9 son y quienes los conceden?<\/p>\n<\/div>\n<\/div>\n<p> <!-- CONTENT END 1 --> <\/div>\n\n","protected":false},"excerpt":{"rendered":"<p>El Ayuntamiento de Murcia ha incorporado el local 9 de la Galer\u00eda de San Andr\u00e9s a la Red de Espacios Emprendedores Municipales. Se trata de un enclave de 24,40 metros cuadrados que facilitar\u00e1 la instalaci\u00f3n de hasta cuatro iniciativas para poner a prueba sus modelos de negocio en un entorno real y con acompa\u00f1amiento municipal. &hellip;<\/p>\n","protected":false},"author":1,"featured_media":41244,"comment_status":"open","ping_status":"open","sticky":false,"template":"","format":"standard","meta":{"fifu_image_url":"https:\/\/www.economiafinanzas.com\/wp-content\/uploads\/2025\/08\/Galeria-Comercial-de-San-Andres-para-emprendedores.jpg","fifu_image_alt":"","footnotes":""},"categories":[3],"tags":[],"class_list":["post-41242","post","type-post","status-publish","format-standard","has-post-thumbnail","","category-negocio"],"_links":{"self":[{"href":"https:\/\/noticiasveraces.com\/index.php?rest_route=\/wp\/v2\/posts\/41242","targetHints":{"allow":["GET"]}}],"collection":[{"href":"https:\/\/noticiasveraces.com\/index.php?rest_route=\/wp\/v2\/posts"}],"about":[{"href":"https:\/\/noticiasveraces.com\/index.php?rest_route=\/wp\/v2\/types\/post"}],"author":[{"embeddable":true,"href":"https:\/\/noticiasveraces.com\/index.php?rest_route=\/wp\/v2\/users\/1"}],"replies":[{"embeddable":true,"href":"https:\/\/noticiasveraces.com\/index.php?rest_route=%2Fwp%2Fv2%2Fcomments&post=41242"}],"version-history":[{"count":0,"href":"https:\/\/noticiasveraces.com\/index.php?rest_route=\/wp\/v2\/posts\/41242\/revisions"}],"wp:featuredmedia":[{"embeddable":true,"href":"https:\/\/noticiasveraces.com\/index.php?rest_route=\/wp\/v2\/media\/41244"}],"wp:attachment":[{"href":"https:\/\/noticiasveraces.com\/index.php?rest_route=%2Fwp%2Fv2%2Fmedia&parent=41242"}],"wp:term":[{"taxonomy":"category","embeddable":true,"href":"https:\/\/noticiasveraces.com\/index.php?rest_route=%2Fwp%2Fv2%2Fcategories&post=41242"},{"taxonomy":"post_tag","embeddable":true,"href":"https:\/\/noticiasveraces.com\/index.php?rest_route=%2Fwp%2Fv2%2Ftags&post=41242"}],"curies":[{"name":"wp","href":"https:\/\/api.w.org\/{rel}","templated":true}]}}