{"id":41220,"date":"2025-08-20T20:21:08","date_gmt":"2025-08-21T00:21:08","guid":{"rendered":"https:\/\/noticiasveraces.com\/?p=41220"},"modified":"2025-08-20T20:21:08","modified_gmt":"2025-08-21T00:21:08","slug":"el-papa-leo-xiv-se-muda-al-apartamento-papal-con-cuatro-amigos-cercanos-en-el-vaticano","status":"publish","type":"post","link":"https:\/\/noticiasveraces.com\/?p=41220","title":{"rendered":"El Papa Leo XIV se muda al apartamento papal con cuatro amigos cercanos en el Vaticano"},"content":{"rendered":"<p> \n<\/p>\n<div>\n<div id=\"beyondwords-wrapper\" class=\"beyondwords-wrapper\">\n<p><span class=\"label-bg\">NUEVO<\/span>\u00a1Ahora puedes escuchar art\u00edculos de Fox News!\n  <\/p>\n<\/div>\n<p class=\"speakable\">El Papa Leo XIV est\u00e1 sacudiendo la tradici\u00f3n en el Vaticano, mudando a un apartamento papal recientemente renovado y trayendo a cuatro compa\u00f1eros de cuarto, seg\u00fan los informes.<\/p>\n<p class=\"speakable\">Leo planea compartir su nueva residencia, que est\u00e1 experimentando una importante renovaci\u00f3n, marcando la primera vez en la historia moderna de que un Papa ha decidido vivir comunalmente en los cuartos oficiales del palacio, inform\u00f3 el Telegraph.<\/p>\n<p>\u00abParece ser nuevo para m\u00ed\u00bb, dijo el corresponsal del Vaticano Iacopo Scaramuzzi al Reino Unido Outlet. \u00abNo s\u00e9 si eso tiene en cuenta la larga historia de la iglesia, pero ciertamente en la era moderna\u00bb.<\/p>\n<p>Entre los informes, se unen a \u00e9l, se encuentra su secretario personal peruano, el padre Edgard Rimaycuna, quien a menudo se ve al lado de Leo. Un asesor de confianza y amigo cercano desde los primeros a\u00f1os pastorales del Papa en Am\u00e9rica del Sur, el padre Edgard, es considerado uno de los compa\u00f1eros m\u00e1s leales de Leo.<\/p>\n<p><strong>Pizza para Pope sobrevivi\u00f3 a Van Breakdown, TSA Security y m\u00e1s drama antes de finalmente llegar al l\u00edder cat\u00f3lico<\/strong><\/p>\n<div class=\"image-ct inline\">\n<div class=\"m\"><picture><source media=\"(max-width: 767px)\" srcset=\"https:\/\/a57.foxnews.com\/static.foxnews.com\/foxnews.com\/content\/uploads\/2025\/08\/343\/192\/pope-leo-move-vatican-redesign-flatmates-fox-news-004.jpg?ve=1&amp;tl=1, https:\/\/a57.foxnews.com\/static.foxnews.com\/foxnews.com\/content\/uploads\/2025\/08\/686\/384\/pope-leo-move-vatican-redesign-flatmates-fox-news-004.jpg?ve=1&amp;tl=1 2x\" height=\"192\" width=\"343\"><source media=\"(min-width: 768px) and (max-width: 1023px)\" srcset=\"https:\/\/a57.foxnews.com\/static.foxnews.com\/foxnews.com\/content\/uploads\/2025\/08\/672\/378\/pope-leo-move-vatican-redesign-flatmates-fox-news-004.jpg?ve=1&amp;tl=1, https:\/\/a57.foxnews.com\/static.foxnews.com\/foxnews.com\/content\/uploads\/2025\/08\/1344\/756\/pope-leo-move-vatican-redesign-flatmates-fox-news-004.jpg?ve=1&amp;tl=1 2x\" height=\"378\" width=\"672\"><source media=\"(min-width: 1024px) and (max-width: 1279px)\" srcset=\"https:\/\/a57.foxnews.com\/static.foxnews.com\/foxnews.com\/content\/uploads\/2025\/08\/931\/523\/pope-leo-move-vatican-redesign-flatmates-fox-news-004.jpg?ve=1&amp;tl=1, https:\/\/a57.foxnews.com\/static.foxnews.com\/foxnews.com\/content\/uploads\/2025\/08\/1862\/1046\/pope-leo-move-vatican-redesign-flatmates-fox-news-004.jpg?ve=1&amp;tl=1 2x\" height=\"523\" width=\"931\"><source media=\"(min-width: 1280px)\" srcset=\"https:\/\/a57.foxnews.com\/static.foxnews.com\/foxnews.com\/content\/uploads\/2025\/08\/720\/405\/pope-leo-move-vatican-redesign-flatmates-fox-news-004.jpg?ve=1&amp;tl=1, https:\/\/a57.foxnews.com\/static.foxnews.com\/foxnews.com\/content\/uploads\/2025\/08\/1440\/810\/pope-leo-move-vatican-redesign-flatmates-fox-news-004.jpg?ve=1&amp;tl=1 2x\" height=\"405\" width=\"720\"><img loading=\"lazy\" decoding=\"async\" src=\"https:\/\/a57.foxnews.com\/static.foxnews.com\/foxnews.com\/content\/uploads\/2025\/08\/1200\/675\/pope-leo-move-vatican-redesign-flatmates-fox-news-004.jpg?ve=1&amp;tl=1\" alt=\"Papa Leo XIV con el padre Edgard Iv\u00e1n Rimaycuna Inga\" width=\"1200\" height=\"675\"\/><\/source><\/source><\/source><\/source><\/picture><\/div>\n<div class=\"info\">\n<div class=\"caption\">\n<p><span>El Papa Leo XIV en Castel Gandolfo con su secretario personal desde hace mucho tiempo, el padre Edgard Iv\u00e1n Rimaycuna Inga, quien se espera que se una a \u00e9l en los apartamentos del Palacio Apost\u00f3lico.<\/span> <span>(Getty Images)<\/span><\/p>\n<\/div>\n<\/div>\n<\/div>\n<p>\u00abEn mi opini\u00f3n, Leo es definitivamente diferente a Francis pero no tan diferente\u00bb, agreg\u00f3 Scaramuzzi. \u00abRegresa a los apartamentos papales, pero no como un rey\u00bb.<\/p>\n<p>Se dice que el acuerdo de vida compartida refleja el esp\u00edritu comunitario de los agustinos, la orden de los frailes a la que pertenece Leo. <\/p>\n<p>La medida tambi\u00e9n contrasta con el Papa Francisco, quien dijo que no a mudarse a los apartamentos papales cuando fue ordenado en 2013, eligiendo en cambio una casa de hu\u00e9spedes del Vaticano.<\/p>\n<p><strong>Morning Glory: Papa Leo XIV (y presidente Trump)<\/strong><\/p>\n<div class=\"image-ct inline\">\n<div class=\"m\"><picture><source media=\"(max-width: 767px)\" srcset=\"https:\/\/a57.foxnews.com\/static.foxnews.com\/foxnews.com\/content\/uploads\/2025\/08\/343\/192\/pope-leo-move-vatican-redesign-flatmates-fox-news-002.jpg?ve=1&amp;tl=1, https:\/\/a57.foxnews.com\/static.foxnews.com\/foxnews.com\/content\/uploads\/2025\/08\/686\/384\/pope-leo-move-vatican-redesign-flatmates-fox-news-002.jpg?ve=1&amp;tl=1 2x\" height=\"192\" width=\"343\"><source media=\"(min-width: 768px) and (max-width: 1023px)\" srcset=\"https:\/\/a57.foxnews.com\/static.foxnews.com\/foxnews.com\/content\/uploads\/2025\/08\/672\/378\/pope-leo-move-vatican-redesign-flatmates-fox-news-002.jpg?ve=1&amp;tl=1, https:\/\/a57.foxnews.com\/static.foxnews.com\/foxnews.com\/content\/uploads\/2025\/08\/1344\/756\/pope-leo-move-vatican-redesign-flatmates-fox-news-002.jpg?ve=1&amp;tl=1 2x\" height=\"378\" width=\"672\"><source media=\"(min-width: 1024px) and (max-width: 1279px)\" srcset=\"https:\/\/a57.foxnews.com\/static.foxnews.com\/foxnews.com\/content\/uploads\/2025\/08\/931\/523\/pope-leo-move-vatican-redesign-flatmates-fox-news-002.jpg?ve=1&amp;tl=1, https:\/\/a57.foxnews.com\/static.foxnews.com\/foxnews.com\/content\/uploads\/2025\/08\/1862\/1046\/pope-leo-move-vatican-redesign-flatmates-fox-news-002.jpg?ve=1&amp;tl=1 2x\" height=\"523\" width=\"931\"><source media=\"(min-width: 1280px)\" srcset=\"https:\/\/a57.foxnews.com\/static.foxnews.com\/foxnews.com\/content\/uploads\/2025\/08\/720\/405\/pope-leo-move-vatican-redesign-flatmates-fox-news-002.jpg?ve=1&amp;tl=1, https:\/\/a57.foxnews.com\/static.foxnews.com\/foxnews.com\/content\/uploads\/2025\/08\/1440\/810\/pope-leo-move-vatican-redesign-flatmates-fox-news-002.jpg?ve=1&amp;tl=1 2x\" height=\"405\" width=\"720\"><img loading=\"lazy\" decoding=\"async\" src=\"https:\/\/a57.foxnews.com\/static.foxnews.com\/foxnews.com\/content\/uploads\/2025\/08\/1200\/675\/pope-leo-move-vatican-redesign-flatmates-fox-news-002.jpg?ve=1&amp;tl=1\" alt=\"Papa Leo XIV dentro de los apartamentos papales\" width=\"1200\" height=\"675\"\/><\/source><\/source><\/source><\/source><\/picture><\/div>\n<div class=\"info\">\n<div class=\"caption\">\n<p><span>Dentro de los espaciosos apartamentos papales que el Papa Leo XIV pronto puede llamar hogar.<\/span> <span>(Getty Images)<\/span><\/p>\n<\/div>\n<\/div>\n<\/div>\n<p>El palacio apost\u00f3lico, donde se encuentra el apartamento, se remonta al siglo XV y tambi\u00e9n alberga oficinas papales, museos y la Capilla Sixtina. <\/p>\n<p>El medio de comunicaci\u00f3n italiano La Repubblica inform\u00f3 esta semana que las renovaciones al apartamento est\u00e1n en curso. <\/p>\n<p>La suite de 10 habitaciones, ubicada en el tercer piso del palacio, tambi\u00e9n ha sufrido reparaciones para la infiltraci\u00f3n y humedad de agua despu\u00e9s de a\u00f1os de desuso.<\/p>\n<p><strong>La ciudad de Illinois se mueve para apoderarse de la casa de la infancia del Papa Leo XIV a trav\u00e9s del dominio eminente, converso al sitio hist\u00f3rico<\/strong><\/p>\n<div class=\"image-ct inline\">\n<div class=\"m\"><picture><source media=\"(max-width: 767px)\" srcset=\"https:\/\/a57.foxnews.com\/static.foxnews.com\/foxnews.com\/content\/uploads\/2025\/08\/343\/192\/pope-leo-move-vatican-redesign-flatmates-fox-news-003.jpg?ve=1&amp;tl=1, https:\/\/a57.foxnews.com\/static.foxnews.com\/foxnews.com\/content\/uploads\/2025\/08\/686\/384\/pope-leo-move-vatican-redesign-flatmates-fox-news-003.jpg?ve=1&amp;tl=1 2x\" height=\"192\" width=\"343\"><source media=\"(min-width: 768px) and (max-width: 1023px)\" srcset=\"https:\/\/a57.foxnews.com\/static.foxnews.com\/foxnews.com\/content\/uploads\/2025\/08\/672\/378\/pope-leo-move-vatican-redesign-flatmates-fox-news-003.jpg?ve=1&amp;tl=1, https:\/\/a57.foxnews.com\/static.foxnews.com\/foxnews.com\/content\/uploads\/2025\/08\/1344\/756\/pope-leo-move-vatican-redesign-flatmates-fox-news-003.jpg?ve=1&amp;tl=1 2x\" height=\"378\" width=\"672\"><source media=\"(min-width: 1024px) and (max-width: 1279px)\" srcset=\"https:\/\/a57.foxnews.com\/static.foxnews.com\/foxnews.com\/content\/uploads\/2025\/08\/931\/523\/pope-leo-move-vatican-redesign-flatmates-fox-news-003.jpg?ve=1&amp;tl=1, https:\/\/a57.foxnews.com\/static.foxnews.com\/foxnews.com\/content\/uploads\/2025\/08\/1862\/1046\/pope-leo-move-vatican-redesign-flatmates-fox-news-003.jpg?ve=1&amp;tl=1 2x\" height=\"523\" width=\"931\"><source media=\"(min-width: 1280px)\" srcset=\"https:\/\/a57.foxnews.com\/static.foxnews.com\/foxnews.com\/content\/uploads\/2025\/08\/720\/405\/pope-leo-move-vatican-redesign-flatmates-fox-news-003.jpg?ve=1&amp;tl=1, https:\/\/a57.foxnews.com\/static.foxnews.com\/foxnews.com\/content\/uploads\/2025\/08\/1440\/810\/pope-leo-move-vatican-redesign-flatmates-fox-news-003.jpg?ve=1&amp;tl=1 2x\" height=\"405\" width=\"720\"><img loading=\"lazy\" decoding=\"async\" src=\"https:\/\/a57.foxnews.com\/static.foxnews.com\/foxnews.com\/content\/uploads\/2025\/08\/1200\/675\/pope-leo-move-vatican-redesign-flatmates-fox-news-003.jpg?ve=1&amp;tl=1\" alt=\"Dormitorio de apartamento papal\" width=\"1200\" height=\"675\"\/><\/source><\/source><\/source><\/source><\/picture><\/div>\n<div class=\"info\">\n<div class=\"caption\">\n<p><span>Una de las habitaciones dentro del apartamento papal, que Leo compartir\u00e1 con cuatro compa\u00f1eros cercanos.<\/span> <span>(Getty Images)<\/span><\/p>\n<\/div>\n<\/div>\n<\/div>\n<p>El Vaticano ha permanecido \u00abcon los labios apretados sobre la \u00faltima reestructuraci\u00f3n\u00bb, seg\u00fan el Telegraph, aunque los t\u00e9cnicos han estado trabajando durante meses. <\/p>\n<p>Cuando Francis muri\u00f3 en abril, los apartamentos papales fueron sellados en un ritual antes de ser reabridos para la renovaci\u00f3n. Desde entonces, el Papa Leo ha estado viviendo en el edificio Sagrestia cerca de la Bas\u00edlica de San Pedro.<\/p>\n<p><strong>El Papa Leo XIV inspira a m\u00e1s de un mill\u00f3n de j\u00f3venes cat\u00f3licos en Rome Faith Gathering<\/strong><\/p>\n<div class=\"image-ct inline\">\n<div class=\"m\"><picture><source media=\"(max-width: 767px)\" srcset=\"https:\/\/a57.foxnews.com\/static.foxnews.com\/foxnews.com\/content\/uploads\/2025\/08\/343\/192\/pope-leo-move-vatican-redesign-flatmates-fox-news-005.jpg?ve=1&amp;tl=1, https:\/\/a57.foxnews.com\/static.foxnews.com\/foxnews.com\/content\/uploads\/2025\/08\/686\/384\/pope-leo-move-vatican-redesign-flatmates-fox-news-005.jpg?ve=1&amp;tl=1 2x\" height=\"192\" width=\"343\"><source media=\"(min-width: 768px) and (max-width: 1023px)\" srcset=\"https:\/\/a57.foxnews.com\/static.foxnews.com\/foxnews.com\/content\/uploads\/2025\/08\/672\/378\/pope-leo-move-vatican-redesign-flatmates-fox-news-005.jpg?ve=1&amp;tl=1, https:\/\/a57.foxnews.com\/static.foxnews.com\/foxnews.com\/content\/uploads\/2025\/08\/1344\/756\/pope-leo-move-vatican-redesign-flatmates-fox-news-005.jpg?ve=1&amp;tl=1 2x\" height=\"378\" width=\"672\"><source media=\"(min-width: 1024px) and (max-width: 1279px)\" srcset=\"https:\/\/a57.foxnews.com\/static.foxnews.com\/foxnews.com\/content\/uploads\/2025\/08\/931\/523\/pope-leo-move-vatican-redesign-flatmates-fox-news-005.jpg?ve=1&amp;tl=1, https:\/\/a57.foxnews.com\/static.foxnews.com\/foxnews.com\/content\/uploads\/2025\/08\/1862\/1046\/pope-leo-move-vatican-redesign-flatmates-fox-news-005.jpg?ve=1&amp;tl=1 2x\" height=\"523\" width=\"931\"><source media=\"(min-width: 1280px)\" srcset=\"https:\/\/a57.foxnews.com\/static.foxnews.com\/foxnews.com\/content\/uploads\/2025\/08\/720\/405\/pope-leo-move-vatican-redesign-flatmates-fox-news-005.jpg?ve=1&amp;tl=1, https:\/\/a57.foxnews.com\/static.foxnews.com\/foxnews.com\/content\/uploads\/2025\/08\/1440\/810\/pope-leo-move-vatican-redesign-flatmates-fox-news-005.jpg?ve=1&amp;tl=1 2x\" height=\"405\" width=\"720\"><img loading=\"lazy\" decoding=\"async\" src=\"https:\/\/a57.foxnews.com\/static.foxnews.com\/foxnews.com\/content\/uploads\/2025\/08\/1200\/675\/pope-leo-move-vatican-redesign-flatmates-fox-news-005.jpg?ve=1&amp;tl=1\" alt=\"El Papa Leo XIV habla fuera del Palacio Apost\u00f3lico\" width=\"1200\" height=\"675\"\/><\/source><\/source><\/source><\/source><\/picture><\/div>\n<div class=\"info\">\n<div class=\"caption\">\n<p><span>El Papa Leo habla con multitudes fuera del Palacio Apost\u00f3lico en 2025, donde su apartamento est\u00e1 actualmente bajo renovaci\u00f3n.<\/span> <span>(Getty Images)<\/span><\/p>\n<\/div>\n<\/div>\n<\/div>\n<p>Esta no es la primera vez que Leo XIV opta por un toque moderno. Nacido en una familia de inmigrantes de clase trabajadora en Chicago, creci\u00f3 modestamente antes de unirse al sacerdocio. <\/p>\n<p>En 2024, le dijo a Vatican News que se esfuerza por mantenerse en tierra.<\/p>\n<p>\u00abNo se supone que un obispo sea un peque\u00f1o pr\u00edncipe sentado en su reino, sino que se llama aut\u00e9nticamente humilde, para estar cerca de las personas a las que sirve, caminar con ellos y sufrir con ellos\u00bb, dijo.<\/p>\n<p><strong><u>Haga clic aqu\u00ed para obtener la aplicaci\u00f3n Fox News<\/u><\/strong><\/p>\n<p>La reacci\u00f3n al movimiento de Leo se ha mezclado en l\u00ednea. A principios de este a\u00f1o, el autor James Martin escribi\u00f3 en X: \u00ab\u00a1Necesitamos confiar en el discernimiento del Papa Leo en esta y todas las cosas, y le deseo lo mejor en sus nuevas excavaciones!\u00bb<\/p>\n<p> <!----> <\/p>\n<div class=\"article-meta\">\n<div class=\"author-bio\">\n<p>Greg Wehner es un reportero de noticias de Fox News Digital.<\/p>\n<p>Los consejos e ideas de la historia se pueden enviar a greg.wehner@fox.com y en Twitter @Gregwehner.<\/p>\n<\/div>\n<\/div>\n<\/div>\n\n","protected":false},"excerpt":{"rendered":"<p>NUEVO\u00a1Ahora puedes escuchar art\u00edculos de Fox News! El Papa Leo XIV est\u00e1 sacudiendo la tradici\u00f3n en el Vaticano, mudando a un apartamento papal recientemente renovado y trayendo a cuatro compa\u00f1eros de cuarto, seg\u00fan los informes. Leo planea compartir su nueva residencia, que est\u00e1 experimentando una importante renovaci\u00f3n, marcando la primera vez en la historia moderna &hellip;<\/p>\n","protected":false},"author":1,"featured_media":41222,"comment_status":"open","ping_status":"open","sticky":false,"template":"","format":"standard","meta":{"fifu_image_url":"https:\/\/static.foxnews.com\/foxnews.com\/content\/uploads\/2025\/08\/pope-leo-move-vatican-redesign-flatmates-fox-news-001.jpg","fifu_image_alt":"","footnotes":""},"categories":[13],"tags":[],"class_list":["post-41220","post","type-post","status-publish","format-standard","has-post-thumbnail","","category-mundo"],"_links":{"self":[{"href":"https:\/\/noticiasveraces.com\/index.php?rest_route=\/wp\/v2\/posts\/41220","targetHints":{"allow":["GET"]}}],"collection":[{"href":"https:\/\/noticiasveraces.com\/index.php?rest_route=\/wp\/v2\/posts"}],"about":[{"href":"https:\/\/noticiasveraces.com\/index.php?rest_route=\/wp\/v2\/types\/post"}],"author":[{"embeddable":true,"href":"https:\/\/noticiasveraces.com\/index.php?rest_route=\/wp\/v2\/users\/1"}],"replies":[{"embeddable":true,"href":"https:\/\/noticiasveraces.com\/index.php?rest_route=%2Fwp%2Fv2%2Fcomments&post=41220"}],"version-history":[{"count":0,"href":"https:\/\/noticiasveraces.com\/index.php?rest_route=\/wp\/v2\/posts\/41220\/revisions"}],"wp:featuredmedia":[{"embeddable":true,"href":"https:\/\/noticiasveraces.com\/index.php?rest_route=\/wp\/v2\/media\/41222"}],"wp:attachment":[{"href":"https:\/\/noticiasveraces.com\/index.php?rest_route=%2Fwp%2Fv2%2Fmedia&parent=41220"}],"wp:term":[{"taxonomy":"category","embeddable":true,"href":"https:\/\/noticiasveraces.com\/index.php?rest_route=%2Fwp%2Fv2%2Fcategories&post=41220"},{"taxonomy":"post_tag","embeddable":true,"href":"https:\/\/noticiasveraces.com\/index.php?rest_route=%2Fwp%2Fv2%2Ftags&post=41220"}],"curies":[{"name":"wp","href":"https:\/\/api.w.org\/{rel}","templated":true}]}}