{"id":41202,"date":"2025-08-20T15:16:20","date_gmt":"2025-08-20T19:16:20","guid":{"rendered":"https:\/\/noticiasveraces.com\/?p=41202"},"modified":"2025-08-20T15:16:20","modified_gmt":"2025-08-20T19:16:20","slug":"la-crisis-de-los-ninos-ucranianos-desaparecidos-crece-a-medida-que-la-otan-se-encuentra-en-la-guerra","status":"publish","type":"post","link":"https:\/\/noticiasveraces.com\/?p=41202","title":{"rendered":"La crisis de los ni\u00f1os ucranianos desaparecidos crece a medida que la OTAN se encuentra en la guerra"},"content":{"rendered":"<p> \n<\/p>\n<div>\n<div id=\"beyondwords-wrapper\" class=\"beyondwords-wrapper\">\n<p><span class=\"label-bg\">NUEVO<\/span>\u00a1Ahora puedes escuchar art\u00edculos de Fox News!\n  <\/p>\n<\/div>\n<p class=\"speakable\">Los miles de ni\u00f1os ucranianos secuestraron desde que la invasi\u00f3n de Rusia comenz\u00f3 a tres a\u00f1os y medio, una vez m\u00e1s est\u00e1n a la vanguardia de las discusiones internacionales a medida que los l\u00edderes de la OTAN se reunieron para discutir la guerra.<\/p>\n<p class=\"speakable\">Tras la invasi\u00f3n mortal de 2022 de Rusia, los ni\u00f1os ucranianos han estado entre las principales v\u00edctimas de la guerra, y Kiev confirma que ha habido al menos 19,546 casos de deportaci\u00f3n ilegal y transferencia forzada de ni\u00f1os ucranianos a Rusia, Bielorrusia o territorio ruso, por las autoridades rusas.<\/p>\n<p>Algunos informes han sugerido que el n\u00famero de ni\u00f1os ucranianos transportados por la fuerza podr\u00eda ser significativamente m\u00e1s alto, que se extiende m\u00e1s cerca de 35,000 secuestros, muchos de los cuales se teme haber sido adoptados ilegalmente. <\/p>\n<div class=\"image-ct inline\">\n<div class=\"m\"><picture><source media=\"(max-width: 767px)\" srcset=\"https:\/\/a57.foxnews.com\/static.foxnews.com\/foxnews.com\/content\/uploads\/2025\/08\/343\/192\/ukrainian-child.jpg?ve=1&amp;tl=1, https:\/\/a57.foxnews.com\/static.foxnews.com\/foxnews.com\/content\/uploads\/2025\/08\/686\/384\/ukrainian-child.jpg?ve=1&amp;tl=1 2x\" height=\"192\" width=\"343\"><source media=\"(min-width: 768px) and (max-width: 1023px)\" srcset=\"https:\/\/a57.foxnews.com\/static.foxnews.com\/foxnews.com\/content\/uploads\/2025\/08\/672\/378\/ukrainian-child.jpg?ve=1&amp;tl=1, https:\/\/a57.foxnews.com\/static.foxnews.com\/foxnews.com\/content\/uploads\/2025\/08\/1344\/756\/ukrainian-child.jpg?ve=1&amp;tl=1 2x\" height=\"378\" width=\"672\"><source media=\"(min-width: 1024px) and (max-width: 1279px)\" srcset=\"https:\/\/a57.foxnews.com\/static.foxnews.com\/foxnews.com\/content\/uploads\/2025\/08\/931\/523\/ukrainian-child.jpg?ve=1&amp;tl=1, https:\/\/a57.foxnews.com\/static.foxnews.com\/foxnews.com\/content\/uploads\/2025\/08\/1862\/1046\/ukrainian-child.jpg?ve=1&amp;tl=1 2x\" height=\"523\" width=\"931\"><source media=\"(min-width: 1280px)\" srcset=\"https:\/\/a57.foxnews.com\/static.foxnews.com\/foxnews.com\/content\/uploads\/2025\/08\/720\/405\/ukrainian-child.jpg?ve=1&amp;tl=1, https:\/\/a57.foxnews.com\/static.foxnews.com\/foxnews.com\/content\/uploads\/2025\/08\/1440\/810\/ukrainian-child.jpg?ve=1&amp;tl=1 2x\" height=\"405\" width=\"720\"><img loading=\"lazy\" decoding=\"async\" src=\"https:\/\/a57.foxnews.com\/static.foxnews.com\/foxnews.com\/content\/uploads\/2025\/08\/1200\/675\/ukrainian-child.jpg?ve=1&amp;tl=1\" alt=\"La ni\u00f1a ucraniana se sienta en el autob\u00fas de evacuaci\u00f3n\" width=\"1200\" height=\"675\"\/><\/source><\/source><\/source><\/source><\/picture><\/div>\n<div class=\"info\">\n<div class=\"caption\">\n<p><span>Una ni\u00f1a saluda mientras est\u00e1 sentada en un autob\u00fas de evacuaci\u00f3n el 17 de septiembre de 2024 en Pokrovsk, Ucrania. <\/span> <span>(Yan Dobronosov\/ Imagen Global Ucrania a trav\u00e9s de Getty Images)<\/span><\/p>\n<\/div>\n<\/div>\n<\/div>\n<p><strong>&#8216;Just Evil&#8217;: Top Republican Detalles las \u00abhorribles\u00bb secuestras masivas de ni\u00f1os ucranianos de Rusia<\/strong><\/p>\n<p>Fox News Digital no pudo confirmar si los l\u00edderes de la OTAN, que se reunieron el mi\u00e9rcoles para un informe por parte de los l\u00edderes militares estadounidenses, incluir\u00e1n c\u00f3mo remediar las inmensas violaciones de los derechos humanos dirigidos a los ni\u00f1os ucranianos mientras buscan establecer garant\u00edas de seguridad, posiblemente tan pronto como esta semana.<\/p>\n<p>Pero el presidente Donald Trump, quien se reuni\u00f3 con el presidente ruso Vladimir Putin el viernes, seguido de una reuni\u00f3n con el presidente ucraniano, Volodymyr Zelenskyy y los l\u00edderes de la OTAN, dijo el lunes el tema de los ni\u00f1os ucranianos deportados por la fuerza \u00abes un tema en la parte superior de todas las listas\u00bb.<\/p>\n<p>El problema se reaviv\u00f3 despu\u00e9s de que la primera dama Melania Trump envi\u00f3 una carta a Putin, que Trump entreg\u00f3 a mano durante su reuni\u00f3n el viernes, en la que dijo: \u00abEs hora\u00bb de restaurar el \u00absue\u00f1o de amor, posibilidad y seguridad de los ni\u00f1os del peligro\u00bb.<\/p>\n<p>\u00abUn concepto simple pero profundo, el Sr. Putin, como estoy seguro de que est\u00e1 de acuerdo, es que los descendientes de cada generaci\u00f3n comienzan sus vidas con una pureza, una inocencia que se encuentra por encima de la geograf\u00eda, el gobierno y la ideolog\u00eda\u00bb, escribi\u00f3. <\/p>\n<p>La primera dama no mencion\u00f3 espec\u00edficamente la guerra en Ucrania, aunque su carta, obtenida por primera vez por Fox News Digital, fue defendida por Kiev. <\/p>\n<div class=\"image-ct inline\">\n<div class=\"m\"><picture><source media=\"(max-width: 767px)\" srcset=\"https:\/\/a57.foxnews.com\/static.foxnews.com\/foxnews.com\/content\/uploads\/2025\/08\/343\/192\/ukrainian-child-reunited-with-family.jpg?ve=1&amp;tl=1, https:\/\/a57.foxnews.com\/static.foxnews.com\/foxnews.com\/content\/uploads\/2025\/08\/686\/384\/ukrainian-child-reunited-with-family.jpg?ve=1&amp;tl=1 2x\" height=\"192\" width=\"343\"><source media=\"(min-width: 768px) and (max-width: 1023px)\" srcset=\"https:\/\/a57.foxnews.com\/static.foxnews.com\/foxnews.com\/content\/uploads\/2025\/08\/672\/378\/ukrainian-child-reunited-with-family.jpg?ve=1&amp;tl=1, https:\/\/a57.foxnews.com\/static.foxnews.com\/foxnews.com\/content\/uploads\/2025\/08\/1344\/756\/ukrainian-child-reunited-with-family.jpg?ve=1&amp;tl=1 2x\" height=\"378\" width=\"672\"><source media=\"(min-width: 1024px) and (max-width: 1279px)\" srcset=\"https:\/\/a57.foxnews.com\/static.foxnews.com\/foxnews.com\/content\/uploads\/2025\/08\/931\/523\/ukrainian-child-reunited-with-family.jpg?ve=1&amp;tl=1, https:\/\/a57.foxnews.com\/static.foxnews.com\/foxnews.com\/content\/uploads\/2025\/08\/1862\/1046\/ukrainian-child-reunited-with-family.jpg?ve=1&amp;tl=1 2x\" height=\"523\" width=\"931\"><source media=\"(min-width: 1280px)\" srcset=\"https:\/\/a57.foxnews.com\/static.foxnews.com\/foxnews.com\/content\/uploads\/2025\/08\/720\/405\/ukrainian-child-reunited-with-family.jpg?ve=1&amp;tl=1, https:\/\/a57.foxnews.com\/static.foxnews.com\/foxnews.com\/content\/uploads\/2025\/08\/1440\/810\/ukrainian-child-reunited-with-family.jpg?ve=1&amp;tl=1 2x\" height=\"405\" width=\"720\"><img loading=\"lazy\" decoding=\"async\" src=\"https:\/\/a57.foxnews.com\/static.foxnews.com\/foxnews.com\/content\/uploads\/2025\/08\/1200\/675\/ukrainian-child-reunited-with-family.jpg?ve=1&amp;tl=1\" alt=\"Ni\u00f1os ucranianos reunidos con la familia\" width=\"1200\" height=\"675\"\/><\/source><\/source><\/source><\/source><\/picture><\/div>\n<div class=\"info\">\n<div class=\"caption\">\n<p><span>Denys Zaporozhchenko (L) se encuentra con sus hijos Nikita, Yana y Dayana (R) despu\u00e9s de que el autob\u00fas los entreg\u00f3 y m\u00e1s de una docena de otros ni\u00f1os del territorio controlado por el ruso llegaron a Kiev el 22 de marzo de 2023. <\/span> <span>(Sergei Chuzavkov\/AFP a trav\u00e9s de Getty Images)<\/span><\/p>\n<\/div>\n<\/div>\n<\/div>\n<p><strong>El &#8216;ferrocarril subterr\u00e1neo&#8217; de Ucrania rescata a ni\u00f1os ucranianos secuestrados de campos de reeducaci\u00f3n rusos<\/strong><\/p>\n<p>Zelenskyy parec\u00eda sorprender a Trump por su vez entreg\u00e1ndole una carta escrita por su esposa, Olena Zelenska, destinada a la Primera Dama. <\/p>\n<p>No se ha revelado el contenido de la segunda carta, pero Trump not\u00f3 la compasi\u00f3n de su esposa cuando se trata del tema de los ni\u00f1os, un tema que Zelenska tambi\u00e9n ha trabajado para abordar. <\/p>\n<p>\u00abElla ve la angustia, los padres, los funerales que ves en la televisi\u00f3n, siempre los funerales\u00bb, dijo Trump. <\/p>\n<p>Algunos ni\u00f1os han sido devueltos a Ucrania incrementalmente a trav\u00e9s de la ayuda de mediadores de terceros, como Qatar y el Vaticano, aunque los informes sugieren que solo unas 1.500 han sido liberadas por las autoridades rusas. <\/p>\n<p>Los negociadores ucranianos han estado presionando para el regreso de los ni\u00f1os ucranianos durante meses a medida que se re\u00fanen con las hom\u00f3logos rusos en Turqu\u00eda.<\/p>\n<p>Si bien se acordaron los swaps de prisioneros de guerra, Zelenskyy dijo que los funcionarios rusos se han negado a entregar a los ni\u00f1os ucranianos directamente a Kiev. <\/p>\n<div class=\"image-ct inline\">\n<div class=\"m\"><picture><source media=\"(max-width: 767px)\" srcset=\"https:\/\/a57.foxnews.com\/static.foxnews.com\/foxnews.com\/content\/uploads\/2025\/08\/343\/192\/ukrainian-children-abducted.jpg?ve=1&amp;tl=1, https:\/\/a57.foxnews.com\/static.foxnews.com\/foxnews.com\/content\/uploads\/2025\/08\/686\/384\/ukrainian-children-abducted.jpg?ve=1&amp;tl=1 2x\" height=\"192\" width=\"343\"><source media=\"(min-width: 768px) and (max-width: 1023px)\" srcset=\"https:\/\/a57.foxnews.com\/static.foxnews.com\/foxnews.com\/content\/uploads\/2025\/08\/672\/378\/ukrainian-children-abducted.jpg?ve=1&amp;tl=1, https:\/\/a57.foxnews.com\/static.foxnews.com\/foxnews.com\/content\/uploads\/2025\/08\/1344\/756\/ukrainian-children-abducted.jpg?ve=1&amp;tl=1 2x\" height=\"378\" width=\"672\"><source media=\"(min-width: 1024px) and (max-width: 1279px)\" srcset=\"https:\/\/a57.foxnews.com\/static.foxnews.com\/foxnews.com\/content\/uploads\/2025\/08\/931\/523\/ukrainian-children-abducted.jpg?ve=1&amp;tl=1, https:\/\/a57.foxnews.com\/static.foxnews.com\/foxnews.com\/content\/uploads\/2025\/08\/1862\/1046\/ukrainian-children-abducted.jpg?ve=1&amp;tl=1 2x\" height=\"523\" width=\"931\"><source media=\"(min-width: 1280px)\" srcset=\"https:\/\/a57.foxnews.com\/static.foxnews.com\/foxnews.com\/content\/uploads\/2025\/08\/720\/405\/ukrainian-children-abducted.jpg?ve=1&amp;tl=1, https:\/\/a57.foxnews.com\/static.foxnews.com\/foxnews.com\/content\/uploads\/2025\/08\/1440\/810\/ukrainian-children-abducted.jpg?ve=1&amp;tl=1 2x\" height=\"405\" width=\"720\"><img loading=\"lazy\" decoding=\"async\" src=\"https:\/\/a57.foxnews.com\/static.foxnews.com\/foxnews.com\/content\/uploads\/2025\/08\/1200\/675\/ukrainian-children-abducted.jpg?ve=1&amp;tl=1\" alt=\"Miles de ni\u00f1os ucranianos han sido secuestrados por Rusia\" width=\"1200\" height=\"675\"\/><\/source><\/source><\/source><\/source><\/picture><\/div>\n<div class=\"info\">\n<div class=\"caption\">\n<p><span>La imagen de la ilustraci\u00f3n muestra una acci\u00f3n simb\u00f3lica dirigida por miembros de Avaaz y Refugiados ucranianos con el dep\u00f3sito de miles de osos y juguetes de peluche que representan a los miles de ni\u00f1os secuestrados despu\u00e9s de la guerra en Ucrania, en el Rond Point Schuman, en Bruselas, el 23 de febrero de 2023. <\/span> <span>(Nicolas Maeterlinck\/Belga Mag\/AFP a trav\u00e9s de Getty Images)<\/span><\/p>\n<\/div>\n<\/div>\n<\/div>\n<p><strong>Haga clic aqu\u00ed para obtener la aplicaci\u00f3n Fox News<\/strong><\/p>\n<p>\u00abNo podemos llegar a un acuerdo con ellos en el regreso de los ni\u00f1os\u00bb, dijo Zelenskyy a los periodistas la semana pasada, y agreg\u00f3 que a pesar de los intentos sigue siendo \u00abimposible\u00bb sin la ayuda de otras partes involucradas. <\/p>\n<p>\u00abEs por eso que quer\u00edamos establecer ciertos asuntos en esta pista trilateral: alto el fuego, un intercambio total y el regreso de los ni\u00f1os\u00bb, agreg\u00f3. \u00abEsto es algo de lo que todos se benefician: el presidente Trump se beneficia, los rusos no pierden nada, los ucranianos no pierden nada. Es un compromiso justo\u00bb.<\/p>\n<p> <!----> <\/p>\n<div class=\"article-meta\">\n<div class=\"author-bio\">\n<p>Caitlin McFall es reportero de Fox News Digital Cubting Politics, US y World News.<\/p>\n<\/div>\n<\/div>\n<\/div>\n\n","protected":false},"excerpt":{"rendered":"<p>NUEVO\u00a1Ahora puedes escuchar art\u00edculos de Fox News! Los miles de ni\u00f1os ucranianos secuestraron desde que la invasi\u00f3n de Rusia comenz\u00f3 a tres a\u00f1os y medio, una vez m\u00e1s est\u00e1n a la vanguardia de las discusiones internacionales a medida que los l\u00edderes de la OTAN se reunieron para discutir la guerra. Tras la invasi\u00f3n mortal de &hellip;<\/p>\n","protected":false},"author":1,"featured_media":41204,"comment_status":"open","ping_status":"open","sticky":false,"template":"","format":"standard","meta":{"fifu_image_url":"https:\/\/static.foxnews.com\/foxnews.com\/content\/uploads\/2025\/08\/ukrainian-child-on-bus-2.jpg","fifu_image_alt":"","footnotes":""},"categories":[13],"tags":[],"class_list":["post-41202","post","type-post","status-publish","format-standard","has-post-thumbnail","","category-mundo"],"_links":{"self":[{"href":"https:\/\/noticiasveraces.com\/index.php?rest_route=\/wp\/v2\/posts\/41202","targetHints":{"allow":["GET"]}}],"collection":[{"href":"https:\/\/noticiasveraces.com\/index.php?rest_route=\/wp\/v2\/posts"}],"about":[{"href":"https:\/\/noticiasveraces.com\/index.php?rest_route=\/wp\/v2\/types\/post"}],"author":[{"embeddable":true,"href":"https:\/\/noticiasveraces.com\/index.php?rest_route=\/wp\/v2\/users\/1"}],"replies":[{"embeddable":true,"href":"https:\/\/noticiasveraces.com\/index.php?rest_route=%2Fwp%2Fv2%2Fcomments&post=41202"}],"version-history":[{"count":0,"href":"https:\/\/noticiasveraces.com\/index.php?rest_route=\/wp\/v2\/posts\/41202\/revisions"}],"wp:featuredmedia":[{"embeddable":true,"href":"https:\/\/noticiasveraces.com\/index.php?rest_route=\/wp\/v2\/media\/41204"}],"wp:attachment":[{"href":"https:\/\/noticiasveraces.com\/index.php?rest_route=%2Fwp%2Fv2%2Fmedia&parent=41202"}],"wp:term":[{"taxonomy":"category","embeddable":true,"href":"https:\/\/noticiasveraces.com\/index.php?rest_route=%2Fwp%2Fv2%2Fcategories&post=41202"},{"taxonomy":"post_tag","embeddable":true,"href":"https:\/\/noticiasveraces.com\/index.php?rest_route=%2Fwp%2Fv2%2Ftags&post=41202"}],"curies":[{"name":"wp","href":"https:\/\/api.w.org\/{rel}","templated":true}]}}