{"id":41187,"date":"2025-08-20T13:22:05","date_gmt":"2025-08-20T17:22:05","guid":{"rendered":"https:\/\/noticiasveraces.com\/?p=41187"},"modified":"2025-08-20T13:22:05","modified_gmt":"2025-08-20T17:22:05","slug":"guterres-urge-a-dar-una-voz-a-africa-a-la-hora-de-decidir-su-futuro","status":"publish","type":"post","link":"https:\/\/noticiasveraces.com\/?p=41187","title":{"rendered":"Guterres urge a dar una voz a \u00c1frica a la hora de decidir su futuro"},"content":{"rendered":"<p> \n<\/p>\n<div>\n<p>En el marco de la Conferencia Internacional de Tokio sobre el Desarrollo de \u00c1frica (TICAD), el Secretario General de las Naciones Unidas, Ant\u00f3nio Guterres, hizo un llamado urgente a reformar la arquitectura global para dar voz al continente africano.<\/p>\n<p>Durante su discurso inaugural, que cont\u00f3 con la presencia de l\u00edderes mundiales como el primer ministro de Jap\u00f3n, Shigeru Ishiba, y el presidente de Angola, Jo\u00e3o Louren\u00e7o, destac\u00f3 cinco pilares cr\u00edticos para <strong>una colaboraci\u00f3n renovada entre el continente y la comunidad internacional<\/strong>.<\/p>\n<h2>Reforma de las instituciones internacionales<\/h2>\n<p>Subray\u00f3 la necesidad de reformar las instituciones de gobernanza mundial \u2014tanto pol\u00edticas como financieras\u2014 para reflejar las realidades actuales. \u00ab\u00c1frica debe tener una voz m\u00e1s fuerte en las decisiones que afectan su futuro\u00bb, afirm\u00f3.<\/p>\n<p>Esto incluye una reforma largamente pendiente del Consejo de Seguridad de la ONU, donde \u00c1frica carece de representaci\u00f3n permanente, y una transformaci\u00f3n profunda del sistema financiero internacional, actualmente \u00abinjusto y desequilibrado\u00bb. Tambi\u00e9n pidi\u00f3 alivio de la deuda para 34 pa\u00edses que gastan m\u00e1s en su servicio que en salud y educaci\u00f3n.<\/p>\n<h2>Inversi\u00f3n en cadenas de valor y energ\u00eda<\/h2>\n<p>El segundo eje se centr\u00f3 en invertir en cadenas de valor sostenibles y aprovechar el \u00c1rea de Libre Comercio Continental Africana. Guterres critic\u00f3 la \u00abparadoja energ\u00e9tica\u00bb del continente: aunque posee un potencial renovable enorme, recibe solo el 2% de la inversi\u00f3n global en energ\u00edas limpias y 600 millones de personas viven sin electricidad. Destac\u00f3 que los pa\u00edses ricos en minerales cr\u00edticos deben ser los primeros en beneficiarse de su explotaci\u00f3n.<\/p>\n<h2>Innovaci\u00f3n digital con inclusi\u00f3n<\/h2>\n<p>Resalt\u00f3 la brecha digital como un obst\u00e1culo mayor y llam\u00f3 a cerrarla con apoyo tecnol\u00f3gico, incluyendo inteligencia artificial (IA). \u00ab<strong>IA debe significar &#8216;\u00c1frica Incluida&#8217;<\/strong>\u00ab, declar\u00f3, refiri\u00e9ndose al Pacto para el Futuro. Jap\u00f3n, como l\u00edder tecnol\u00f3gico, puede jugar un papel clave en garantizar infraestructura digital accesible y capacidades locales.<\/p>\n<div class=\"context-un_news_full_width_credit_caption type-entermedia_image media media--type-entermedia-image media--view-mode-un-news-full-width-credit-caption\">\n<div class=\"field field--name-thumbnail field--type-image field--label-hidden field__item\"><img decoding=\"async\" src=\"https:\/\/global.unitednations.entermediadb.net\/assets\/mediadb\/services\/module\/asset\/downloads\/preset\/Libraries\/Production%20Library\/20-08-2025_TICAD_Japan-01.jpg\/image1170x530cropped.jpg\" alt=\"El Secretario General Ant\u00f3nio Guterres habla en la sesi\u00f3n inaugural de la IX Conferencia Internacional de Tokio sobre el Desarrollo Africano, Yokohama, 20 de agosto de 2025.\" title=\"El Secretario General Ant\u00f3nio Guterres habla en la sesi\u00f3n inaugural de la IX Conferencia Internacional de Tokio sobre el Desarrollo Africano, Yokohama, 20 de agosto de 2025.\" loading=\"lazy\" width=\"1170\" height=\"530\"\/>\n<\/div>\n<p>El Secretario General Ant\u00f3nio Guterres habla en la sesi\u00f3n inaugural de la IX Conferencia Internacional de Tokio sobre el Desarrollo Africano, Yokohama, 20 de agosto de 2025.<\/p>\n<\/div>\n<h2>Desarrollo centrado en las personas<\/h2>\n<p>Guterres se\u00f1al\u00f3 a los j\u00f3venes y las mujeres como motores del futuro africano. Y propuso invertir en educaci\u00f3n basada en las ciencias, en un empleo digno, en la protecci\u00f3n social y en la participaci\u00f3n en la toma de decisiones. \u00ab<strong>Invertir en las mujeres es invertir en econom\u00edas y sociedades enteras<\/strong>\u00ab, afirm\u00f3.<\/p>\n<h2>Paz como requisito para el progreso<\/h2>\n<p>Finalmente, vincul\u00f3 paz y prosperidad: \u00abEl desarrollo sostenible requiere paz sostenible\u00bb. Cit\u00f3 la agenda \u00abSilenciar las Armas\u00bb de la Uni\u00f3n Africana y urgi\u00f3 a fortalecer la cohesi\u00f3n social para atraer inversiones.<\/p>\n<p>El Secretario General cerr\u00f3 su intervenci\u00f3n recordando las hojas de ruta existentes \u2014la Agenda 2030 y la Agenda 2063 de la UA\u2014 e inst\u00f3 a \u00abcocrear soluciones para un futuro de dignidad, oportunidad y paz para todos\u00bb. Agradeci\u00f3 a Jap\u00f3n y a los coporganizadores por su compromiso continuo con el multilateralismo y el desarrollo africano.<\/p>\n<\/div>\n\n","protected":false},"excerpt":{"rendered":"<p>En el marco de la Conferencia Internacional de Tokio sobre el Desarrollo de \u00c1frica (TICAD), el Secretario General de las Naciones Unidas, Ant\u00f3nio Guterres, hizo un llamado urgente a reformar la arquitectura global para dar voz al continente africano. Durante su discurso inaugural, que cont\u00f3 con la presencia de l\u00edderes mundiales como el primer ministro &hellip;<\/p>\n","protected":false},"author":1,"featured_media":41189,"comment_status":"open","ping_status":"open","sticky":false,"template":"","format":"standard","meta":{"fifu_image_url":"https:\/\/global.unitednations.entermediadb.net\/assets\/mediadb\/services\/module\/asset\/downloads\/preset\/Libraries\/Production%20Library\/27-08-2020-UNDP-Zimbabwe-Solar.jpg\/image770x420cropped.jpg","fifu_image_alt":"","footnotes":""},"categories":[3],"tags":[],"class_list":["post-41187","post","type-post","status-publish","format-standard","has-post-thumbnail","","category-negocio"],"_links":{"self":[{"href":"https:\/\/noticiasveraces.com\/index.php?rest_route=\/wp\/v2\/posts\/41187","targetHints":{"allow":["GET"]}}],"collection":[{"href":"https:\/\/noticiasveraces.com\/index.php?rest_route=\/wp\/v2\/posts"}],"about":[{"href":"https:\/\/noticiasveraces.com\/index.php?rest_route=\/wp\/v2\/types\/post"}],"author":[{"embeddable":true,"href":"https:\/\/noticiasveraces.com\/index.php?rest_route=\/wp\/v2\/users\/1"}],"replies":[{"embeddable":true,"href":"https:\/\/noticiasveraces.com\/index.php?rest_route=%2Fwp%2Fv2%2Fcomments&post=41187"}],"version-history":[{"count":0,"href":"https:\/\/noticiasveraces.com\/index.php?rest_route=\/wp\/v2\/posts\/41187\/revisions"}],"wp:featuredmedia":[{"embeddable":true,"href":"https:\/\/noticiasveraces.com\/index.php?rest_route=\/wp\/v2\/media\/41189"}],"wp:attachment":[{"href":"https:\/\/noticiasveraces.com\/index.php?rest_route=%2Fwp%2Fv2%2Fmedia&parent=41187"}],"wp:term":[{"taxonomy":"category","embeddable":true,"href":"https:\/\/noticiasveraces.com\/index.php?rest_route=%2Fwp%2Fv2%2Fcategories&post=41187"},{"taxonomy":"post_tag","embeddable":true,"href":"https:\/\/noticiasveraces.com\/index.php?rest_route=%2Fwp%2Fv2%2Ftags&post=41187"}],"curies":[{"name":"wp","href":"https:\/\/api.w.org\/{rel}","templated":true}]}}