{"id":41169,"date":"2025-08-20T11:12:35","date_gmt":"2025-08-20T15:12:35","guid":{"rendered":"https:\/\/noticiasveraces.com\/?p=41169"},"modified":"2025-08-20T11:12:35","modified_gmt":"2025-08-20T15:12:35","slug":"rusia-lanza-las-principales-huelgas-de-ataque-de-ucrania-cerca-de-la-frontera-de-la-otan","status":"publish","type":"post","link":"https:\/\/noticiasveraces.com\/?p=41169","title":{"rendered":"Rusia lanza las principales huelgas de ataque de Ucrania cerca de la frontera de la OTAN"},"content":{"rendered":"<p> \n<\/p>\n<div>\n<div id=\"beyondwords-wrapper\" class=\"beyondwords-wrapper\">\n<p><span class=\"label-bg\">NUEVO<\/span>\u00a1Ahora puedes escuchar art\u00edculos de Fox News!\n  <\/p>\n<\/div>\n<p class=\"speakable\">Dos aviones de combate alemanes fueron revueltos durante la noche de Rumania despu\u00e9s de que Rusia lanz\u00f3 un ataque de misiles y drones a gran escala en Ucrania a menos de una milla de la l\u00edmite de la OTAN.<\/p>\n<p class=\"speakable\">El Ministerio de Defensa de Rumania dijo el mi\u00e9rcoles que dos aviones alemanes de tifones eurofighter, estacionados en la base a\u00e9rea Mihail Kog\u0103lnicenu de Rumania como parte de la misi\u00f3n de vigilancia a\u00e9rea mejorada de la OTAN, se desplegaron \u00abpara monitorear la situaci\u00f3n a\u00e9rea\u00bb, pero se\u00f1al\u00f3 que esta vez ninguna aeronave o proyectiles rusos cruzaron la frontera de la OTAN.<\/p>\n<p>A pesar de las conversaciones de la semana pasada entre el presidente ruso Vladimir Putin y el presidente Donald Trump, Mosc\u00fa ha continuado su bombardeo a\u00e9reo de Ucrania, incluso en un ataque nocturno que se dirigi\u00f3 a las instalaciones petroleras y portuarias en la regi\u00f3n de Odeesa en y cerca del r\u00edo Danube, que separa la frontera ucraniana con la naci\u00f3n de la OTAN aliada de Romania. <\/p>\n<p><strong>Rusia lanza un ataque m\u00e1s grande contra Ucrania este mes despu\u00e9s de las reuniones de Trump con Putin, Zelenskyy<\/strong><\/p>\n<div class=\"image-ct inline\">\n<div class=\"m\"><picture><source media=\"(max-width: 767px)\" srcset=\"https:\/\/a57.foxnews.com\/static.foxnews.com\/foxnews.com\/content\/uploads\/2025\/08\/343\/192\/german-eurofighter-typhoon-jet.jpg?ve=1&amp;tl=1, https:\/\/a57.foxnews.com\/static.foxnews.com\/foxnews.com\/content\/uploads\/2025\/08\/686\/384\/german-eurofighter-typhoon-jet.jpg?ve=1&amp;tl=1 2x\" height=\"192\" width=\"343\"><source media=\"(min-width: 768px) and (max-width: 1023px)\" srcset=\"https:\/\/a57.foxnews.com\/static.foxnews.com\/foxnews.com\/content\/uploads\/2025\/08\/672\/378\/german-eurofighter-typhoon-jet.jpg?ve=1&amp;tl=1, https:\/\/a57.foxnews.com\/static.foxnews.com\/foxnews.com\/content\/uploads\/2025\/08\/1344\/756\/german-eurofighter-typhoon-jet.jpg?ve=1&amp;tl=1 2x\" height=\"378\" width=\"672\"><source media=\"(min-width: 1024px) and (max-width: 1279px)\" srcset=\"https:\/\/a57.foxnews.com\/static.foxnews.com\/foxnews.com\/content\/uploads\/2025\/08\/931\/523\/german-eurofighter-typhoon-jet.jpg?ve=1&amp;tl=1, https:\/\/a57.foxnews.com\/static.foxnews.com\/foxnews.com\/content\/uploads\/2025\/08\/1862\/1046\/german-eurofighter-typhoon-jet.jpg?ve=1&amp;tl=1 2x\" height=\"523\" width=\"931\"><source media=\"(min-width: 1280px)\" srcset=\"https:\/\/a57.foxnews.com\/static.foxnews.com\/foxnews.com\/content\/uploads\/2025\/08\/720\/405\/german-eurofighter-typhoon-jet.jpg?ve=1&amp;tl=1, https:\/\/a57.foxnews.com\/static.foxnews.com\/foxnews.com\/content\/uploads\/2025\/08\/1440\/810\/german-eurofighter-typhoon-jet.jpg?ve=1&amp;tl=1 2x\" height=\"405\" width=\"720\"><img loading=\"lazy\" decoding=\"async\" src=\"https:\/\/a57.foxnews.com\/static.foxnews.com\/foxnews.com\/content\/uploads\/2025\/08\/1200\/675\/german-eurofighter-typhoon-jet.jpg?ve=1&amp;tl=1\" alt=\"Jet de typhoon eurofighter alem\u00e1n\" width=\"1200\" height=\"675\"\/><\/source><\/source><\/source><\/source><\/picture><\/div>\n<div class=\"info\">\n<div class=\"caption\">\n<p><span>El tif\u00f3n Eurofighter EF-2000 de la Fuerza A\u00e9rea Alemana despega de la Base A\u00e9rea Militar de Los Llanos durante el Programa de Liderazgo T\u00e1ctico en Albacete, Espa\u00f1a, el 21 de noviembre de 2024. <\/span> <span>(Joan Valls \/Urbanandsport \/Nurphoto a trav\u00e9s de Getty Images)<\/span><\/p>\n<\/div>\n<\/div>\n<\/div>\n<p>El despliegue de los aviones de la OTAN se produce despu\u00e9s de que numerosos incidentes en las \u00faltimas semanas han amenazado cada vez m\u00e1s, e incluso cruz\u00f3, las fronteras de la OTAN mientras Estados Unidos y Europa contin\u00faan presionando para que Rusia ponga fin a su guerra.<\/p>\n<p>El presidente ucraniano, Volodymyr Zelenskyy, inform\u00f3 temprano el mi\u00e9rcoles que se dispararon m\u00e1s de 60 drones y misiles bal\u00edsticos a trav\u00e9s de Ucrania durante la noche, incluida la regi\u00f3n noreste de Sumy, donde una huelga de drones lesion\u00f3 a 14 personas, aunque la fuerza a\u00e9rea de Ucrania luego aument\u00f3 el n\u00famero de strikes de drones durante la noche a 93, y se\u00f1al\u00f3 que 62 de los misiles de estilo shahied, as\u00ed como un bally ballysil, as\u00ed como un ballido durante la noche.<\/p>\n<p>\u00abUna familia con ni\u00f1os heridos, 5 meses, 4 a\u00f1os y 6 a\u00f1os, busc\u00f3 asistencia despu\u00e9s del ataque\u00bb, dijo Zelenskyy. <\/p>\n<p>Una bomba de deslizamiento en Donetsk da\u00f1\u00f3 cinco edificios de apartamentos, y tres personas a\u00fan estaban atrapadas bajo los escombros hasta el mi\u00e9rcoles por la ma\u00f1ana.<\/p>\n<p><strong>Jefes conjuntos, hom\u00f3logos de la OTAN para discutir las garant\u00edas de seguridad de Ucrania despu\u00e9s de que Trump sugiere apoyo a\u00e9reo estadounidense<\/strong><\/p>\n<div class=\"image-ct inline\">\n<div class=\"m\"><picture><source media=\"(max-width: 767px)\" srcset=\"https:\/\/a57.foxnews.com\/static.foxnews.com\/foxnews.com\/content\/uploads\/2025\/08\/343\/192\/drone-strike-on-sumy.jpg?ve=1&amp;tl=1, https:\/\/a57.foxnews.com\/static.foxnews.com\/foxnews.com\/content\/uploads\/2025\/08\/686\/384\/drone-strike-on-sumy.jpg?ve=1&amp;tl=1 2x\" height=\"192\" width=\"343\"><source media=\"(min-width: 768px) and (max-width: 1023px)\" srcset=\"https:\/\/a57.foxnews.com\/static.foxnews.com\/foxnews.com\/content\/uploads\/2025\/08\/672\/378\/drone-strike-on-sumy.jpg?ve=1&amp;tl=1, https:\/\/a57.foxnews.com\/static.foxnews.com\/foxnews.com\/content\/uploads\/2025\/08\/1344\/756\/drone-strike-on-sumy.jpg?ve=1&amp;tl=1 2x\" height=\"378\" width=\"672\"><source media=\"(min-width: 1024px) and (max-width: 1279px)\" srcset=\"https:\/\/a57.foxnews.com\/static.foxnews.com\/foxnews.com\/content\/uploads\/2025\/08\/931\/523\/drone-strike-on-sumy.jpg?ve=1&amp;tl=1, https:\/\/a57.foxnews.com\/static.foxnews.com\/foxnews.com\/content\/uploads\/2025\/08\/1862\/1046\/drone-strike-on-sumy.jpg?ve=1&amp;tl=1 2x\" height=\"523\" width=\"931\"><source media=\"(min-width: 1280px)\" srcset=\"https:\/\/a57.foxnews.com\/static.foxnews.com\/foxnews.com\/content\/uploads\/2025\/08\/720\/405\/drone-strike-on-sumy.jpg?ve=1&amp;tl=1, https:\/\/a57.foxnews.com\/static.foxnews.com\/foxnews.com\/content\/uploads\/2025\/08\/1440\/810\/drone-strike-on-sumy.jpg?ve=1&amp;tl=1 2x\" height=\"405\" width=\"720\"><img loading=\"lazy\" decoding=\"async\" src=\"https:\/\/a57.foxnews.com\/static.foxnews.com\/foxnews.com\/content\/uploads\/2025\/08\/1200\/675\/drone-strike-on-sumy.jpg?ve=1&amp;tl=1\" alt=\"Huelga de drones a la familia de las lesiones Sumy\" width=\"1200\" height=\"675\"\/><\/source><\/source><\/source><\/source><\/picture><\/div>\n<div class=\"info\">\n<div class=\"caption\">\n<p><span>En una vista a\u00e9rea, el edificio de la Universidad Estatal de Sumy est\u00e1 muy da\u00f1ado por un ataque a\u00e9reo ruso el 18 de agosto de 2025 en Sumy, Ucrania. <\/span> <span>(Yehor Kryvoruchko\/Kordon.Media\/Global Images Ucrania a trav\u00e9s de Getty Images)<\/span><\/p>\n<\/div>\n<\/div>\n<\/div>\n<p>\u00abLa operaci\u00f3n de rescate contin\u00faa\u00bb, agreg\u00f3 Zelenskyy, aunque no confirm\u00f3 cu\u00e1ntos otros resultaron heridos en las huelgas.<\/p>\n<p>\u00abTodos estos son ataques demostrativos que solo confirman la necesidad de presionar a Mosc\u00fa, la necesidad de imponer nuevas sanciones y tarifas hasta que la diplomacia sea totalmente efectiva\u00bb, dijo Zelenskyy en X. \u00abAgradezco a todos los socios que est\u00e1n ayudando a detener esta guerra rusa. Junto con Estados Unidos, Europa y todos los que buscan paz.<\/p>\n<div class=\"image-ct inline\">\n<div class=\"m\"><picture><source media=\"(max-width: 767px)\" srcset=\"https:\/\/a57.foxnews.com\/static.foxnews.com\/foxnews.com\/content\/uploads\/2025\/08\/343\/192\/trump_european-leaders_02.jpg?ve=1&amp;tl=1, https:\/\/a57.foxnews.com\/static.foxnews.com\/foxnews.com\/content\/uploads\/2025\/08\/686\/384\/trump_european-leaders_02.jpg?ve=1&amp;tl=1 2x\" height=\"192\" width=\"343\"><source media=\"(min-width: 768px) and (max-width: 1023px)\" srcset=\"https:\/\/a57.foxnews.com\/static.foxnews.com\/foxnews.com\/content\/uploads\/2025\/08\/672\/378\/trump_european-leaders_02.jpg?ve=1&amp;tl=1, https:\/\/a57.foxnews.com\/static.foxnews.com\/foxnews.com\/content\/uploads\/2025\/08\/1344\/756\/trump_european-leaders_02.jpg?ve=1&amp;tl=1 2x\" height=\"378\" width=\"672\"><source media=\"(min-width: 1024px) and (max-width: 1279px)\" srcset=\"https:\/\/a57.foxnews.com\/static.foxnews.com\/foxnews.com\/content\/uploads\/2025\/08\/931\/523\/trump_european-leaders_02.jpg?ve=1&amp;tl=1, https:\/\/a57.foxnews.com\/static.foxnews.com\/foxnews.com\/content\/uploads\/2025\/08\/1862\/1046\/trump_european-leaders_02.jpg?ve=1&amp;tl=1 2x\" height=\"523\" width=\"931\"><source media=\"(min-width: 1280px)\" srcset=\"https:\/\/a57.foxnews.com\/static.foxnews.com\/foxnews.com\/content\/uploads\/2025\/08\/720\/405\/trump_european-leaders_02.jpg?ve=1&amp;tl=1, https:\/\/a57.foxnews.com\/static.foxnews.com\/foxnews.com\/content\/uploads\/2025\/08\/1440\/810\/trump_european-leaders_02.jpg?ve=1&amp;tl=1 2x\" height=\"405\" width=\"720\"><img loading=\"lazy\" decoding=\"async\" src=\"https:\/\/a57.foxnews.com\/static.foxnews.com\/foxnews.com\/content\/uploads\/2025\/08\/1200\/675\/trump_european-leaders_02.jpg?ve=1&amp;tl=1\" alt=\"Donald Trump se re\u00fane con l\u00edderes europeos en la Casa Blanca\" width=\"1200\" height=\"675\"\/><\/source><\/source><\/source><\/source><\/picture><\/div>\n<div class=\"info\">\n<div class=\"caption\">\n<p><span>President Donald Trump, Ukrainian President Volodymyr Zelenskyy, German Chancellor Friedrich Merz, French President Emmanuel Macron, British Prime Minister Keir Starmer, Italian Prime Minister Giorgia Meloni, Finland&#8217;s President Alexander Stubb, NATO Secretary General Mark Rutte and European Commission President Ursula von der Leyen pose for a family photo amid negotiations to end the Russian war in Ukraine, at the White Casa en Washington, 18 de agosto de 2025.<\/span> <span>(Alexander Drago\/Reuters)<\/span><\/p>\n<\/div>\n<\/div>\n<\/div>\n<p><strong>Haga clic aqu\u00ed para obtener la aplicaci\u00f3n Fox News<\/strong><\/p>\n<p>\u00abNecesitamos fuertes garant\u00edas de seguridad para garantizar una paz verdaderamente confiable y duradera\u00bb, agreg\u00f3. <\/p>\n<p>Los ataques se producen cuando las naciones de la OTAN se preparan para reunirse virtualmente el mi\u00e9rcoles para discutir las garant\u00edas de seguridad para Ucrania despu\u00e9s de las conversaciones de alto nivel entre Trump y Putin el viernes, y luego Trump, Zelenskyy y los principales l\u00edderes de la OTAN en la Casa Blanca el lunes. <\/p>\n<p> <!----> <\/p>\n<div class=\"article-meta\">\n<div class=\"author-bio\">\n<p>Caitlin McFall es reportero de Fox News Digital Cubting Politics, US y World News.<\/p>\n<\/div>\n<\/div>\n<\/div>\n\n","protected":false},"excerpt":{"rendered":"<p>NUEVO\u00a1Ahora puedes escuchar art\u00edculos de Fox News! Dos aviones de combate alemanes fueron revueltos durante la noche de Rumania despu\u00e9s de que Rusia lanz\u00f3 un ataque de misiles y drones a gran escala en Ucrania a menos de una milla de la l\u00edmite de la OTAN. El Ministerio de Defensa de Rumania dijo el mi\u00e9rcoles &hellip;<\/p>\n","protected":false},"author":1,"featured_media":41171,"comment_status":"open","ping_status":"open","sticky":false,"template":"","format":"standard","meta":{"fifu_image_url":"https:\/\/static.foxnews.com\/foxnews.com\/content\/uploads\/2025\/08\/german-eurofighter-typhoon-jet.jpg","fifu_image_alt":"","footnotes":""},"categories":[13],"tags":[],"class_list":["post-41169","post","type-post","status-publish","format-standard","has-post-thumbnail","","category-mundo"],"_links":{"self":[{"href":"https:\/\/noticiasveraces.com\/index.php?rest_route=\/wp\/v2\/posts\/41169","targetHints":{"allow":["GET"]}}],"collection":[{"href":"https:\/\/noticiasveraces.com\/index.php?rest_route=\/wp\/v2\/posts"}],"about":[{"href":"https:\/\/noticiasveraces.com\/index.php?rest_route=\/wp\/v2\/types\/post"}],"author":[{"embeddable":true,"href":"https:\/\/noticiasveraces.com\/index.php?rest_route=\/wp\/v2\/users\/1"}],"replies":[{"embeddable":true,"href":"https:\/\/noticiasveraces.com\/index.php?rest_route=%2Fwp%2Fv2%2Fcomments&post=41169"}],"version-history":[{"count":0,"href":"https:\/\/noticiasveraces.com\/index.php?rest_route=\/wp\/v2\/posts\/41169\/revisions"}],"wp:featuredmedia":[{"embeddable":true,"href":"https:\/\/noticiasveraces.com\/index.php?rest_route=\/wp\/v2\/media\/41171"}],"wp:attachment":[{"href":"https:\/\/noticiasveraces.com\/index.php?rest_route=%2Fwp%2Fv2%2Fmedia&parent=41169"}],"wp:term":[{"taxonomy":"category","embeddable":true,"href":"https:\/\/noticiasveraces.com\/index.php?rest_route=%2Fwp%2Fv2%2Fcategories&post=41169"},{"taxonomy":"post_tag","embeddable":true,"href":"https:\/\/noticiasveraces.com\/index.php?rest_route=%2Fwp%2Fv2%2Ftags&post=41169"}],"curies":[{"name":"wp","href":"https:\/\/api.w.org\/{rel}","templated":true}]}}