{"id":41148,"date":"2025-08-20T06:06:05","date_gmt":"2025-08-20T10:06:05","guid":{"rendered":"https:\/\/noticiasveraces.com\/?p=41148"},"modified":"2025-08-20T06:06:05","modified_gmt":"2025-08-20T10:06:05","slug":"tras-la-cumbre-sobre-ucrania-que-puede-aportar-alemania-dw-19-08-2025","status":"publish","type":"post","link":"https:\/\/noticiasveraces.com\/?p=41148","title":{"rendered":"Tras la cumbre sobre Ucrania, \u00bfqu\u00e9 puede aportar Alemania? \u2013 DW \u2013 19\/08\/2025"},"content":{"rendered":"<p> \n<\/p>\n<div data-tracking-name=\"rich-text\" data-tracking-skip=\"true\">\n<p>Todos los participantes coincidieron en que se trat\u00f3 de una reuni\u00f3n en un ambiente positivo. El presidente estadounidense,Donald Trump\u00a0, invit\u00f3 a Washington a altos representantes de la Uni\u00f3n Europeay la OTAN,\u00a0y al presidente ucraniano, Volodimir Zelenski, para establecer las posibles directrices sobre un acuerdo de paz en Ucrania.<\/p>\n<p>Trump escribi\u00f3 en su plataforma\u00a0Truth Social que desear\u00eda que Zelenski y Putin se reunieran solos, y que luego, en otro encuentro posterior, se encontraran ambos mandatarios y el presidente estadounidense.<\/p>\n<p>El canciller alem\u00e1n, Friedrich Merz, expres\u00f3 en Washington sobre dicho encuentro: \u00abPodr\u00eda haber resultado de manera diferente, pero mis expectativas no solo se cumplieron, sino que se vieron superadas\u201d.<\/p>\n<p>Sobre una posible reuni\u00f3n entre Zelenski y Putin afirm\u00f3: \u00abNno sabemos si el presidente ruso tendr\u00e1 el valor de asistir a una cumbre as\u00ed. Por eso necesitamos realizar una tarea de persuasi\u00f3n\u00bb. Al parecer, el encuentro podr\u00eda tener lugar en las pr\u00f3ximas dos semanas.<\/p>\n<p>En declaraciones a DW, Rafael Loss, experto en seguridad del Consejo Europeo de Relaciones Exteriores (ECFR), aclar\u00f3 que \u00abes totalmente positiva la forma en la que los europeos trabajaron en sinton\u00eda y se esforzaron intensamente de antemano para coordinar los puntos de debate y presentarlos de forma comprensible y accesible para Trump\u00bb.<\/p>\n<p><span data-slot-id=\"Article_InContent-1\" class=\"rich-text-ad\"\/><\/p>\n<h2>\u00bfAlto el fuego o negociaciones de paz inmediatas?<\/h2>\n<p>Pero es un hecho que Estados Unidos y Europa tienen ideas diferentes sobre el camino hacia la paz en Ucrania. El presidente Trump apunt\u00f3 que se podr\u00eda desistir de un alto el fuego. Los europeos, en cambio, tienen una opini\u00f3n completamente diferente. El canciller alem\u00e1n declar\u00f3 que \u00abhonestamente, todos queremos un alto el fuego\u201d.<\/p>\n<p>Rafael Loss explic\u00f3 a DW al respecto que \u00abobviamente, hay expectativas muy diferentes sobre c\u00f3mo abordar las conversaciones. Donald Trump se acerca mucho m\u00e1s a Vladimir Putin en este tema cuando dice: &#8216;Primero debemos aclarar las cuestiones realmente importantes&#8217;\u201d.<\/p>\n<h2>Garant\u00edas de seguridad para Ucrania, \u00bfpero c\u00f3mo?<\/h2>\n<p>Ucrania teme que, incluso despu\u00e9s de un alto el fuego o un acuerdo de paz, Rusia contin\u00fae con sus ataques. Los europeos est\u00e1n \u00aben primera l\u00ednea de defensa\u00bb en este sentido, afirm\u00f3 Trump. Pero Washington tambi\u00e9n har\u00e1 su parte, a\u00f1adi\u00f3. De hecho, se est\u00e1n debatiendo garant\u00edas para Ucrania basadas en el Art\u00edculo 5 del Tratado de la OTAN, que indica que un ataque armado contra uno o m\u00e1s miembros en Europa o Estados Unidos se considerar\u00e1 un ataque contra todos.<\/p>\n<p>La idea fue impulsada por la primera ministra italiana, Giorgia Meloni. El secretario general de la OTAN, Mark Rutte, enfatiz\u00f3 en Washington que, si bien la plena membres\u00eda de Ucrania en la alianza no est\u00e1 en juego, las garant\u00edas similares a las del Art\u00edculo 5 siguen sobre la mesa.<\/p>\n<p>En cuanto a la delicada cuesti\u00f3n de la cesi\u00f3n de territorio de Ucrania a Rusia, aparentemente ese asunto no se negoci\u00f3 en Washington.\u00a0Solo Ucrania puede decidirlo, aunque Rusia reclame grandes extensiones de Ucrania como territorio propio.<\/p>\n<figure class=\"placeholder-image master_landscape big\"><img data-format=\"MASTER_LANDSCAPE\" data-id=\"73686575\" data-url=\"https:\/\/static.dw.com\/image\/73686575_${formatId}.jpg\" data-aspect-ratio=\"16\/9\" alt=\"Volodimir Zelenski y Vladimir Putin.\" style=\"padding-bottom: 56.25%; height: 0; max-height: 0;\"\/><figcaption class=\"img-caption\">El presidente ucraniano, Volodimir Zelenski, y el presidente ruso, Vladimir Putin.<small class=\"copyright\">Imagen: Mandel y Andrew.<\/small><\/figcaption><\/figure>\n<h2>\u00bfTropas de paz para Ucrania, incluidas las alemanas?<\/h2>\n<p>Otra garant\u00eda de seguridad podr\u00eda darse a trav\u00e9s del apoyo de soldados de la UE o la OTAN. En la actualidad, se debate si la Bundeswehr tambi\u00e9n podr\u00eda contribuir al mantenimiento de la paz. Francia y Gran Breta\u00f1a llevan mucho tiempo considerando su participaci\u00f3n en ello.<\/p>\n<p>El canciller alem\u00e1n Merz\u00a0enfatiz\u00f3, por su parte, que es \u00abdemasiado pronto para dar una respuesta definitiva\u00bb.\u00a0En principio, corresponde al Bundestag decidir sobre las misiones de la Bundeswehr en el extranjero.<\/p>\n<p>El experto en seguridad Loss dijo a DW que cree que es realista entrenar personal militar directamente en Ucrania: \u00abLas tropas terrestres ser\u00edan, de hecho, lo l\u00f3gico, considerando que Alemania es el pa\u00eds m\u00e1s grande de Europa. Alemania ya tiene una responsabilidad al respecto. Creo que ser\u00eda un error descartarlo de entrada\u00bb.<\/p>\n<h2>Alemania: \u00bfun l\u00edder europeo para la paz en Ucrania?<\/h2>\n<p>Merz dej\u00f3 claro al comienzo de su mandato que la pol\u00edtica exterior y de defensa ten\u00edan alta prioridad. La semana pasada, organiz\u00f3 una reuni\u00f3n preparatoria para la cumbre de Alaska entre Trump y Putin. Poco despu\u00e9s de su elecci\u00f3n como canciller, viaj\u00f3 a Kiev con otros pol\u00edticos europeos, mostrando as\u00ed su solidaridad con Ucrania.<\/p>\n<p>El experto Rafael Loss tambi\u00e9n eval\u00faa positivamente las acciones pol\u00edticas de Merz: \u00abSin duda, tiene una manera especial de llegar a Donald Trump, como hemos visto en los \u00faltimos meses. Pero act\u00faa\u00a0en estrecha coordinaci\u00f3n con sus colegas europeos, con quienes articula conjuntamente una l\u00ednea europea\u00bb.<\/p>\n<p>(RMR\/CP)<\/p>\n<\/p>\n<\/div>\n\n","protected":false},"excerpt":{"rendered":"<p>Todos los participantes coincidieron en que se trat\u00f3 de una reuni\u00f3n en un ambiente positivo. El presidente estadounidense,Donald Trump\u00a0, invit\u00f3 a Washington a altos representantes de la Uni\u00f3n Europeay la OTAN,\u00a0y al presidente ucraniano, Volodimir Zelenski, para establecer las posibles directrices sobre un acuerdo de paz en Ucrania. Trump escribi\u00f3 en su plataforma\u00a0Truth Social que &hellip;<\/p>\n","protected":false},"author":1,"featured_media":41149,"comment_status":"open","ping_status":"open","sticky":false,"template":"","format":"standard","meta":{"fifu_image_url":"https:\/\/static.dw.com\/image\/73686057_6.jpg","fifu_image_alt":"","footnotes":""},"categories":[13],"tags":[],"class_list":["post-41148","post","type-post","status-publish","format-standard","has-post-thumbnail","","category-mundo"],"_links":{"self":[{"href":"https:\/\/noticiasveraces.com\/index.php?rest_route=\/wp\/v2\/posts\/41148","targetHints":{"allow":["GET"]}}],"collection":[{"href":"https:\/\/noticiasveraces.com\/index.php?rest_route=\/wp\/v2\/posts"}],"about":[{"href":"https:\/\/noticiasveraces.com\/index.php?rest_route=\/wp\/v2\/types\/post"}],"author":[{"embeddable":true,"href":"https:\/\/noticiasveraces.com\/index.php?rest_route=\/wp\/v2\/users\/1"}],"replies":[{"embeddable":true,"href":"https:\/\/noticiasveraces.com\/index.php?rest_route=%2Fwp%2Fv2%2Fcomments&post=41148"}],"version-history":[{"count":0,"href":"https:\/\/noticiasveraces.com\/index.php?rest_route=\/wp\/v2\/posts\/41148\/revisions"}],"wp:featuredmedia":[{"embeddable":true,"href":"https:\/\/noticiasveraces.com\/index.php?rest_route=\/wp\/v2\/media\/41149"}],"wp:attachment":[{"href":"https:\/\/noticiasveraces.com\/index.php?rest_route=%2Fwp%2Fv2%2Fmedia&parent=41148"}],"wp:term":[{"taxonomy":"category","embeddable":true,"href":"https:\/\/noticiasveraces.com\/index.php?rest_route=%2Fwp%2Fv2%2Fcategories&post=41148"},{"taxonomy":"post_tag","embeddable":true,"href":"https:\/\/noticiasveraces.com\/index.php?rest_route=%2Fwp%2Fv2%2Ftags&post=41148"}],"curies":[{"name":"wp","href":"https:\/\/api.w.org\/{rel}","templated":true}]}}