{"id":41136,"date":"2025-08-20T05:05:06","date_gmt":"2025-08-20T09:05:06","guid":{"rendered":"https:\/\/noticiasveraces.com\/?p=41136"},"modified":"2025-08-20T05:05:06","modified_gmt":"2025-08-20T09:05:06","slug":"viena-sera-sede-de-la-version-70-del-festival-de-eurovision-dw-20-08-2025","status":"publish","type":"post","link":"https:\/\/noticiasveraces.com\/?p=41136","title":{"rendered":"Viena ser\u00e1 sede de la versi\u00f3n 70 del Festival de Eurovisi\u00f3n \u2013 DW \u2013 20\/08\/2025"},"content":{"rendered":"<p> \n<\/p>\n<div data-tracking-name=\"rich-text\" data-tracking-skip=\"true\">\n<p>Viena se impuso como la sede de la 70\u00aa edici\u00f3n del Festival de la Canci\u00f3n de Eurovisi\u00f3n, inform\u00f3 este mi\u00e9rcoles (20.08.2025) la radiotelevisi\u00f3n austr\u00edaca ORF. La capital de Austria se impuso a la otra candidata, la ciudad alpina de Innsbruck, y acoger\u00e1 por tercera vez -tras 1967 y 2015- el mayor evento musical televisado en directo del mundo, que tendr\u00e1 lugar en mayo de 2026.<\/p>\n<p>La capital austr\u00edaca present\u00f3 su candidatura bajo el lema &#8216;Europe, shall we dance?&#8217; (Europa, \u00bfbailamos?) y hab\u00eda ofrecido como sede la Wiener Stadthalle, un pabell\u00f3n multiuso con capacidad para hasta 16.000 personas, a apenas 3 kil\u00f3metros del centro de la ciudad. El austr\u00edaco JJ gan\u00f3 en la pasada edici\u00f3n, celebrada en Basilea (Suiza), lo que convierte a su pa\u00eds natal en el encargado de organizar el show en 2026.<\/p>\n<p>Roland Wei\u00dfmann, director general de la ORF, record\u00f3 que la emisora analiz\u00f3 durante cuatro semanas dos candidaturas \u00abmuy apasionadas\u00bb antes de tomar esta \u00abdif\u00edcil\u00bb decisi\u00f3n. \u00abLa reputaci\u00f3n de Viena, considerada una de las ciudades m\u00e1s importantes del mundo en el \u00e1mbito musical, y su ubicaci\u00f3n en el coraz\u00f3n de Europa, la convierten en la ciudad anfitriona ideal\u00bb coment\u00f3, por su parte, Martin Green, director de Eurovisi\u00f3n.<\/p>\n<h2>Impacto en el turismo<\/h2>\n<p>Viena defendi\u00f3 su candidatura con el argumento de que la ciudad tiene mucha experiencia acogiendo grandes eventos, tanto culturales como pol\u00edticos y cient\u00edficos, y dispone de una amplia infraestructura hotelera. Adem\u00e1s, dispone de conexiones a\u00e9reas directas con 195 destinos en 65 pa\u00edses, y es un centro cultural de primera l\u00ednea, con instituciones como la \u00d3pera de Viena, y numerosos museos, teatros y salas de conciertos.<\/p>\n<p>Wei\u00dfmann, que agradeci\u00f3 y valor\u00f3 la candidatura de Innsbruck, afirm\u00f3 que la edici\u00f3n del a\u00f1o que viene ser\u00e1 para toda Austria y que conf\u00eda en que tenga un impacto positivo en el turismo de todo el pa\u00eds. Tambi\u00e9n indic\u00f3\u00a0 que la final se celebrar\u00e1 el s\u00e1bado 16 de mayo, lo que sit\u00faa las fechas de las semifinales los d\u00edas 12 y 14 de mayo. A\u00fan queda por definir el presupuesto del espect\u00e1culo, sobre el que la ciudad no ha entregado cifras.<\/p>\n<p>Unos 166 millones de espectadores en 37 pa\u00edses vieron el concurso este a\u00f1o, con un r\u00e9cord del 60 por ciento de espectadores de entre 15 y 24 a\u00f1os. La gala obtuvo todav\u00eda m\u00e1s visionados en Instagram y TikTok.<\/p>\n<p>DZC (EFE, AFP)<\/p>\n<\/div>\n\n","protected":false},"excerpt":{"rendered":"<p>Viena se impuso como la sede de la 70\u00aa edici\u00f3n del Festival de la Canci\u00f3n de Eurovisi\u00f3n, inform\u00f3 este mi\u00e9rcoles (20.08.2025) la radiotelevisi\u00f3n austr\u00edaca ORF. La capital de Austria se impuso a la otra candidata, la ciudad alpina de Innsbruck, y acoger\u00e1 por tercera vez -tras 1967 y 2015- el mayor evento musical televisado en &hellip;<\/p>\n","protected":false},"author":1,"featured_media":41137,"comment_status":"open","ping_status":"open","sticky":false,"template":"","format":"standard","meta":{"fifu_image_url":"https:\/\/static.dw.com\/image\/72578770_6.jpg","fifu_image_alt":"","footnotes":""},"categories":[13],"tags":[],"class_list":["post-41136","post","type-post","status-publish","format-standard","has-post-thumbnail","","category-mundo"],"_links":{"self":[{"href":"https:\/\/noticiasveraces.com\/index.php?rest_route=\/wp\/v2\/posts\/41136","targetHints":{"allow":["GET"]}}],"collection":[{"href":"https:\/\/noticiasveraces.com\/index.php?rest_route=\/wp\/v2\/posts"}],"about":[{"href":"https:\/\/noticiasveraces.com\/index.php?rest_route=\/wp\/v2\/types\/post"}],"author":[{"embeddable":true,"href":"https:\/\/noticiasveraces.com\/index.php?rest_route=\/wp\/v2\/users\/1"}],"replies":[{"embeddable":true,"href":"https:\/\/noticiasveraces.com\/index.php?rest_route=%2Fwp%2Fv2%2Fcomments&post=41136"}],"version-history":[{"count":0,"href":"https:\/\/noticiasveraces.com\/index.php?rest_route=\/wp\/v2\/posts\/41136\/revisions"}],"wp:featuredmedia":[{"embeddable":true,"href":"https:\/\/noticiasveraces.com\/index.php?rest_route=\/wp\/v2\/media\/41137"}],"wp:attachment":[{"href":"https:\/\/noticiasveraces.com\/index.php?rest_route=%2Fwp%2Fv2%2Fmedia&parent=41136"}],"wp:term":[{"taxonomy":"category","embeddable":true,"href":"https:\/\/noticiasveraces.com\/index.php?rest_route=%2Fwp%2Fv2%2Fcategories&post=41136"},{"taxonomy":"post_tag","embeddable":true,"href":"https:\/\/noticiasveraces.com\/index.php?rest_route=%2Fwp%2Fv2%2Ftags&post=41136"}],"curies":[{"name":"wp","href":"https:\/\/api.w.org\/{rel}","templated":true}]}}