{"id":41111,"date":"2025-08-20T00:00:09","date_gmt":"2025-08-20T04:00:09","guid":{"rendered":"https:\/\/noticiasveraces.com\/?p=41111"},"modified":"2025-08-20T00:00:09","modified_gmt":"2025-08-20T04:00:09","slug":"australia-critica-a-netanyahu-por-llamar-debil-a-albanese-dw-20-08-2025","status":"publish","type":"post","link":"https:\/\/noticiasveraces.com\/?p=41111","title":{"rendered":"Australia critica a Netanyahu por llamar \u00abd\u00e9bil\u00bb a Albanese \u2013 DW \u2013 20\/08\/2025"},"content":{"rendered":"<p> \n<\/p>\n<div data-tracking-name=\"rich-text\" data-tracking-skip=\"true\">\n<p>Australia critic\u00f3 duramente este mi\u00e9rcoles (20.08.2025) al primer ministro israel\u00ed, Benjamin Netanyahu, por calificar como d\u00e9bil al gobernante del pa\u00eds de Ocean\u00eda, y sostuvo que ser fuerte es m\u00e1s que \u00abcu\u00e1ntas personas puedes hacer estallar\u00bb.<\/p>\n<p>La relaci\u00f3n entre estos dos aliados tradicionales entr\u00f3 en conflicto desde que Australia anunci\u00f3 la semana pasada que reconocer\u00eda al Estado palestino.<\/p>\n<p>Netanyahu escal\u00f3 dr\u00e1sticamente la guerra verbal el martes al calificar al primer ministro australiano, Anthony Albanese, como un \u00abpol\u00edtico d\u00e9bil que traicion\u00f3 a Israel\u00bb.<\/p>\n<p>El ministro australiano del Interior, Tony Burke, replic\u00f3 el mi\u00e9rcoles que la declaraci\u00f3n es propia de un l\u00edder frustrado \u00abdespotricando\u00bb.<\/p>\n<p>\u00abLa fortaleza no se mide por cu\u00e1ntas personas puedes hacer estallar o cu\u00e1ntos ni\u00f1os puedes dejar hambrientos\u00bb, declar\u00f3 Burke a la televisi\u00f3n nacional ABC. <\/p>\n<h2>El anucio enfureci\u00f3 a Netanyahu<\/h2>\n<p>En los a\u00f1os 1950, Australia acogi\u00f3 a jud\u00edos que hu\u00edan del Holocausto. La ciudad de Melbourne lleg\u00f3 a albergar la mayor poblaci\u00f3n mundial per c\u00e1pita de sobrevivientes del Holocausto fuera de Israel.<\/p>\n<p>Netanyahu se enfureci\u00f3 cuando Australia anunci\u00f3 que reconocer\u00eda en septiembre al Estado palestino, siguiendo compromisos similares de Francia, Canad\u00e1 y Reino Unido.<\/p>\n<p>Las relaciones entre ambos pa\u00edses se deterioraron desde ese anuncio.<\/p>\n<p>Australia cancel\u00f3 el lunes la visa del pol\u00edtico israel\u00ed de extrema derecha Simcha Rothman, alegando que su gira de charlas \u00abpropagar\u00eda la divisi\u00f3n\u00bb.<\/p>\n<p>Un d\u00eda despu\u00e9s, Israel revoc\u00f3 las visas de los diplom\u00e1ticos australianos ante la Autoridad Palestina.<\/p>\n<p>Posteriormente, Netanyahu arremeti\u00f3 en redes sociales contra su colega australiano. \u00abLa historia recordar\u00e1 a Albanese por lo que es: un pol\u00edtico d\u00e9bil que traicion\u00f3 a Israel y abandon\u00f3 a los jud\u00edos de Australia\u00bb, public\u00f3 Netanyahu en X.<\/p>\n<p>MG (AFP, el Herald de Morning de Sidney)<\/p>\n<\/p>\n<\/div>\n\n","protected":false},"excerpt":{"rendered":"<p>Australia critic\u00f3 duramente este mi\u00e9rcoles (20.08.2025) al primer ministro israel\u00ed, Benjamin Netanyahu, por calificar como d\u00e9bil al gobernante del pa\u00eds de Ocean\u00eda, y sostuvo que ser fuerte es m\u00e1s que \u00abcu\u00e1ntas personas puedes hacer estallar\u00bb. La relaci\u00f3n entre estos dos aliados tradicionales entr\u00f3 en conflicto desde que Australia anunci\u00f3 la semana pasada que reconocer\u00eda al &hellip;<\/p>\n","protected":false},"author":1,"featured_media":41112,"comment_status":"open","ping_status":"open","sticky":false,"template":"","format":"standard","meta":{"fifu_image_url":"https:\/\/static.dw.com\/image\/73680778_6.jpg","fifu_image_alt":"","footnotes":""},"categories":[13],"tags":[],"class_list":["post-41111","post","type-post","status-publish","format-standard","has-post-thumbnail","","category-mundo"],"_links":{"self":[{"href":"https:\/\/noticiasveraces.com\/index.php?rest_route=\/wp\/v2\/posts\/41111","targetHints":{"allow":["GET"]}}],"collection":[{"href":"https:\/\/noticiasveraces.com\/index.php?rest_route=\/wp\/v2\/posts"}],"about":[{"href":"https:\/\/noticiasveraces.com\/index.php?rest_route=\/wp\/v2\/types\/post"}],"author":[{"embeddable":true,"href":"https:\/\/noticiasveraces.com\/index.php?rest_route=\/wp\/v2\/users\/1"}],"replies":[{"embeddable":true,"href":"https:\/\/noticiasveraces.com\/index.php?rest_route=%2Fwp%2Fv2%2Fcomments&post=41111"}],"version-history":[{"count":0,"href":"https:\/\/noticiasveraces.com\/index.php?rest_route=\/wp\/v2\/posts\/41111\/revisions"}],"wp:featuredmedia":[{"embeddable":true,"href":"https:\/\/noticiasveraces.com\/index.php?rest_route=\/wp\/v2\/media\/41112"}],"wp:attachment":[{"href":"https:\/\/noticiasveraces.com\/index.php?rest_route=%2Fwp%2Fv2%2Fmedia&parent=41111"}],"wp:term":[{"taxonomy":"category","embeddable":true,"href":"https:\/\/noticiasveraces.com\/index.php?rest_route=%2Fwp%2Fv2%2Fcategories&post=41111"},{"taxonomy":"post_tag","embeddable":true,"href":"https:\/\/noticiasveraces.com\/index.php?rest_route=%2Fwp%2Fv2%2Ftags&post=41111"}],"curies":[{"name":"wp","href":"https:\/\/api.w.org\/{rel}","templated":true}]}}