{"id":41107,"date":"2025-08-19T21:58:09","date_gmt":"2025-08-20T01:58:09","guid":{"rendered":"https:\/\/noticiasveraces.com\/?p=41107"},"modified":"2025-08-19T21:58:09","modified_gmt":"2025-08-20T01:58:09","slug":"ee-uu-contara-con-otra-prision-para-migrantes-en-nebraska-dw-20-08-2025","status":"publish","type":"post","link":"https:\/\/noticiasveraces.com\/?p=41107","title":{"rendered":"EE.UU. contar\u00e1 con otra prisi\u00f3n para migrantes en Nebraska \u2013 DW \u2013 20\/08\/2025"},"content":{"rendered":"<p> \n<\/p>\n<div data-tracking-name=\"rich-text\" data-tracking-skip=\"true\">\n<p>El Departamento de Seguridad Nacional de los Estados Unidos anunci\u00f3 este martes (19.08.2025) que logr\u00f3 una alianza con el estado de Nebraska para ampliar el espacio de detenci\u00f3n para \u00abextranjeros criminales\u00bb detenidos por el Servicio de Inmigraci\u00f3n y Control de Aduanas (ICE).<\/p>\n<p>Esta es la tercera alianza estatal que ICE logra luego de las prisiones de \u00abAlligator Alcatraz\u00bb en Miami y \u00abSpeedway Slammer\u00bb en Indiana y la nueva instalaci\u00f3n ser\u00e1 apodada como \u00abCornhusker\u00bb que en espa\u00f1ol significar\u00eda algo as\u00ed como el \u00abmazorcador de ma\u00edz\u00bb, en referencia al principal cultivo por el que se conoce a Nebraska, seg\u00fan un comunicado de DHS.<\/p>\n<p>Las autoridades agregaron que este centro ofrecer\u00e1 280 camas para personas extranjeras que sean detenidas y es parte del programa de 800.000 camas que ICE est\u00e1 implementando luego de la aprobaci\u00f3n del gran proyecto presupuestario y fiscal impulsado por el presidente Donald Trump y aprobado en julio por el Congreso estadounidense.<\/p>\n<p>La secrertaria de Seguridad Nacional, Kristi Noem, agradeci\u00f3 al gobernador republicano de Nebraska, Jim Pillen, por poner a disposici\u00f3n el espacio para el nuevo centro carcelario para \u00abpoder sacar lo peor de nuestro pa\u00eds\u00bb.<\/p>\n<p>Adem\u00e1s, su departamento agreg\u00f3 que el estado de Nebraska estar\u00eda dispuesto a firmar un acuerdo para que los patrulleros estatales se sumen a los agentes de ICE para realizar operativos conjuntos en materia de migraci\u00f3n. <\/p>\n<p>Durante 2025, la Administraci\u00f3n Trump aceler\u00f3 la detenci\u00f3n de migrantes en el pa\u00eds y los datos oficiales se\u00f1alan que 59.380 personas est\u00e1n actualmente dentro de los centros de detenci\u00f3n de ICE.<\/p>\n<p>Mg (AFP, Telemund)<\/p>\n<\/p>\n<\/div>\n\n","protected":false},"excerpt":{"rendered":"<p>El Departamento de Seguridad Nacional de los Estados Unidos anunci\u00f3 este martes (19.08.2025) que logr\u00f3 una alianza con el estado de Nebraska para ampliar el espacio de detenci\u00f3n para \u00abextranjeros criminales\u00bb detenidos por el Servicio de Inmigraci\u00f3n y Control de Aduanas (ICE). Esta es la tercera alianza estatal que ICE logra luego de las prisiones &hellip;<\/p>\n","protected":false},"author":1,"featured_media":41108,"comment_status":"open","ping_status":"open","sticky":false,"template":"","format":"standard","meta":{"fifu_image_url":"https:\/\/static.dw.com\/image\/73224604_6.jpg","fifu_image_alt":"","footnotes":""},"categories":[13],"tags":[],"class_list":["post-41107","post","type-post","status-publish","format-standard","has-post-thumbnail","","category-mundo"],"_links":{"self":[{"href":"https:\/\/noticiasveraces.com\/index.php?rest_route=\/wp\/v2\/posts\/41107","targetHints":{"allow":["GET"]}}],"collection":[{"href":"https:\/\/noticiasveraces.com\/index.php?rest_route=\/wp\/v2\/posts"}],"about":[{"href":"https:\/\/noticiasveraces.com\/index.php?rest_route=\/wp\/v2\/types\/post"}],"author":[{"embeddable":true,"href":"https:\/\/noticiasveraces.com\/index.php?rest_route=\/wp\/v2\/users\/1"}],"replies":[{"embeddable":true,"href":"https:\/\/noticiasveraces.com\/index.php?rest_route=%2Fwp%2Fv2%2Fcomments&post=41107"}],"version-history":[{"count":0,"href":"https:\/\/noticiasveraces.com\/index.php?rest_route=\/wp\/v2\/posts\/41107\/revisions"}],"wp:featuredmedia":[{"embeddable":true,"href":"https:\/\/noticiasveraces.com\/index.php?rest_route=\/wp\/v2\/media\/41108"}],"wp:attachment":[{"href":"https:\/\/noticiasveraces.com\/index.php?rest_route=%2Fwp%2Fv2%2Fmedia&parent=41107"}],"wp:term":[{"taxonomy":"category","embeddable":true,"href":"https:\/\/noticiasveraces.com\/index.php?rest_route=%2Fwp%2Fv2%2Fcategories&post=41107"},{"taxonomy":"post_tag","embeddable":true,"href":"https:\/\/noticiasveraces.com\/index.php?rest_route=%2Fwp%2Fv2%2Ftags&post=41107"}],"curies":[{"name":"wp","href":"https:\/\/api.w.org\/{rel}","templated":true}]}}