{"id":41091,"date":"2025-08-19T20:56:43","date_gmt":"2025-08-20T00:56:43","guid":{"rendered":"https:\/\/noticiasveraces.com\/?p=41091"},"modified":"2025-08-19T20:56:43","modified_gmt":"2025-08-20T00:56:43","slug":"netanyahu-dice-que-macron-alimenta-el-fuego-antisemita-dw-20-08-2025","status":"publish","type":"post","link":"https:\/\/noticiasveraces.com\/?p=41091","title":{"rendered":"Netanyahu dice que Macron \u00abalimenta el fuego antisemita\u00bb \u2013 DW \u2013 20\/08\/2025"},"content":{"rendered":"<p> \n<\/p>\n<div data-tracking-name=\"rich-text\" data-tracking-skip=\"true\">\n<p>El primer ministro israel\u00ed Benjamin Netanyahu acus\u00f3 al presidente franc\u00e9s Emmanuel Macron \u00abde alimentar el fuego antisemita\u00bb, al pedir el reconocimiento internacional del Estado de Palestina, mientras el Ejecutivo franc\u00e9s calific\u00f3 su an\u00e1lisis como \u00aberr\u00f3neo\u00bb y \u00ababyecto\u00bb, se conoci\u00f3 el martes (19.09.2025).<\/p>\n<p>\u00abLo llamo a reemplazar la debilidad por la acci\u00f3n, la calma por la voluntad, y hacerlo en una fecha clara: el nuevo a\u00f1o jud\u00edo, el 23 de septiembre de 2025\u00bb, reza la carta a Macron firmada por Netanyahu, con fecha de 17 de agosto y divulgada el martes.<\/p>\n<p>Netanyahu dijo estar \u00abpreocupado por el incremento alarmante del antisemitismo en Francia y la falta de acciones decisivas de su gobierno para hacerle frente. En los \u00faltimos a\u00f1os, el antisemitismo ha devastado las ciudades francesas\u00bb.<\/p>\n<p>\u00abSu llamado a un Estado palestino alimenta ese fuego antisemita. (&#8230;) Recompensa el terror del Ham\u00e1s, refuerza el rechazo de Ham\u00e1s a liberar los rehenes, anima a quienes amenazan a los jud\u00edos franceses y favorece el odio de los jud\u00edos que merodea ahora por sus calles\u00bb, afirm\u00f3.<\/p>\n<blockquote class=\"tweet embed\" data-id=\"1957881271805161768\"\/>\n<h2>Francia replica: \u00abno tenemos lecciones que recibir\u00bb<\/h2>\n<p>La presidencia francesa\u00a0replic\u00f3 al l\u00edder israel\u00ed que \u00abel an\u00e1lisis de que la decisi\u00f3n de Francia de reconocer al Estado de Palestina en septiembre explica el aumento de la violencia antisemita en Francia es err\u00f3neo, abyecto y no quedar\u00e1 sin respuesta\u00bb.<\/p>\n<p>Agreg\u00f3 que Macron conoci\u00f3 la carta a trav\u00e9s de los medios y que le responder\u00e1 a Netanyahu \u00abpor correo y sin filtrar antes su contenido a la prensa\u00bb.<\/p>\n<blockquote class=\"tweet embed\" data-id=\"1957894740550046117\"\/>\n<p>Por su parte el ministro franc\u00e9s de Asuntos europeos, Benjamin Haddad, dijo a la cadena BFMTV que Francia no \u00abtiene lecciones que recibir en la lucha contra el antisemitismo\u00bb.<\/p>\n<p>Macron anunci\u00f3 a fines de mayo que Francia reconocer\u00e1 en septiembre el Estado de Palestina, con motivo de la 80\u00aa sesi\u00f3n de la Asamblea general de Naciones Unidas.<\/p>\n<p>Francia es uno de al menos 145 pa\u00edses que reconoce o tiene planes de reconocer a un Estado palestino, seg\u00fan un recuento de la agencia AFP.<\/p>\n<p>Ham\u00e1s es un grupo calificado como terrorista por Estados Unidos, la Uni\u00f3n Europea y otros pa\u00edses.\u00a0Los ataques del 7 de octubre de 2023 contra Israel desataron la ofensiva militar israel\u00ed en Gaza.<\/p>\n<p>GS (AFP, Efe)<\/p>\n<\/div>\n\n","protected":false},"excerpt":{"rendered":"<p>El primer ministro israel\u00ed Benjamin Netanyahu acus\u00f3 al presidente franc\u00e9s Emmanuel Macron \u00abde alimentar el fuego antisemita\u00bb, al pedir el reconocimiento internacional del Estado de Palestina, mientras el Ejecutivo franc\u00e9s calific\u00f3 su an\u00e1lisis como \u00aberr\u00f3neo\u00bb y \u00ababyecto\u00bb, se conoci\u00f3 el martes (19.09.2025). \u00abLo llamo a reemplazar la debilidad por la acci\u00f3n, la calma por la &hellip;<\/p>\n","protected":false},"author":1,"featured_media":41092,"comment_status":"open","ping_status":"open","sticky":false,"template":"","format":"standard","meta":{"fifu_image_url":"https:\/\/static.dw.com\/image\/73592345_6.jpg","fifu_image_alt":"","footnotes":""},"categories":[13],"tags":[],"class_list":["post-41091","post","type-post","status-publish","format-standard","has-post-thumbnail","","category-mundo"],"_links":{"self":[{"href":"https:\/\/noticiasveraces.com\/index.php?rest_route=\/wp\/v2\/posts\/41091","targetHints":{"allow":["GET"]}}],"collection":[{"href":"https:\/\/noticiasveraces.com\/index.php?rest_route=\/wp\/v2\/posts"}],"about":[{"href":"https:\/\/noticiasveraces.com\/index.php?rest_route=\/wp\/v2\/types\/post"}],"author":[{"embeddable":true,"href":"https:\/\/noticiasveraces.com\/index.php?rest_route=\/wp\/v2\/users\/1"}],"replies":[{"embeddable":true,"href":"https:\/\/noticiasveraces.com\/index.php?rest_route=%2Fwp%2Fv2%2Fcomments&post=41091"}],"version-history":[{"count":0,"href":"https:\/\/noticiasveraces.com\/index.php?rest_route=\/wp\/v2\/posts\/41091\/revisions"}],"wp:featuredmedia":[{"embeddable":true,"href":"https:\/\/noticiasveraces.com\/index.php?rest_route=\/wp\/v2\/media\/41092"}],"wp:attachment":[{"href":"https:\/\/noticiasveraces.com\/index.php?rest_route=%2Fwp%2Fv2%2Fmedia&parent=41091"}],"wp:term":[{"taxonomy":"category","embeddable":true,"href":"https:\/\/noticiasveraces.com\/index.php?rest_route=%2Fwp%2Fv2%2Fcategories&post=41091"},{"taxonomy":"post_tag","embeddable":true,"href":"https:\/\/noticiasveraces.com\/index.php?rest_route=%2Fwp%2Fv2%2Ftags&post=41091"}],"curies":[{"name":"wp","href":"https:\/\/api.w.org\/{rel}","templated":true}]}}