{"id":41079,"date":"2025-08-19T19:55:15","date_gmt":"2025-08-19T23:55:15","guid":{"rendered":"https:\/\/noticiasveraces.com\/?p=41079"},"modified":"2025-08-19T19:55:15","modified_gmt":"2025-08-19T23:55:15","slug":"trump-no-enviara-tropas-como-garantia-de-paz-a-ucrania-dw-19-08-2025","status":"publish","type":"post","link":"https:\/\/noticiasveraces.com\/?p=41079","title":{"rendered":"Trump no enviar\u00e1 tropas como garant\u00eda de paz a Ucrania \u2013 DW \u2013 19\/08\/2025"},"content":{"rendered":"<p> \n<\/p>\n<div data-tracking-name=\"rich-text\" data-tracking-skip=\"true\">\n<p>Despu\u00e9s de la reuni\u00f3n con los l\u00edoderes europeos y el presidente ucraniano, el mandatario de EE.UU., Donald Trump, se\u00f1al\u00f3 que no contempla enviar tropas estadounidenses a Ucrania como parte de las garant\u00edas de seguridadde un futuro acuerdo de paz con Rusia. Si se mostr\u00f3 de acuerdo con que las naciones europeas tomen el liderazgo en ese sentido.<\/p>\n<p>Preguntado en Fox News sobre como podr\u00eda asegurar que no habr\u00eda \u00abtropas de EE.UU. sobre el terreno\u00bb en Ucrania, Trump respondi\u00f3: \u00abtienen mi garant\u00eda\u00bb. \u00abYo solo estoy intentando evitar que la gente sea asesinada\u00bb, insisti\u00f3 el mandatario, que el viernes dialog\u00f3 con su hom\u00f3logo ruso en Alaska (EE.UU.).<\/p>\n<h2>Seguridad sin\u00a0 la OTAN<\/h2>\n<p>Trump reiter\u00f3 que \u00abhabr\u00e1 alg\u00fan tipo de seguridad\u00bb para Kiev, \u00abaunque no dentro de la OTAN\u00bb, y afirm\u00f3 estar de acuerdo con la presencia de fuerzas militares europeas en esa naci\u00f3n en guerra.<\/p>\n<p>\u00abEllos (los ucranianos) no van a ser parte de la OTAN, pero tenemos a las naciones europeas, y ellas van a estar al frente. Y algunas de ellas, Francia y Alemania, tambi\u00e9n Reino Unido quieren tener, ya sabes, tropas sobre el terreno. No creo que vaya a ser un problema, para serte sincero. Creo que Putin est\u00e1 cansado de esto. Creo que todos est\u00e1n cansados de esto\u00bb, indic\u00f3.<\/p>\n<p>Adem\u00e1s, dijo estar sorprendido por como Putin y Zelenski se llevan \u00abun poco mejor de lo que pensaba\u00bb, algo que lo llev\u00f3 a organizar primero una reuni\u00f3n bilateral entre los dos l\u00edderes en lugar de solo una cumbre tripartita de paz.<\/p>\n<p>\u00abSe est\u00e1n llevando un poco mejor de lo que pensaba; de lo contrario, no habr\u00eda organizado la reuni\u00f3n de dos. Habr\u00eda organizado la de tres, la trilateral. Pero creo que les est\u00e1 yendo un poco mejor. (&#8230;) No dir\u00eda que alguna vez vayan a ser los mejores amigos, pero les va bien\u00bb, declar\u00f3.<\/p>\n<p>Sobre la posible cita de las tres partes negociadoras, el Kremlin rebaj\u00f3 las expectativas de una fecha inmediata y dijo que una cita de este tipo debe \u00abprepararse minuciosamente\u00bb, aunque indic\u00f3 que \u00abno rechaza ning\u00fan formato de trabajo, ni bilateral, ni trilateral\u00bb.<\/p>\n<p>(Efe, Reuters)<\/p>\n<\/p>\n<\/div>\n\n","protected":false},"excerpt":{"rendered":"<p>Despu\u00e9s de la reuni\u00f3n con los l\u00edoderes europeos y el presidente ucraniano, el mandatario de EE.UU., Donald Trump, se\u00f1al\u00f3 que no contempla enviar tropas estadounidenses a Ucrania como parte de las garant\u00edas de seguridadde un futuro acuerdo de paz con Rusia. Si se mostr\u00f3 de acuerdo con que las naciones europeas tomen el liderazgo en &hellip;<\/p>\n","protected":false},"author":1,"featured_media":41080,"comment_status":"open","ping_status":"open","sticky":false,"template":"","format":"standard","meta":{"fifu_image_url":"https:\/\/static.dw.com\/image\/73693689_6.jpg","fifu_image_alt":"","footnotes":""},"categories":[13],"tags":[],"class_list":["post-41079","post","type-post","status-publish","format-standard","has-post-thumbnail","","category-mundo"],"_links":{"self":[{"href":"https:\/\/noticiasveraces.com\/index.php?rest_route=\/wp\/v2\/posts\/41079","targetHints":{"allow":["GET"]}}],"collection":[{"href":"https:\/\/noticiasveraces.com\/index.php?rest_route=\/wp\/v2\/posts"}],"about":[{"href":"https:\/\/noticiasveraces.com\/index.php?rest_route=\/wp\/v2\/types\/post"}],"author":[{"embeddable":true,"href":"https:\/\/noticiasveraces.com\/index.php?rest_route=\/wp\/v2\/users\/1"}],"replies":[{"embeddable":true,"href":"https:\/\/noticiasveraces.com\/index.php?rest_route=%2Fwp%2Fv2%2Fcomments&post=41079"}],"version-history":[{"count":0,"href":"https:\/\/noticiasveraces.com\/index.php?rest_route=\/wp\/v2\/posts\/41079\/revisions"}],"wp:featuredmedia":[{"embeddable":true,"href":"https:\/\/noticiasveraces.com\/index.php?rest_route=\/wp\/v2\/media\/41080"}],"wp:attachment":[{"href":"https:\/\/noticiasveraces.com\/index.php?rest_route=%2Fwp%2Fv2%2Fmedia&parent=41079"}],"wp:term":[{"taxonomy":"category","embeddable":true,"href":"https:\/\/noticiasveraces.com\/index.php?rest_route=%2Fwp%2Fv2%2Fcategories&post=41079"},{"taxonomy":"post_tag","embeddable":true,"href":"https:\/\/noticiasveraces.com\/index.php?rest_route=%2Fwp%2Fv2%2Ftags&post=41079"}],"curies":[{"name":"wp","href":"https:\/\/api.w.org\/{rel}","templated":true}]}}