{"id":41076,"date":"2025-08-19T19:54:05","date_gmt":"2025-08-19T23:54:05","guid":{"rendered":"https:\/\/noticiasveraces.com\/?p=41076"},"modified":"2025-08-19T19:54:05","modified_gmt":"2025-08-19T23:54:05","slug":"dos-nuevos-fallecidos-por-golpe-de-calor-en-andalucia-sociedad","status":"publish","type":"post","link":"https:\/\/noticiasveraces.com\/?p=41076","title":{"rendered":"Dos nuevos fallecidos por golpe de calor en Andaluc\u00eda | Sociedad"},"content":{"rendered":"<p> \n<br \/><img decoding=\"async\" src=\"https:\/\/imagenes.elpais.com\/resizer\/v2\/RUCON3EY4FBVTE2SPD5GBJRKEY.jpg?auth=dd6166082c461429c5f39ea4fd4cbc886b318bc1c3faecbcebc75b52f6d4fd45\" \/><\/p>\n<div data-dtm-region=\"articulo_cuerpo\">\n<p class=\"\">Andaluc\u00eda sigue acumulando muertes por golpes de calor. La Consejer\u00eda de Salud ha confirmado el fallecimiento de un hombre de 53 a\u00f1os, en Cazalla de la Sierra (Sevilla), y una mujer de 75, en B\u00e9lmez (C\u00f3rdoba), el s\u00e1bado pasado. Ambas presentaban antecedentes personales que se consideran factores de especial riesgo, seg\u00fan indican desde el Gobierno aut\u00f3nomo.<\/p>\n<p class=\"\">En lo que va de verano ha habido, al menos, 23 muertes por ola de calor. Hasta el 14 de agosto, seg\u00fan datos del Ministerio de Sanidad a los que ha tenido acceso EL PA\u00cdS, las comunidades aut\u00f3nomas han notificado 19 muertes por golpe de calor, a los que se suman los dos conocidos este martes y otros dos fallecimientos que se conocieron el lunes, el de un hombre de 77 a\u00f1os que falleci\u00f3, tambi\u00e9n por la exposici\u00f3n a temperaturas extremas, el pasado domingo en el municipio cordob\u00e9s de La Rambla, mientras estaba dando un paseo, y el de otro en Plasencia que sufri\u00f3 un golpe de calor mientras pescaba. <\/p>\n<p class=\"\">14 de los fallecimientos por golpe de calor se han producido cuando comenz\u00f3 una prolongada ola, la tercera m\u00e1s larga desde que hay registros. Andaluc\u00eda es la comunidad que ha registrado m\u00e1s fallecidos, con un total de 10, seguida de la Valenciana, con cinco, y Catalu\u00f1a, Arag\u00f3n y Extremadura con tres, respectivamente.<\/p>\n<p class=\"\">Los golpes de calor son, sin embargo, una \u00ednfima minor\u00eda de los fallecimientos como consecuencia de las altas temperaturas. La mayor\u00eda de ellas se producen en personas muy vulnerables, con patolog\u00edas previas, generalmente ancianos. Estos decesos no se producen por una exposici\u00f3n a temperatura extrema, sino por fallos org\u00e1nicos que suelen producirse por deshidrataci\u00f3n. <\/p>\n<p class=\"\">Aunque no existen datos precisos de cu\u00e1ntas personas fallecen por el calor, hay varias aproximaciones que usan los datos de exceso de mortalidad y los correlacionan con las altas temperaturas. El MoMo, del Ministerio de Sanidad, calcula que han fallecido m\u00e1s de 3.394 personas por calor en lo que va de verano. Pero hay otros c\u00e1lculos, como la aplicaci\u00f3n MACE, que examina el riesgo por provincias, que elevan esta cifra a m\u00e1s de 12.500.<\/p>\n<\/div>\n\n","protected":false},"excerpt":{"rendered":"<p>Andaluc\u00eda sigue acumulando muertes por golpes de calor. La Consejer\u00eda de Salud ha confirmado el fallecimiento de un hombre de 53 a\u00f1os, en Cazalla de la Sierra (Sevilla), y una mujer de 75, en B\u00e9lmez (C\u00f3rdoba), el s\u00e1bado pasado. Ambas presentaban antecedentes personales que se consideran factores de especial riesgo, seg\u00fan indican desde el Gobierno &hellip;<\/p>\n","protected":false},"author":1,"featured_media":41078,"comment_status":"open","ping_status":"open","sticky":false,"template":"","format":"standard","meta":{"fifu_image_url":"https:\/\/imagenes.elpais.com\/resizer\/v2\/RUCON3EY4FBVTE2SPD5GBJRKEY.jpg?auth=dd6166082c461429c5f39ea4fd4cbc886b318bc1c3faecbcebc75b52f6d4fd45&width=1200","fifu_image_alt":"","footnotes":""},"categories":[11],"tags":[],"class_list":["post-41076","post","type-post","status-publish","format-standard","has-post-thumbnail","","category-viaje"],"_links":{"self":[{"href":"https:\/\/noticiasveraces.com\/index.php?rest_route=\/wp\/v2\/posts\/41076","targetHints":{"allow":["GET"]}}],"collection":[{"href":"https:\/\/noticiasveraces.com\/index.php?rest_route=\/wp\/v2\/posts"}],"about":[{"href":"https:\/\/noticiasveraces.com\/index.php?rest_route=\/wp\/v2\/types\/post"}],"author":[{"embeddable":true,"href":"https:\/\/noticiasveraces.com\/index.php?rest_route=\/wp\/v2\/users\/1"}],"replies":[{"embeddable":true,"href":"https:\/\/noticiasveraces.com\/index.php?rest_route=%2Fwp%2Fv2%2Fcomments&post=41076"}],"version-history":[{"count":0,"href":"https:\/\/noticiasveraces.com\/index.php?rest_route=\/wp\/v2\/posts\/41076\/revisions"}],"wp:featuredmedia":[{"embeddable":true,"href":"https:\/\/noticiasveraces.com\/index.php?rest_route=\/wp\/v2\/media\/41078"}],"wp:attachment":[{"href":"https:\/\/noticiasveraces.com\/index.php?rest_route=%2Fwp%2Fv2%2Fmedia&parent=41076"}],"wp:term":[{"taxonomy":"category","embeddable":true,"href":"https:\/\/noticiasveraces.com\/index.php?rest_route=%2Fwp%2Fv2%2Fcategories&post=41076"},{"taxonomy":"post_tag","embeddable":true,"href":"https:\/\/noticiasveraces.com\/index.php?rest_route=%2Fwp%2Fv2%2Ftags&post=41076"}],"curies":[{"name":"wp","href":"https:\/\/api.w.org\/{rel}","templated":true}]}}