{"id":41069,"date":"2025-08-19T17:50:14","date_gmt":"2025-08-19T21:50:14","guid":{"rendered":"https:\/\/noticiasveraces.com\/?p=41069"},"modified":"2025-08-19T17:50:14","modified_gmt":"2025-08-19T21:50:14","slug":"boxeador-julio-cesar-chavez-jr-es-encarcelado-en-mexico-dw-19-08-2025","status":"publish","type":"post","link":"https:\/\/noticiasveraces.com\/?p=41069","title":{"rendered":"Boxeador Julio C\u00e9sar Ch\u00e1vez Jr, es encarcelado en M\u00e9xico \u2013 DW \u2013 19\/08\/2025"},"content":{"rendered":"<p> \n<\/p>\n<div data-tracking-name=\"rich-text\" data-tracking-skip=\"true\">\n<p>El boxeador mexicano, Julio C\u00e9sar Ch\u00e1vez Jr. fue entregado por autoridades de Estados Unidos a M\u00e9xico, donde ten\u00eda una orden de aprehensi\u00f3n en su contra, y se encuentra ya en una c\u00e1rcel de m\u00e1xima seguridad en Hermosillo, en el norte\u00f1o estado de Sonora.<\/p>\n<p>De acuerdo con el Registro Nacional de Detenciones de la Secretar\u00eda de Seguridad y Protecci\u00f3n Ciudadana (SSPC), el excampe\u00f3n mundial fue entregado por EE.UU. tras permanecer poco m\u00e1s de un mes en un centro de reclusi\u00f3n del Servicio de Inmigraci\u00f3n y Control de Aduanas (ICE) de aquel pa\u00eds.<\/p>\n<p>Esta ma\u00f1ana, durante su conferencia de prensa matutina, la presidenta mexicana, Claudia Sheinbaum, confirm\u00f3 la deportaci\u00f3n del boxeador mexicano.<\/p>\n<p>El excampe\u00f3n del mundo del peso mediano ten\u00eda orden de aprehensi\u00f3n en M\u00e9xico desde el 2023 por delincuencia organizada y tr\u00e1fico de armas, la cual fue confirmada el mes pasado por la Fiscal\u00eda General de la Rep\u00fablica (FGR).<\/p>\n<p>El p\u00fagil, hijo del legendario boxeador Julio C\u00e9sar Ch\u00e1vez, afrontaba un proceso legal en Estados Unidos, donde fue detenido a principios de julio por ingresar de manera ilegal y es se\u00f1alado por tener presuntos v\u00ednculos con el Cartel de Sinaloa.<\/p>\n<p>(Efe, AFP\/MN)<\/p>\n<\/p>\n<\/div>\n\n","protected":false},"excerpt":{"rendered":"<p>El boxeador mexicano, Julio C\u00e9sar Ch\u00e1vez Jr. fue entregado por autoridades de Estados Unidos a M\u00e9xico, donde ten\u00eda una orden de aprehensi\u00f3n en su contra, y se encuentra ya en una c\u00e1rcel de m\u00e1xima seguridad en Hermosillo, en el norte\u00f1o estado de Sonora. De acuerdo con el Registro Nacional de Detenciones de la Secretar\u00eda de &hellip;<\/p>\n","protected":false},"author":1,"featured_media":41070,"comment_status":"open","ping_status":"open","sticky":false,"template":"","format":"standard","meta":{"fifu_image_url":"https:\/\/static.dw.com\/image\/73163568_6.jpg","fifu_image_alt":"","footnotes":""},"categories":[13],"tags":[],"class_list":["post-41069","post","type-post","status-publish","format-standard","has-post-thumbnail","","category-mundo"],"_links":{"self":[{"href":"https:\/\/noticiasveraces.com\/index.php?rest_route=\/wp\/v2\/posts\/41069","targetHints":{"allow":["GET"]}}],"collection":[{"href":"https:\/\/noticiasveraces.com\/index.php?rest_route=\/wp\/v2\/posts"}],"about":[{"href":"https:\/\/noticiasveraces.com\/index.php?rest_route=\/wp\/v2\/types\/post"}],"author":[{"embeddable":true,"href":"https:\/\/noticiasveraces.com\/index.php?rest_route=\/wp\/v2\/users\/1"}],"replies":[{"embeddable":true,"href":"https:\/\/noticiasveraces.com\/index.php?rest_route=%2Fwp%2Fv2%2Fcomments&post=41069"}],"version-history":[{"count":0,"href":"https:\/\/noticiasveraces.com\/index.php?rest_route=\/wp\/v2\/posts\/41069\/revisions"}],"wp:featuredmedia":[{"embeddable":true,"href":"https:\/\/noticiasveraces.com\/index.php?rest_route=\/wp\/v2\/media\/41070"}],"wp:attachment":[{"href":"https:\/\/noticiasveraces.com\/index.php?rest_route=%2Fwp%2Fv2%2Fmedia&parent=41069"}],"wp:term":[{"taxonomy":"category","embeddable":true,"href":"https:\/\/noticiasveraces.com\/index.php?rest_route=%2Fwp%2Fv2%2Fcategories&post=41069"},{"taxonomy":"post_tag","embeddable":true,"href":"https:\/\/noticiasveraces.com\/index.php?rest_route=%2Fwp%2Fv2%2Ftags&post=41069"}],"curies":[{"name":"wp","href":"https:\/\/api.w.org\/{rel}","templated":true}]}}