{"id":41066,"date":"2025-08-19T16:49:24","date_gmt":"2025-08-19T20:49:24","guid":{"rendered":"https:\/\/noticiasveraces.com\/?p=41066"},"modified":"2025-08-19T16:49:24","modified_gmt":"2025-08-19T20:49:24","slug":"las-protestas-de-serbia-dirigidas-por-estudiantes-exigen-nuevas-elecciones-en-medio-de-la-violencia-continua","status":"publish","type":"post","link":"https:\/\/noticiasveraces.com\/?p=41066","title":{"rendered":"Las protestas de Serbia dirigidas por estudiantes exigen nuevas elecciones en medio de la violencia continua"},"content":{"rendered":"<p> \n<\/p>\n<div>\n<div id=\"beyondwords-wrapper\" class=\"beyondwords-wrapper\">\n<p><span class=\"label-bg\">NUEVO<\/span>\u00a1Ahora puedes escuchar art\u00edculos de Fox News!\n  <\/p>\n<\/div>\n<p class=\"speakable\">Las protestas anticorrupci\u00f3n sacudieron la capital serbia de Belgrado cuando los manifestantes dirigidos por estudiantes se enfrentaron con los partidarios del presidente Aleksandar Vucic y su partido pol\u00edtico, exigiendo nuevas elecciones.<\/p>\n<p class=\"speakable\">Los enfrentamientos violentos entre los manifestantes antigubernamentales y las fuerzas de seguridad serbias se han intensificado durante la \u00faltima semana, y los manifestantes incendian a un edificio de oficinas que pertenece al partido gobernante en Novi Sad.<\/p>\n<p>\u00abVer\u00e1 la completa determinaci\u00f3n del estado serbio. Usaremos todo a nuestra disposici\u00f3n para restaurar la ley, la paz y el orden\u00bb, dijo el presidente Vucic en un discurso a la naci\u00f3n el s\u00e1bado por la noche.<\/p>\n<p><strong>Serbia sacudida por protestas anticorrupci\u00f3n despu\u00e9s de la tragedia de la construcci\u00f3n<\/strong><\/p>\n<div class=\"image-ct inline\">\n<div class=\"m\"><picture><source media=\"(max-width: 767px)\" srcset=\"https:\/\/a57.foxnews.com\/static.foxnews.com\/foxnews.com\/content\/uploads\/2025\/08\/343\/192\/sebia-anti-government-protests-august-2025-scaled.jpg?ve=1&amp;tl=1, https:\/\/a57.foxnews.com\/static.foxnews.com\/foxnews.com\/content\/uploads\/2025\/08\/686\/384\/sebia-anti-government-protests-august-2025-scaled.jpg?ve=1&amp;tl=1 2x\" height=\"192\" width=\"343\"><source media=\"(min-width: 768px) and (max-width: 1023px)\" srcset=\"https:\/\/a57.foxnews.com\/static.foxnews.com\/foxnews.com\/content\/uploads\/2025\/08\/672\/378\/sebia-anti-government-protests-august-2025-scaled.jpg?ve=1&amp;tl=1, https:\/\/a57.foxnews.com\/static.foxnews.com\/foxnews.com\/content\/uploads\/2025\/08\/1344\/756\/sebia-anti-government-protests-august-2025-scaled.jpg?ve=1&amp;tl=1 2x\" height=\"378\" width=\"672\"><source media=\"(min-width: 1024px) and (max-width: 1279px)\" srcset=\"https:\/\/a57.foxnews.com\/static.foxnews.com\/foxnews.com\/content\/uploads\/2025\/08\/931\/523\/sebia-anti-government-protests-august-2025-scaled.jpg?ve=1&amp;tl=1, https:\/\/a57.foxnews.com\/static.foxnews.com\/foxnews.com\/content\/uploads\/2025\/08\/1862\/1046\/sebia-anti-government-protests-august-2025-scaled.jpg?ve=1&amp;tl=1 2x\" height=\"523\" width=\"931\"><source media=\"(min-width: 1280px)\" srcset=\"https:\/\/a57.foxnews.com\/static.foxnews.com\/foxnews.com\/content\/uploads\/2025\/08\/720\/405\/sebia-anti-government-protests-august-2025-scaled.jpg?ve=1&amp;tl=1, https:\/\/a57.foxnews.com\/static.foxnews.com\/foxnews.com\/content\/uploads\/2025\/08\/1440\/810\/sebia-anti-government-protests-august-2025-scaled.jpg?ve=1&amp;tl=1 2x\" height=\"405\" width=\"720\"><img loading=\"lazy\" decoding=\"async\" src=\"https:\/\/a57.foxnews.com\/static.foxnews.com\/foxnews.com\/content\/uploads\/2025\/08\/1200\/675\/sebia-anti-government-protests-august-2025-scaled.jpg?ve=1&amp;tl=1\" alt=\"Los manifestantes se encuentran en nubes de gas lacrim\u00f3geno durante las protestas antigubernamentales en Belgrado el 16 de agosto. 2025. \" width=\"1200\" height=\"675\"\/><\/source><\/source><\/source><\/source><\/picture><\/div>\n<div class=\"info\">\n<div class=\"caption\">\n<p><span>Los manifestantes se encuentran en nubes de gas lacrim\u00f3geno durante las protestas antigubernamentales en Belgrado el 16 de agosto. 2025. <\/span> <span>(Oliver Bunic\/AFP a trav\u00e9s de Getty Images)<\/span><\/p>\n<\/div>\n<\/div>\n<\/div>\n<p>Decenas de miles de estudiantes universitarios han estado marchando y protestando desde diciembre, exigiendo justicia y responsabilidad despu\u00e9s de la muerte de 16 personas en el colapso de una estaci\u00f3n de ferrocarril en la ciudad serbia de Novi Sad. El dosel en la estaci\u00f3n de tren se derrumb\u00f3 el 1 de noviembre despu\u00e9s de renovaciones dirigidas por dos compa\u00f1\u00edas chinas.<\/p>\n<p>El gobierno est\u00e1 acusado de no implementar las demandas de los estudiantes, incluida la publicaci\u00f3n de toda la documentaci\u00f3n relacionada con la reconstrucci\u00f3n de la estaci\u00f3n de tren. En su discurso, Vucic dijo que se debe servir justicia para todos los responsables de las 16 v\u00edctimas del colapso de la estaci\u00f3n de ferrocarril Novi Sad.<\/p>\n<p>Los cr\u00edticos han llamado a la respuesta dura utilizada contra los manifestantes. Alan Berset, Secretario General del Consejo de Europa, dijo en un cargo sobre X que le preocupaba la creciente violencia.<\/p>\n<div class=\"image-ct inline\">\n<div class=\"m\"><picture><source media=\"(max-width: 767px)\" srcset=\"https:\/\/a57.foxnews.com\/static.foxnews.com\/foxnews.com\/content\/uploads\/2025\/03\/343\/192\/2025-03-15t173255z_292910657_rc2tddale4of_rtrmadp_3_serbia-protests-scaled.jpg?ve=1&amp;tl=1, https:\/\/a57.foxnews.com\/static.foxnews.com\/foxnews.com\/content\/uploads\/2025\/03\/686\/384\/2025-03-15t173255z_292910657_rc2tddale4of_rtrmadp_3_serbia-protests-scaled.jpg?ve=1&amp;tl=1 2x\" height=\"192\" width=\"343\"><source media=\"(min-width: 768px) and (max-width: 1023px)\" srcset=\"https:\/\/a57.foxnews.com\/static.foxnews.com\/foxnews.com\/content\/uploads\/2025\/03\/672\/378\/2025-03-15t173255z_292910657_rc2tddale4of_rtrmadp_3_serbia-protests-scaled.jpg?ve=1&amp;tl=1, https:\/\/a57.foxnews.com\/static.foxnews.com\/foxnews.com\/content\/uploads\/2025\/03\/1344\/756\/2025-03-15t173255z_292910657_rc2tddale4of_rtrmadp_3_serbia-protests-scaled.jpg?ve=1&amp;tl=1 2x\" height=\"378\" width=\"672\"><source media=\"(min-width: 1024px) and (max-width: 1279px)\" srcset=\"https:\/\/a57.foxnews.com\/static.foxnews.com\/foxnews.com\/content\/uploads\/2025\/03\/931\/523\/2025-03-15t173255z_292910657_rc2tddale4of_rtrmadp_3_serbia-protests-scaled.jpg?ve=1&amp;tl=1, https:\/\/a57.foxnews.com\/static.foxnews.com\/foxnews.com\/content\/uploads\/2025\/03\/1862\/1046\/2025-03-15t173255z_292910657_rc2tddale4of_rtrmadp_3_serbia-protests-scaled.jpg?ve=1&amp;tl=1 2x\" height=\"523\" width=\"931\"><source media=\"(min-width: 1280px)\" srcset=\"https:\/\/a57.foxnews.com\/static.foxnews.com\/foxnews.com\/content\/uploads\/2025\/03\/720\/405\/2025-03-15t173255z_292910657_rc2tddale4of_rtrmadp_3_serbia-protests-scaled.jpg?ve=1&amp;tl=1, https:\/\/a57.foxnews.com\/static.foxnews.com\/foxnews.com\/content\/uploads\/2025\/03\/1440\/810\/2025-03-15t173255z_292910657_rc2tddale4of_rtrmadp_3_serbia-protests-scaled.jpg?ve=1&amp;tl=1 2x\" height=\"405\" width=\"720\"><img loading=\"lazy\" decoding=\"async\" src=\"https:\/\/a57.foxnews.com\/static.foxnews.com\/foxnews.com\/content\/uploads\/2025\/03\/1200\/675\/2025-03-15t173255z_292910657_rc2tddale4of_rtrmadp_3_serbia-protests-scaled.jpg?ve=1&amp;tl=1\" alt=\"Protestas de Serbia\" width=\"1200\" height=\"675\"\/><\/source><\/source><\/source><\/source><\/picture><\/div>\n<div class=\"info\">\n<div class=\"caption\">\n<p><span>Los estudiantes y los manifestantes antigubernamentales iluminan las linternas de sus tel\u00e9fonos m\u00f3viles durante una protesta, que se ha convertido en un movimiento nacional para el cambio despu\u00e9s del mortal colapso de la estaci\u00f3n de ferrocarril de noviembre de 2024 Novi Sad, en Belgrado, Serbia, 15 de marzo de 2025. <\/span> <span>(Igor Pavicevic\/Reuters.)<\/span><\/p>\n<\/div>\n<\/div>\n<\/div>\n<p><strong>Serbia, atrapada entre Europa y Rusia, podr\u00eda acercarse un paso a la normalizaci\u00f3n de las relaciones con Kosovo<\/strong><\/p>\n<p>\u00abPido a la calma y al respeto del derecho a la Asamblea pac\u00edfica. Las autoridades serbias deben defender los est\u00e1ndares del Consejo de Europa. El estado de derecho y el respeto por los derechos humanos deben prevalecer\u00bb, dijo Berset.<\/p>\n<p>El ministro de Relaciones Exteriores de Serbia, Marko Djuric, respondi\u00f3 a las cr\u00edticas en un comunicado a Fox News Digital. \u00abRespetamos y protegemos la protesta pac\u00edfica: es parte de nuestro tejido democr\u00e1tico. Pero cuando las manifestaciones se convierten en ataques f\u00edsicos e intentan desestabilizar el pa\u00eds, el gobierno tiene el derecho y el deber de responder\u00bb.<\/p>\n<p><strong>Serbia, atrapada entre Europa y Rusia, podr\u00eda acercarse un paso a la normalizaci\u00f3n de las relaciones con Kosovo<\/strong><\/p>\n<p>\u00abEsta es, con mucho, la mayor amenaza que Vucic ha enfrentado en los \u00faltimos 13 a\u00f1os, y es muy poco probable que Vucic supere la tormenta sin elecciones\u00bb, dijo Helena Ivanov, becaria senior de la Sociedad Henry Jackson, a Fox News Digital.<\/p>\n<p>\u00abEl pa\u00eds no funciona, y la situaci\u00f3n se intensifica peligrosamente. La \u00fanica forma de salir del problema es celebrar elecciones libres y justas lo antes posible\u00bb. Todo lo dem\u00e1s desestabilizar\u00e1 a\u00fan m\u00e1s la situaci\u00f3n, lo que podr\u00eda tener consecuencias devastadoras \u00ab, agreg\u00f3 Ivanov.<\/p>\n<p>El gobierno est\u00e1 acusado de no cumplir con una de las demandas de los estudiantes originales, incluida la liberaci\u00f3n de toda la documentaci\u00f3n relacionada con la reconstrucci\u00f3n de la estaci\u00f3n de tren.<\/p>\n<div class=\"image-ct inline\">\n<div class=\"m\"><picture><source media=\"(max-width: 767px)\" srcset=\"https:\/\/a57.foxnews.com\/static.foxnews.com\/foxnews.com\/content\/uploads\/2025\/08\/343\/192\/serbia-student-protests-august-2025.jpg?ve=1&amp;tl=1, https:\/\/a57.foxnews.com\/static.foxnews.com\/foxnews.com\/content\/uploads\/2025\/08\/686\/384\/serbia-student-protests-august-2025.jpg?ve=1&amp;tl=1 2x\" height=\"192\" width=\"343\"><source media=\"(min-width: 768px) and (max-width: 1023px)\" srcset=\"https:\/\/a57.foxnews.com\/static.foxnews.com\/foxnews.com\/content\/uploads\/2025\/08\/672\/378\/serbia-student-protests-august-2025.jpg?ve=1&amp;tl=1, https:\/\/a57.foxnews.com\/static.foxnews.com\/foxnews.com\/content\/uploads\/2025\/08\/1344\/756\/serbia-student-protests-august-2025.jpg?ve=1&amp;tl=1 2x\" height=\"378\" width=\"672\"><source media=\"(min-width: 1024px) and (max-width: 1279px)\" srcset=\"https:\/\/a57.foxnews.com\/static.foxnews.com\/foxnews.com\/content\/uploads\/2025\/08\/931\/523\/serbia-student-protests-august-2025.jpg?ve=1&amp;tl=1, https:\/\/a57.foxnews.com\/static.foxnews.com\/foxnews.com\/content\/uploads\/2025\/08\/1862\/1046\/serbia-student-protests-august-2025.jpg?ve=1&amp;tl=1 2x\" height=\"523\" width=\"931\"><source media=\"(min-width: 1280px)\" srcset=\"https:\/\/a57.foxnews.com\/static.foxnews.com\/foxnews.com\/content\/uploads\/2025\/08\/720\/405\/serbia-student-protests-august-2025.jpg?ve=1&amp;tl=1, https:\/\/a57.foxnews.com\/static.foxnews.com\/foxnews.com\/content\/uploads\/2025\/08\/1440\/810\/serbia-student-protests-august-2025.jpg?ve=1&amp;tl=1 2x\" height=\"405\" width=\"720\"><img loading=\"lazy\" decoding=\"async\" src=\"https:\/\/a57.foxnews.com\/static.foxnews.com\/foxnews.com\/content\/uploads\/2025\/08\/1200\/675\/serbia-student-protests-august-2025.jpg?ve=1&amp;tl=1\" alt=\"El enfrentamiento de la polic\u00eda de los disturbios serbios con manifestantes antigubernamentales en Belgrado el 13 de agosto. 2025.\" width=\"1200\" height=\"675\"\/><\/source><\/source><\/source><\/source><\/picture><\/div>\n<div class=\"info\">\n<div class=\"caption\">\n<p><span>El enfrentamiento de la polic\u00eda de los disturbios serbios con manifestantes antigubernamentales en Belgrado el 13 de agosto. 2025.<\/span> <span>(Oliver Bunic\/AFP a trav\u00e9s de Getty Images)<\/span><\/p>\n<\/div>\n<\/div>\n<\/div>\n<p>Lo que originalmente comenz\u00f3 como protestas espont\u00e1neas expresando insatisfacci\u00f3n con la respuesta fallida del gobierno a la cat\u00e1strofe ferroviaria transformada en un movimiento que se opone a una corrupci\u00f3n generalizada y la erosi\u00f3n del estado de derecho bajo Vucic.<\/p>\n<p>Una de las protestas m\u00e1s grandes en la historia de Serbia tuvo lugar el 15 de marzo, con casi 350,000 personas reunidas en la Plaza Slavija en el centro de Belgrado.<\/p>\n<div class=\"image-ct inline\">\n<div class=\"m\"><picture><source media=\"(max-width: 767px)\" srcset=\"https:\/\/a57.foxnews.com\/static.foxnews.com\/foxnews.com\/content\/uploads\/2025\/02\/343\/192\/vucic.jpg?ve=1&amp;tl=1, https:\/\/a57.foxnews.com\/static.foxnews.com\/foxnews.com\/content\/uploads\/2025\/02\/686\/384\/vucic.jpg?ve=1&amp;tl=1 2x\" height=\"192\" width=\"343\"><source media=\"(min-width: 768px) and (max-width: 1023px)\" srcset=\"https:\/\/a57.foxnews.com\/static.foxnews.com\/foxnews.com\/content\/uploads\/2025\/02\/672\/378\/vucic.jpg?ve=1&amp;tl=1, https:\/\/a57.foxnews.com\/static.foxnews.com\/foxnews.com\/content\/uploads\/2025\/02\/1344\/756\/vucic.jpg?ve=1&amp;tl=1 2x\" height=\"378\" width=\"672\"><source media=\"(min-width: 1024px) and (max-width: 1279px)\" srcset=\"https:\/\/a57.foxnews.com\/static.foxnews.com\/foxnews.com\/content\/uploads\/2025\/02\/931\/523\/vucic.jpg?ve=1&amp;tl=1, https:\/\/a57.foxnews.com\/static.foxnews.com\/foxnews.com\/content\/uploads\/2025\/02\/1862\/1046\/vucic.jpg?ve=1&amp;tl=1 2x\" height=\"523\" width=\"931\"><source media=\"(min-width: 1280px)\" srcset=\"https:\/\/a57.foxnews.com\/static.foxnews.com\/foxnews.com\/content\/uploads\/2025\/02\/720\/405\/vucic.jpg?ve=1&amp;tl=1, https:\/\/a57.foxnews.com\/static.foxnews.com\/foxnews.com\/content\/uploads\/2025\/02\/1440\/810\/vucic.jpg?ve=1&amp;tl=1 2x\" height=\"405\" width=\"720\"><img loading=\"lazy\" decoding=\"async\" src=\"https:\/\/a57.foxnews.com\/static.foxnews.com\/foxnews.com\/content\/uploads\/2025\/02\/1200\/675\/vucic.jpg?ve=1&amp;tl=1\" alt=\"El presidente de Serbia, Aleksandar Vucic, habla en la ONU.\" width=\"1200\" height=\"675\"\/><\/source><\/source><\/source><\/source><\/picture><\/div>\n<div class=\"info\">\n<div class=\"caption\">\n<p><span>El presidente de Serbia, Aleksandar, la Asamblea General de las Naciones Unidas en la Sede de la ONU en la ciudad de Nueva York en 2019. Vucic dijo que vot\u00f3 accidentalmente contra Rusia en una resoluci\u00f3n ucraniana porque \u00abprobablemente estaba cansado\u00bb.<\/span> <span>(Reuters)<\/span><\/p>\n<\/div>\n<\/div>\n<\/div>\n<p>El entonces primer ministro de Serbia, Milos Vucevic, anunci\u00f3 su renuncia en enero en medio de las protestas nacionales, convirti\u00e9ndolo en el miembro m\u00e1s alto del gobierno en renunciar.<\/p>\n<p><strong><u>Haga clic aqu\u00ed para obtener la aplicaci\u00f3n Fox News<\/u><\/strong><\/p>\n<p>\u00abLos estudiantes serbios presentaron varias demandas, la primera y m\u00e1s importante es la liberaci\u00f3n de la documentaci\u00f3n con respecto a la reconstrucci\u00f3n de la estaci\u00f3n de trenes Novi Sad, donde el colapso del dosel mat\u00f3 a 16 personas. Hasta el d\u00eda de hoy, nadie ha sido responsable\u00bb, Filip Ubovi\u0107, un estudiante de la Universidad de Belgrado y participante de protesta en el terreno en Belgrade, dijo a Fox News Digital.<\/p>\n<p>Ubovic dijo que las protestas estaban originalmente destinadas a influir en las instituciones responsables de defender el estado de derecho y no directamente contra el partido gobernante. Como el gobierno no hizo responsable a los funcionarios por la tragedia o divulg\u00f3 ninguna informaci\u00f3n sobre el colapso del dosel, los manifestantes se dieron cuenta de que era hora de exigir elecciones.<\/p>\n<p> <!----> <\/div>\n\n","protected":false},"excerpt":{"rendered":"<p>NUEVO\u00a1Ahora puedes escuchar art\u00edculos de Fox News! Las protestas anticorrupci\u00f3n sacudieron la capital serbia de Belgrado cuando los manifestantes dirigidos por estudiantes se enfrentaron con los partidarios del presidente Aleksandar Vucic y su partido pol\u00edtico, exigiendo nuevas elecciones. Los enfrentamientos violentos entre los manifestantes antigubernamentales y las fuerzas de seguridad serbias se han intensificado durante &hellip;<\/p>\n","protected":false},"author":1,"featured_media":41068,"comment_status":"open","ping_status":"open","sticky":false,"template":"","format":"standard","meta":{"fifu_image_url":"https:\/\/static.foxnews.com\/foxnews.com\/content\/uploads\/2025\/08\/serbia-student-protests-august-2025.jpg","fifu_image_alt":"","footnotes":""},"categories":[13],"tags":[],"class_list":["post-41066","post","type-post","status-publish","format-standard","has-post-thumbnail","","category-mundo"],"_links":{"self":[{"href":"https:\/\/noticiasveraces.com\/index.php?rest_route=\/wp\/v2\/posts\/41066","targetHints":{"allow":["GET"]}}],"collection":[{"href":"https:\/\/noticiasveraces.com\/index.php?rest_route=\/wp\/v2\/posts"}],"about":[{"href":"https:\/\/noticiasveraces.com\/index.php?rest_route=\/wp\/v2\/types\/post"}],"author":[{"embeddable":true,"href":"https:\/\/noticiasveraces.com\/index.php?rest_route=\/wp\/v2\/users\/1"}],"replies":[{"embeddable":true,"href":"https:\/\/noticiasveraces.com\/index.php?rest_route=%2Fwp%2Fv2%2Fcomments&post=41066"}],"version-history":[{"count":0,"href":"https:\/\/noticiasveraces.com\/index.php?rest_route=\/wp\/v2\/posts\/41066\/revisions"}],"wp:featuredmedia":[{"embeddable":true,"href":"https:\/\/noticiasveraces.com\/index.php?rest_route=\/wp\/v2\/media\/41068"}],"wp:attachment":[{"href":"https:\/\/noticiasveraces.com\/index.php?rest_route=%2Fwp%2Fv2%2Fmedia&parent=41066"}],"wp:term":[{"taxonomy":"category","embeddable":true,"href":"https:\/\/noticiasveraces.com\/index.php?rest_route=%2Fwp%2Fv2%2Fcategories&post=41066"},{"taxonomy":"post_tag","embeddable":true,"href":"https:\/\/noticiasveraces.com\/index.php?rest_route=%2Fwp%2Fv2%2Ftags&post=41066"}],"curies":[{"name":"wp","href":"https:\/\/api.w.org\/{rel}","templated":true}]}}