{"id":41035,"date":"2025-08-19T12:44:22","date_gmt":"2025-08-19T16:44:22","guid":{"rendered":"https:\/\/noticiasveraces.com\/?p=41035"},"modified":"2025-08-19T12:44:22","modified_gmt":"2025-08-19T16:44:22","slug":"australia-e-israel-comercio-diplomatico-sopla-sobre-el-reconocimiento-y-las-visas-de-palestina","status":"publish","type":"post","link":"https:\/\/noticiasveraces.com\/?p=41035","title":{"rendered":"Australia e Israel Comercio diplom\u00e1tico sopla sobre el reconocimiento y las visas de Palestina"},"content":{"rendered":"<p> \n<\/p>\n<div>\n<div id=\"beyondwords-wrapper\" class=\"beyondwords-wrapper\">\n<p><span class=\"label-bg\">NUEVO<\/span>\u00a1Ahora puedes escuchar art\u00edculos de Fox News!\n  <\/p>\n<\/div>\n<p class=\"speakable\">Australia e Israel est\u00e1n intercambiando golpes diplom\u00e1ticos con cada lado tomando acciones contra los funcionarios del otro.<\/p>\n<p class=\"speakable\">El martes, el primer ministro israel\u00ed Benjamin Netanyahu emiti\u00f3 una declaraci\u00f3n mordaz que acus\u00f3 al primer ministro australiano Anthony Albanese de traicionar a Israel.<\/p>\n<p>\u00abLa historia recordar\u00e1 a Albanese por lo que es: un pol\u00edtico d\u00e9bil que traicion\u00f3 a Israel y abandon\u00f3 a los jud\u00edos de Australia\u00bb, dijo Netanyahu.<\/p>\n<div class=\"image-ct inline\">\n<div class=\"m\"><picture><source media=\"(max-width: 767px)\" srcset=\"https:\/\/a57.foxnews.com\/static.foxnews.com\/foxnews.com\/content\/uploads\/2025\/08\/343\/192\/netanyahu-albanese.jpg?ve=1&amp;tl=1, https:\/\/a57.foxnews.com\/static.foxnews.com\/foxnews.com\/content\/uploads\/2025\/08\/686\/384\/netanyahu-albanese.jpg?ve=1&amp;tl=1 2x\" height=\"192\" width=\"343\"><source media=\"(min-width: 768px) and (max-width: 1023px)\" srcset=\"https:\/\/a57.foxnews.com\/static.foxnews.com\/foxnews.com\/content\/uploads\/2025\/08\/672\/378\/netanyahu-albanese.jpg?ve=1&amp;tl=1, https:\/\/a57.foxnews.com\/static.foxnews.com\/foxnews.com\/content\/uploads\/2025\/08\/1344\/756\/netanyahu-albanese.jpg?ve=1&amp;tl=1 2x\" height=\"378\" width=\"672\"><source media=\"(min-width: 1024px) and (max-width: 1279px)\" srcset=\"https:\/\/a57.foxnews.com\/static.foxnews.com\/foxnews.com\/content\/uploads\/2025\/08\/931\/523\/netanyahu-albanese.jpg?ve=1&amp;tl=1, https:\/\/a57.foxnews.com\/static.foxnews.com\/foxnews.com\/content\/uploads\/2025\/08\/1862\/1046\/netanyahu-albanese.jpg?ve=1&amp;tl=1 2x\" height=\"523\" width=\"931\"><source media=\"(min-width: 1280px)\" srcset=\"https:\/\/a57.foxnews.com\/static.foxnews.com\/foxnews.com\/content\/uploads\/2025\/08\/720\/405\/netanyahu-albanese.jpg?ve=1&amp;tl=1, https:\/\/a57.foxnews.com\/static.foxnews.com\/foxnews.com\/content\/uploads\/2025\/08\/1440\/810\/netanyahu-albanese.jpg?ve=1&amp;tl=1 2x\" height=\"405\" width=\"720\"><img loading=\"lazy\" decoding=\"async\" src=\"https:\/\/a57.foxnews.com\/static.foxnews.com\/foxnews.com\/content\/uploads\/2025\/08\/1200\/675\/netanyahu-albanese.jpg?ve=1&amp;tl=1\" alt=\"Netanyahu acus\u00f3 a Albanese de abandonar a los jud\u00edos de Australia\" width=\"1200\" height=\"675\"\/><\/source><\/source><\/source><\/source><\/picture><\/div>\n<div class=\"info\">\n<div class=\"caption\">\n<p><span>El primer ministro israel\u00ed Benjamin Netanyahu dijo que el primer ministro australiano Anthony Albanese traicion\u00f3 a Israel y abandon\u00f3 a los jud\u00edos australianos.<\/span> <span>(Anna Moneymaker\/Tracey Nearmy\/Getty Images)<\/span><\/p>\n<\/div>\n<\/div>\n<\/div>\n<p><strong>Australia para reconocer el estado palestino: &#8216;La mejor esperanza de la humanidad&#8217;<\/strong><\/p>\n<p>Albanese anunci\u00f3 la semana pasada que Australia reconocer\u00e1 el estado de Palestina en la Asamblea General de las Naciones Unidas en septiembre. La medida sigue compromisos similares hechos por el Reino Unido, Francia y Canad\u00e1. Adem\u00e1s, Australia tambi\u00e9n cancel\u00f3 la visa del legislador del Partido Sionista religioso Simcha Rothman, parte de la coalici\u00f3n de Netanyahu.<\/p>\n<p>Rothman estaba listo para embarcarse en una \u00abgira de solidaridad\u00bb para reunirse con la comunidad jud\u00eda de Australia mientras lidia con un antisemitismo en aumento.<\/p>\n<p>\u00abEl momento de la cancelaci\u00f3n en el \u00faltimo minuto fue rencor y pretend\u00eda causar el m\u00e1ximo da\u00f1o a la comunidad jud\u00eda australiana. El Sr. Rothman recibi\u00f3 su cancelaci\u00f3n el d\u00eda que deb\u00eda dirigirse al aeropuerto para su vuelo\u00bb, dijo el CEO de la Asociaci\u00f3n Jud\u00eda Jud\u00eda (AJA) de Australia (AJA), Robert Gregory, en un comunicado publicado en el grupo del grupo. \u00abEl mensaje del gobierno de Albanese a los jud\u00edos es claro e instamos a todos los jud\u00edos a considerar seriamente si es seguro que visiten Australia bajo este gobierno\u00bb.<\/p>\n<p>A pesar de la prohibici\u00f3n, Aja organiz\u00f3 que Rothman se dirigiera virtualmente a la comunidad jud\u00eda, diciendo que \u00abel programa continuar\u00e1\u00bb y \u00abLos odiadores jud\u00edos no ganar\u00e1n\u00bb.<\/p>\n<p>\u00abLa comunidad jud\u00eda no se inclinar\u00e1 ante Tony Burke o Penny Wong. En lugar de muchos eventos, celebraremos un gran evento comunal donde Simcha se dirigir\u00e1 a la comunidad jud\u00eda a trav\u00e9s de Zoom\u00bb, anunci\u00f3 Aja en X.<\/p>\n<div class=\"image-ct inline\">\n<div class=\"m\"><picture><source media=\"(max-width: 767px)\" srcset=\"https:\/\/a57.foxnews.com\/static.foxnews.com\/foxnews.com\/content\/uploads\/2024\/12\/343\/192\/australia-antisemitism-4.jpg?ve=1&amp;tl=1, https:\/\/a57.foxnews.com\/static.foxnews.com\/foxnews.com\/content\/uploads\/2024\/12\/686\/384\/australia-antisemitism-4.jpg?ve=1&amp;tl=1 2x\" height=\"192\" width=\"343\"><source media=\"(min-width: 768px) and (max-width: 1023px)\" srcset=\"https:\/\/a57.foxnews.com\/static.foxnews.com\/foxnews.com\/content\/uploads\/2024\/12\/672\/378\/australia-antisemitism-4.jpg?ve=1&amp;tl=1, https:\/\/a57.foxnews.com\/static.foxnews.com\/foxnews.com\/content\/uploads\/2024\/12\/1344\/756\/australia-antisemitism-4.jpg?ve=1&amp;tl=1 2x\" height=\"378\" width=\"672\"><source media=\"(min-width: 1024px) and (max-width: 1279px)\" srcset=\"https:\/\/a57.foxnews.com\/static.foxnews.com\/foxnews.com\/content\/uploads\/2024\/12\/931\/523\/australia-antisemitism-4.jpg?ve=1&amp;tl=1, https:\/\/a57.foxnews.com\/static.foxnews.com\/foxnews.com\/content\/uploads\/2024\/12\/1862\/1046\/australia-antisemitism-4.jpg?ve=1&amp;tl=1 2x\" height=\"523\" width=\"931\"><source media=\"(min-width: 1280px)\" srcset=\"https:\/\/a57.foxnews.com\/static.foxnews.com\/foxnews.com\/content\/uploads\/2024\/12\/720\/405\/australia-antisemitism-4.jpg?ve=1&amp;tl=1, https:\/\/a57.foxnews.com\/static.foxnews.com\/foxnews.com\/content\/uploads\/2024\/12\/1440\/810\/australia-antisemitism-4.jpg?ve=1&amp;tl=1 2x\" height=\"405\" width=\"720\"><img loading=\"lazy\" decoding=\"async\" src=\"https:\/\/a57.foxnews.com\/static.foxnews.com\/foxnews.com\/content\/uploads\/2024\/12\/1200\/675\/australia-antisemitism-4.jpg?ve=1&amp;tl=1\" alt=\"Graffiti antisemita en Australia\" width=\"1200\" height=\"675\"\/><\/source><\/source><\/source><\/source><\/picture><\/div>\n<div class=\"info\">\n<div class=\"caption\">\n<p><span>Graffiti de &#8216;Palestina libre&#8217; en una cerca alabando el 7 de octubre Masacre de Hamas contra israel\u00edes.<\/span> <span>(Consejo Ejecutivo de Jud\u00edas Australianas)<\/span><\/p>\n<\/div>\n<\/div>\n<\/div>\n<p><strong><u>Los atacantes antisem\u00edticos apuntan violentamente a la sinagoga, restaurante israel\u00ed en Australia<\/u><\/strong><\/p>\n<p>En respuesta, el ministro de Relaciones Exteriores israel\u00ed, Gideon Sa&#8217;ar, dijo que revocar\u00eda visas para los representantes australianos a la autoridad palestina. Tambi\u00e9n dirigi\u00f3 a la embajada de Israel en Canberra a \u00abexaminar cuidadosamente cualquier solicitud oficial de visa australiana\u00bb.<\/p>\n<p>\u00abSi bien el antisemitismo est\u00e1 en su Australia, incluidas las manifestaciones de violencia contra jud\u00edos e instituciones jud\u00edas, el gobierno australiano est\u00e1 eligiendo alimentarlo por acusaciones falsas, como si la visita de las cifras israel\u00edes interrumpiera el orden p\u00fablico y da\u00f1e la poblaci\u00f3n musulmana de Australia\u00bb, escribi\u00f3 Sa&#8217;ar en X. \u00ab\u00a1Es vergonzoso e inaceptable!\u00bb<\/p>\n<p>Aja elogi\u00f3 la decisi\u00f3n de Sa&#8217;ar, diciendo que \u00abel desagradable antisemitismo del gobierno de Albanese merece una fuerte respuesta\u00bb.<\/p>\n<div class=\"image-ct inline\">\n<div class=\"m\"><picture><source media=\"(max-width: 767px)\" srcset=\"https:\/\/a57.foxnews.com\/static.foxnews.com\/foxnews.com\/content\/uploads\/2025\/08\/343\/192\/australia-synagogue-attacked.jpg?ve=1&amp;tl=1, https:\/\/a57.foxnews.com\/static.foxnews.com\/foxnews.com\/content\/uploads\/2025\/08\/686\/384\/australia-synagogue-attacked.jpg?ve=1&amp;tl=1 2x\" height=\"192\" width=\"343\"><source media=\"(min-width: 768px) and (max-width: 1023px)\" srcset=\"https:\/\/a57.foxnews.com\/static.foxnews.com\/foxnews.com\/content\/uploads\/2025\/08\/672\/378\/australia-synagogue-attacked.jpg?ve=1&amp;tl=1, https:\/\/a57.foxnews.com\/static.foxnews.com\/foxnews.com\/content\/uploads\/2025\/08\/1344\/756\/australia-synagogue-attacked.jpg?ve=1&amp;tl=1 2x\" height=\"378\" width=\"672\"><source media=\"(min-width: 1024px) and (max-width: 1279px)\" srcset=\"https:\/\/a57.foxnews.com\/static.foxnews.com\/foxnews.com\/content\/uploads\/2025\/08\/931\/523\/australia-synagogue-attacked.jpg?ve=1&amp;tl=1, https:\/\/a57.foxnews.com\/static.foxnews.com\/foxnews.com\/content\/uploads\/2025\/08\/1862\/1046\/australia-synagogue-attacked.jpg?ve=1&amp;tl=1 2x\" height=\"523\" width=\"931\"><source media=\"(min-width: 1280px)\" srcset=\"https:\/\/a57.foxnews.com\/static.foxnews.com\/foxnews.com\/content\/uploads\/2025\/08\/720\/405\/australia-synagogue-attacked.jpg?ve=1&amp;tl=1, https:\/\/a57.foxnews.com\/static.foxnews.com\/foxnews.com\/content\/uploads\/2025\/08\/1440\/810\/australia-synagogue-attacked.jpg?ve=1&amp;tl=1 2x\" height=\"405\" width=\"720\"><img loading=\"lazy\" decoding=\"async\" src=\"https:\/\/a57.foxnews.com\/static.foxnews.com\/foxnews.com\/content\/uploads\/2025\/08\/1200\/675\/australia-synagogue-attacked.jpg?ve=1&amp;tl=1\" alt=\"El hombre lleva el desplazamiento de la Tor\u00e1 de una sinagoga que fue atacada\" width=\"1200\" height=\"675\"\/><\/source><\/source><\/source><\/source><\/picture><\/div>\n<div class=\"info\">\n<div class=\"caption\">\n<p><span>Un miembro de la comunidad jud\u00eda recupera un pergamino de la Tor\u00e1 de la sinagoga de Adass Israel el 6 de diciembre de 2024 en Melbourne, Australia.<\/span> <span>(Sankanka Ratnayake\/Getty Images))<\/span><\/p>\n<\/div>\n<\/div>\n<\/div>\n<p><strong><u>Haga clic aqu\u00ed para obtener la aplicaci\u00f3n Fox News<\/u><\/strong><\/p>\n<p>Los jud\u00edos de Australia han visto aumentar el antisemitismo desde la masacre del 7 de octubre de Hamas. Seg\u00fan un informe anual publicado por el Consejo Ejecutivo de Jewry Australian (ECAJ), desde el 1 de octubre de 2023 hasta el 30 de septiembre de 2024, el pa\u00eds vio 2.062 incidentes antijud\u00edo. Esto marc\u00f3 un aumento del 316% desde su informe del a\u00f1o anterior, el 1 de octubre de 2022 al 30 de septiembre de 2023, cuando hubo 495 incidentes registrados. Ecaj a\u00fan no ha publicado un informe para 2025.<\/p>\n<p>El informe documenta asaltos, abuso verbal, vandalismo y otros incidentes. Cuando se dividieron en categor\u00edas, los asaltos f\u00edsicos anti-jud\u00edos aumentaron en un 491% desde que el informe anterior y el abuso verbal aumentaron en un 230% durante el mismo per\u00edodo. <\/p>\n<p>Fox News Digital se comunic\u00f3 con la oficina de Aja y Albanese, pero no recibi\u00f3 respuestas a tiempo para su publicaci\u00f3n.<\/p>\n<p> <!----> <\/p>\n<div class=\"article-meta\">\n<div class=\"author-bio\">\n<p>Rachel Wolf es una escritora de noticias de Fox News Digital y Fox Business.<\/p>\n<\/div>\n<\/div>\n<\/div>\n\n","protected":false},"excerpt":{"rendered":"<p>NUEVO\u00a1Ahora puedes escuchar art\u00edculos de Fox News! Australia e Israel est\u00e1n intercambiando golpes diplom\u00e1ticos con cada lado tomando acciones contra los funcionarios del otro. El martes, el primer ministro israel\u00ed Benjamin Netanyahu emiti\u00f3 una declaraci\u00f3n mordaz que acus\u00f3 al primer ministro australiano Anthony Albanese de traicionar a Israel. \u00abLa historia recordar\u00e1 a Albanese por lo &hellip;<\/p>\n","protected":false},"author":1,"featured_media":41037,"comment_status":"open","ping_status":"open","sticky":false,"template":"","format":"standard","meta":{"fifu_image_url":"https:\/\/static.foxnews.com\/foxnews.com\/content\/uploads\/2025\/08\/netanyahu-albanese.jpg","fifu_image_alt":"","footnotes":""},"categories":[13],"tags":[],"class_list":["post-41035","post","type-post","status-publish","format-standard","has-post-thumbnail","","category-mundo"],"_links":{"self":[{"href":"https:\/\/noticiasveraces.com\/index.php?rest_route=\/wp\/v2\/posts\/41035","targetHints":{"allow":["GET"]}}],"collection":[{"href":"https:\/\/noticiasveraces.com\/index.php?rest_route=\/wp\/v2\/posts"}],"about":[{"href":"https:\/\/noticiasveraces.com\/index.php?rest_route=\/wp\/v2\/types\/post"}],"author":[{"embeddable":true,"href":"https:\/\/noticiasveraces.com\/index.php?rest_route=\/wp\/v2\/users\/1"}],"replies":[{"embeddable":true,"href":"https:\/\/noticiasveraces.com\/index.php?rest_route=%2Fwp%2Fv2%2Fcomments&post=41035"}],"version-history":[{"count":0,"href":"https:\/\/noticiasveraces.com\/index.php?rest_route=\/wp\/v2\/posts\/41035\/revisions"}],"wp:featuredmedia":[{"embeddable":true,"href":"https:\/\/noticiasveraces.com\/index.php?rest_route=\/wp\/v2\/media\/41037"}],"wp:attachment":[{"href":"https:\/\/noticiasveraces.com\/index.php?rest_route=%2Fwp%2Fv2%2Fmedia&parent=41035"}],"wp:term":[{"taxonomy":"category","embeddable":true,"href":"https:\/\/noticiasveraces.com\/index.php?rest_route=%2Fwp%2Fv2%2Fcategories&post=41035"},{"taxonomy":"post_tag","embeddable":true,"href":"https:\/\/noticiasveraces.com\/index.php?rest_route=%2Fwp%2Fv2%2Ftags&post=41035"}],"curies":[{"name":"wp","href":"https:\/\/api.w.org\/{rel}","templated":true}]}}