{"id":41026,"date":"2025-08-19T10:42:11","date_gmt":"2025-08-19T14:42:11","guid":{"rendered":"https:\/\/noticiasveraces.com\/?p=41026"},"modified":"2025-08-19T10:42:11","modified_gmt":"2025-08-19T14:42:11","slug":"zelenski-ve-en-la-cumbre-un-paso-significativo-hacia-la-paz-dw-19-08-2025","status":"publish","type":"post","link":"https:\/\/noticiasveraces.com\/?p=41026","title":{"rendered":"Zelenski ve en la cumbre un paso significativo hacia la paz \u2013 DW \u2013 19\/08\/2025"},"content":{"rendered":"<p> \n<\/p>\n<div data-tracking-name=\"rich-text\" data-tracking-skip=\"true\">\n<p>El presidente ucraniano, Volodimir Zelenski, calific\u00f3 este martes (19.08.2025) la reuni\u00f3n de ayer en Washington como un \u00abpaso significativo\u00bb hacia una paz con garant\u00edas de seguridad para su pa\u00eds. \u00abFue verdaderamente un paso significativo de cara a terminar la guerra y lograr garant\u00edas de seguridad para Ucrania y nuestro pueblo\u00bb, dijo a trav\u00e9s de su cuenta de X<svg xmlns=\"http:\/\/www.w3.org\/2000\/svg\" width=\"20\" height=\"20\" viewbox=\"0 0 20 20\"><path d=\"M11.5 3.5 11.5 4.233C14.342 4.233 15.167 4.245 15.167 4.258L8.984 10.467 10.033 11.516C14.826 6.725 16.228 5.333 16.242 5.333L16.267 9 17.733 9 17.733 2.767 11.5 2.767 11.5 3.5M2.267 11 2.267 17.233 16.733 17.233 16.733 12 15.267 12 15.25 15.75 9.5 15.75 3.75 15.75 3.75 6.25 9.5 6.233 9.5 4.767 2.267 4.767 2.267 11 \"\/><\/svg>.<\/p>\n<p>\u00abYa estamos trabajando en el contenido concreto de esas garant\u00edas de seguridad. Hoy continuaremos la coordinaci\u00f3n con los l\u00edderes\u00bb, agreg\u00f3. Se debatir\u00e1, seg\u00fan el presidente, en diversos formatos y el trabajo se continuar\u00e1 ma\u00f1ana. \u00abLos asesores de seguridad est\u00e1n en contacto permanente. Habr\u00e1 garant\u00edas de seguridad\u00bb, subray\u00f3.<\/p>\n<p>Zelenski agradeci\u00f3, as\u00edmismo, el apoyo de los aliados y asegur\u00f3 que har\u00e1 todo lo posible para que el camino hacia la paz se haga realidad \u00aba trav\u00e9s del apoyo, a trav\u00e9s de las garant\u00edas de seguridad y a trav\u00e9s del coraje de los ucranianos\u00bb.<\/p>\n<h2>Macron tilda a Putin de \u00abdepredador\u00bb<\/h2>\n<p>No tan optimista se mostr\u00f3 el presidente franc\u00e9s, Emmanuel Macron, quien en una entrevista con la cadena LCI pidi\u00f3 hoy a sus aliados europeos que no conf\u00eden en el presidente ruso, Vladimir Putin, a quien acus\u00f3 de ser un \u00abdepredador\u00bb, un \u00abogro ante nuestras puertas\u00bb y una \u00abfuerza desestabilizadora\u00bb. \u00abPutin rara vez ha cumplido sus compromisos\u00bb, dijo Macron. \u00abHa sido constantemente una fuerza desestabilizadora. Ha tratado de redefinir las fronteras para aumentar su poder\u00bb.<\/p>\n<figure class=\"placeholder-image master_landscape big\"><img data-format=\"MASTER_LANDSCAPE\" data-id=\"73688866\" data-url=\"https:\/\/static.dw.com\/image\/73688866_${formatId}.jpg\" data-aspect-ratio=\"16\/9\" alt=\"Emmanuel Macron le susurra algo al primer ministro brit\u00e1nico, Keir Starmer, durante la reuni\u00f3n con Donald Trump.\" style=\"padding-bottom: 56.25%; height: 0; max-height: 0;\"\/><figcaption class=\"img-caption\">Emmanuel Macron le susurra algo al primer ministro brit\u00e1nico, Keir Starmer, durante la reuni\u00f3n con Donald Trump.<small class=\"copyright\">Imagen: Alex Brandon\/AP Photo\/Picture Alliance<\/small><\/figcaption><\/figure>\n<p>El dirigente franc\u00e9s consider\u00f3 que Rusia \u00abno va a volver a la paz y a un sistema democr\u00e1tico abierto de la noche a la ma\u00f1ana\u00bb. \u00abIncluso para su propia supervivencia, \u00e9l (Putin) necesita seguir aliment\u00e1ndose. As\u00ed es. Y por eso es un depredador, es un ogro ante nuestras puertas\u00bb, lanz\u00f3 el mandatario. \u00abNo digo que ma\u00f1ana vaya a ser Francia la que sea atacada, pero es una amenaza para los europeos (&#8230;). No hay que ser ingenuos\u00bb, prosigui\u00f3 Macron.<\/p>\n<p><span data-slot-id=\"Article_InContent-1\" class=\"rich-text-ad\"\/><\/p>\n<h2>China apoya las conversaciones de paz<\/h2>\n<p>En otra entrevista concedida a la cadena estadounidense NBC News, Macron no ocult\u00f3 que no comparte el optimismo de Trump, que dijo que ya empez\u00f3 a \u00aborganizar\u00bb una reuni\u00f3n entre Putin y Zelenski,\u00a0sobre la posibilidad de alcanzar un acuerdo de paz. \u00abCuando miro la situaci\u00f3n y los hechos, no veo que el presidente Putin quiera la paz ahora, pero quiz\u00e1 soy demasiado pesimista\u00bb, dijo.<\/p>\n<p>China expres\u00f3 hoy su apoyo a \u00abtodos los esfuerzos\u00bb para lograr la paz entre Rusia y Ucrania. \u00abChina siempre ha cre\u00eddo que el di\u00e1logo y la negociaci\u00f3n son la \u00fanica soluci\u00f3n a la crisis de Ucrania\u00bb, dijo la portavoz del Ministerio de Relaciones Exteriores, Mao Ning. \u00abApoyamos todos los esfuerzos que conduzcan a la paz\u00bb, a\u00f1adi\u00f3.<\/p>\n<p>LGC (AFP, EFE)<\/p>\n<\/div>\n\n","protected":false},"excerpt":{"rendered":"<p>El presidente ucraniano, Volodimir Zelenski, calific\u00f3 este martes (19.08.2025) la reuni\u00f3n de ayer en Washington como un \u00abpaso significativo\u00bb hacia una paz con garant\u00edas de seguridad para su pa\u00eds. \u00abFue verdaderamente un paso significativo de cara a terminar la guerra y lograr garant\u00edas de seguridad para Ucrania y nuestro pueblo\u00bb, dijo a trav\u00e9s de su &hellip;<\/p>\n","protected":false},"author":1,"featured_media":41027,"comment_status":"open","ping_status":"open","sticky":false,"template":"","format":"standard","meta":{"fifu_image_url":"https:\/\/static.dw.com\/image\/73686212_6.jpg","fifu_image_alt":"","footnotes":""},"categories":[13],"tags":[],"class_list":["post-41026","post","type-post","status-publish","format-standard","has-post-thumbnail","","category-mundo"],"_links":{"self":[{"href":"https:\/\/noticiasveraces.com\/index.php?rest_route=\/wp\/v2\/posts\/41026","targetHints":{"allow":["GET"]}}],"collection":[{"href":"https:\/\/noticiasveraces.com\/index.php?rest_route=\/wp\/v2\/posts"}],"about":[{"href":"https:\/\/noticiasveraces.com\/index.php?rest_route=\/wp\/v2\/types\/post"}],"author":[{"embeddable":true,"href":"https:\/\/noticiasveraces.com\/index.php?rest_route=\/wp\/v2\/users\/1"}],"replies":[{"embeddable":true,"href":"https:\/\/noticiasveraces.com\/index.php?rest_route=%2Fwp%2Fv2%2Fcomments&post=41026"}],"version-history":[{"count":0,"href":"https:\/\/noticiasveraces.com\/index.php?rest_route=\/wp\/v2\/posts\/41026\/revisions"}],"wp:featuredmedia":[{"embeddable":true,"href":"https:\/\/noticiasveraces.com\/index.php?rest_route=\/wp\/v2\/media\/41027"}],"wp:attachment":[{"href":"https:\/\/noticiasveraces.com\/index.php?rest_route=%2Fwp%2Fv2%2Fmedia&parent=41026"}],"wp:term":[{"taxonomy":"category","embeddable":true,"href":"https:\/\/noticiasveraces.com\/index.php?rest_route=%2Fwp%2Fv2%2Fcategories&post=41026"},{"taxonomy":"post_tag","embeddable":true,"href":"https:\/\/noticiasveraces.com\/index.php?rest_route=%2Fwp%2Fv2%2Ftags&post=41026"}],"curies":[{"name":"wp","href":"https:\/\/api.w.org\/{rel}","templated":true}]}}