{"id":41021,"date":"2025-08-19T09:04:05","date_gmt":"2025-08-19T13:04:05","guid":{"rendered":"https:\/\/noticiasveraces.com\/?p=41021"},"modified":"2025-08-19T09:04:05","modified_gmt":"2025-08-19T13:04:05","slug":"acuerdo-verbal-entre-leverkusen-y-sevilla-por-bade","status":"publish","type":"post","link":"https:\/\/noticiasveraces.com\/?p=41021","title":{"rendered":"acuerdo verbal entre Leverkusen y Sevilla por Bad\u00e9"},"content":{"rendered":"<p> \n<\/p>\n<div>\n<p data-mrf-recirculation=\"Links P\u00e1rrafos\" class=\"ue-c-article__paragraph paragraph ue-c-article--first-letter-highlighted\">Si quieres saber lo \u00faltimo del &#8216;mercato&#8217;, est\u00e1s en el sitio indicado. Soy Matteo Moretto, periodista especializado en el mercado de fichajes, y aterrizo en MARCA para contaros todo lo que se mueve en las oficinas de los mejores clubes del mundo.<\/p>\n<figure class=\"ue-c-article__media ue-c-article__media--image\">\n<div class=\"ue-c-article__media-img-container ue-l-article--expand-edge-right-until-tablet ue-l-article--expand-edge-left-until-tablet\"><picture><source type=\"image\/webp\" sizes=\"(min-width: 1010px) 660px, (min-width: 980px) calc(100vw - 350px), (min-width: 740px) calc(100vw - 320px), 100vw\" srcset=\"https:\/\/e00-xlk-ue-marca.uecdn.es\/files\/article_360_widen_webp\/uploads\/2025\/08\/19\/68a4618c983cd.webp 360w,https:\/\/e00-xlk-ue-marca.uecdn.es\/files\/article_375_widen_webp\/uploads\/2025\/08\/19\/68a4618c983cd.webp 375w,https:\/\/e00-xlk-ue-marca.uecdn.es\/files\/article_414_widen_webp\/uploads\/2025\/08\/19\/68a4618c983cd.webp 414w,https:\/\/e00-xlk-ue-marca.uecdn.es\/files\/article_660_widen_webp\/uploads\/2025\/08\/19\/68a4618c983cd.webp 660w,https:\/\/e00-xlk-ue-marca.uecdn.es\/files\/article_720_widen_webp\/uploads\/2025\/08\/19\/68a4618c983cd.webp 720w,https:\/\/e00-xlk-ue-marca.uecdn.es\/files\/article_750_widen_webp\/uploads\/2025\/08\/19\/68a4618c983cd.webp 750w,https:\/\/e00-xlk-ue-marca.uecdn.es\/files\/article_828_widen_webp\/uploads\/2025\/08\/19\/68a4618c983cd.webp 828w,https:\/\/e00-xlk-ue-marca.uecdn.es\/files\/article_1320_widen_webp\/uploads\/2025\/08\/19\/68a4618c983cd.webp 1320w\"><source type=\"image\/jpeg\" sizes=\"(min-width: 1010px) 660px, (min-width: 980px) calc(100vw - 350px), (min-width: 740px) calc(100vw - 320px), 100vw\" srcset=\"https:\/\/e00-xlk-ue-marca.uecdn.es\/files\/article_360_widen\/uploads\/2025\/08\/19\/68a4618c983cd.jpeg 360w,https:\/\/e00-xlk-ue-marca.uecdn.es\/files\/article_375_widen\/uploads\/2025\/08\/19\/68a4618c983cd.jpeg 375w,https:\/\/e00-xlk-ue-marca.uecdn.es\/files\/article_414_widen\/uploads\/2025\/08\/19\/68a4618c983cd.jpeg 414w,https:\/\/e00-xlk-ue-marca.uecdn.es\/files\/article_660_widen\/uploads\/2025\/08\/19\/68a4618c983cd.jpeg 660w,https:\/\/e00-xlk-ue-marca.uecdn.es\/files\/article_720_widen\/uploads\/2025\/08\/19\/68a4618c983cd.jpeg 720w,https:\/\/e00-xlk-ue-marca.uecdn.es\/files\/article_750_widen\/uploads\/2025\/08\/19\/68a4618c983cd.jpeg 750w,https:\/\/e00-xlk-ue-marca.uecdn.es\/files\/article_828_widen\/uploads\/2025\/08\/19\/68a4618c983cd.jpeg 828w,https:\/\/e00-xlk-ue-marca.uecdn.es\/files\/article_1320_widen\/uploads\/2025\/08\/19\/68a4618c983cd.jpeg 1320w\"><img decoding=\"async\" width=\"660\" height=\"80\" class=\"ue-c-article__image lazyload\" alt=\"cesion\" loading=\"lazy\" src=\"https:\/\/e00-xlk-ue-marca.uecdn.es\/uploads\/2025\/08\/19\/68a4618c983cd.jpeg\"\/><\/source><\/source><\/picture><\/div><figcaption class=\"ue-c-article__media-caption\"\/><\/figure>\n<h2 class=\"ue-c-article__subheadline\">Claudio Echeverri, cerca de irse cedido al Leverkusen<\/h2>\n<p data-mrf-recirculation=\"Links P\u00e1rrafos\" class=\"ue-c-article__paragraph paragraph\">El joven futbolista argentino est\u00e1 a punto de marcharse en condici\u00f3n de pr\u00e9stamo al Bayer Leverkusen en este mercado de verano. Echeverri <strong>lleg\u00f3 al Manch<\/strong><\/p>\n<\/div>\n<div aria-label=\"Contenido premium\">\n<div class=\"ue-c-article__premium-cm-content\">\n<p class=\"ue-c-article__premium-cm-caption\"><span>Contenido <strong>EXCLUSIVO<\/strong> Y <strong>GRATIS<\/strong> para socios<\/span><\/p>\n<p class=\"ue-c-article__premium-cm-member\"><span>\u00bfYa tienes cuenta?<\/span><button class=\"ue-c-article__premium-cm-button\" onclick=\"envioIniciaSesionSignwall();window.location.href=\" https:=\"\" role=\"link\"><\/p>\n<p>                Iniciar sesi\u00f3n<br \/>\n            <\/button><\/p>\n<div class=\"ue-c-article__premium-cm-body\">\n<div class=\"ue-c-article__premium-cm-advantages\">\n<ul class=\"ue-c-article__premium-cm-list\">\n<li><span class=\"ue-c-article__premium-cm-list-item\"><svg xmlns=\"http:\/\/www.w3.org\/2000\/svg\" role=\"img\" aria-hidden=\"true\" fill=\"none\" viewbox=\"0 0 12 10\"><path fill=\"#fff\" d=\"M3.849 7.6 1.05 4.803l-.953.946L3.85 9.5l8.054-8.054L10.956.5 3.85 7.6Z\"\/><\/svg><\/span><span class=\"\">Contenido exclusivo<\/span><\/li>\n<li><span class=\"ue-c-article__premium-cm-list-item\"><svg xmlns=\"http:\/\/www.w3.org\/2000\/svg\" role=\"img\" aria-hidden=\"true\" fill=\"none\" viewbox=\"0 0 12 10\"><path fill=\"#fff\" d=\"M3.849 7.6 1.05 4.803l-.953.946L3.85 9.5l8.054-8.054L10.956.5 3.85 7.6Z\"\/><\/svg><\/span><span class=\"\">Sorteos y experiencias exclusivas<\/span><\/li>\n<li><span class=\"ue-c-article__premium-cm-list-item\"><svg xmlns=\"http:\/\/www.w3.org\/2000\/svg\" role=\"img\" aria-hidden=\"true\" fill=\"none\" viewbox=\"0 0 12 10\"><path fill=\"#fff\" d=\"M3.849 7.6 1.05 4.803l-.953.946L3.85 9.5l8.054-8.054L10.956.5 3.85 7.6Z\"\/><\/svg><\/span><span class=\"\">Videoan\u00e1lisis de jornadas<\/span><\/li>\n<li><span class=\"ue-c-article__premium-cm-list-item\"><svg xmlns=\"http:\/\/www.w3.org\/2000\/svg\" role=\"img\" aria-hidden=\"true\" fill=\"none\" viewbox=\"0 0 12 10\"><path fill=\"#fff\" d=\"M3.849 7.6 1.05 4.803l-.953.946L3.85 9.5l8.054-8.054L10.956.5 3.85 7.6Z\"\/><\/svg><\/span><span class=\"\">Newsletters tem\u00e1ticas<\/span><\/li>\n<\/ul>\n<\/div>\n<\/div>\n<div class=\"ue-c-article__premium-cm-new-member\">\n<p>Quiero seguir leyendo <span class=\"is-highlighted\">GRATIS<\/span><\/p>\n<p><button class=\"ue-c-article__premium-cm-button\" onclick=\"envioRegistrateSignwall();window.location.href=\" https:=\"\" role=\"link\"><\/p>\n<p>                Hacerme socio<br \/>\n            <\/button><\/div>\n<\/div>\n<\/div>\n\n","protected":false},"excerpt":{"rendered":"<p>Si quieres saber lo \u00faltimo del &#8216;mercato&#8217;, est\u00e1s en el sitio indicado. Soy Matteo Moretto, periodista especializado en el mercado de fichajes, y aterrizo en MARCA para contaros todo lo que se mueve en las oficinas de los mejores clubes del mundo. Claudio Echeverri, cerca de irse cedido al Leverkusen El joven futbolista argentino est\u00e1 &hellip;<\/p>\n","protected":false},"author":1,"featured_media":41023,"comment_status":"open","ping_status":"open","sticky":false,"template":"","format":"standard","meta":{"fifu_image_url":"https:\/\/e00-xlk-ue-marca.uecdn.es\/files\/article_main_microformat\/uploads\/2025\/08\/19\/68a43bb856bca.jpeg","fifu_image_alt":"","footnotes":""},"categories":[6],"tags":[],"class_list":["post-41021","post","type-post","status-publish","format-standard","has-post-thumbnail","","category-deportes"],"_links":{"self":[{"href":"https:\/\/noticiasveraces.com\/index.php?rest_route=\/wp\/v2\/posts\/41021","targetHints":{"allow":["GET"]}}],"collection":[{"href":"https:\/\/noticiasveraces.com\/index.php?rest_route=\/wp\/v2\/posts"}],"about":[{"href":"https:\/\/noticiasveraces.com\/index.php?rest_route=\/wp\/v2\/types\/post"}],"author":[{"embeddable":true,"href":"https:\/\/noticiasveraces.com\/index.php?rest_route=\/wp\/v2\/users\/1"}],"replies":[{"embeddable":true,"href":"https:\/\/noticiasveraces.com\/index.php?rest_route=%2Fwp%2Fv2%2Fcomments&post=41021"}],"version-history":[{"count":0,"href":"https:\/\/noticiasveraces.com\/index.php?rest_route=\/wp\/v2\/posts\/41021\/revisions"}],"wp:featuredmedia":[{"embeddable":true,"href":"https:\/\/noticiasveraces.com\/index.php?rest_route=\/wp\/v2\/media\/41023"}],"wp:attachment":[{"href":"https:\/\/noticiasveraces.com\/index.php?rest_route=%2Fwp%2Fv2%2Fmedia&parent=41021"}],"wp:term":[{"taxonomy":"category","embeddable":true,"href":"https:\/\/noticiasveraces.com\/index.php?rest_route=%2Fwp%2Fv2%2Fcategories&post=41021"},{"taxonomy":"post_tag","embeddable":true,"href":"https:\/\/noticiasveraces.com\/index.php?rest_route=%2Fwp%2Fv2%2Ftags&post=41021"}],"curies":[{"name":"wp","href":"https:\/\/api.w.org\/{rel}","templated":true}]}}