{"id":41012,"date":"2025-08-19T07:50:00","date_gmt":"2025-08-19T11:50:00","guid":{"rendered":"https:\/\/noticiasveraces.com\/?p=41012"},"modified":"2025-08-19T07:50:00","modified_gmt":"2025-08-19T11:50:00","slug":"air-canada-strike-termina-despues-de-un-acuerdo-tentativo-con-azafatas","status":"publish","type":"post","link":"https:\/\/noticiasveraces.com\/?p=41012","title":{"rendered":"Air Canada Strike termina despu\u00e9s de un acuerdo tentativo con azafatas"},"content":{"rendered":"<p> \n<\/p>\n<div>\n<p id=\"anchor-8609a1\" class=\"body-graf\">La huelga de Air Canada termin\u00f3 despu\u00e9s de que las azafatas llegaron a un acuerdo tentativo con la aerol\u00ednea, dijeron ambas partes el martes temprano.<\/p>\n<p id=\"anchor-69f076\" class=\"body-graf\">\u00abLa huelga ha terminado\u00bb, dijo la Uni\u00f3n Canadiense de Empleados P\u00fablicos en una publicaci\u00f3n de Facebook, asesorando a su membres\u00eda que \u00abcoopere completamente con la reanudaci\u00f3n de las operaciones\u00bb. <\/p>\n<p id=\"anchor-c1ad08\" class=\"body-graf\">Air Canada dijo que reiniciar\u00eda gradualmente las operaciones el martes, pero que un regreso a \u00abla restauraci\u00f3n completa puede requerir una semana o m\u00e1s\u00bb.<\/p>\n<p id=\"anchor-ee7c6c\" class=\"body-graf\">\u00abLa suspensi\u00f3n de nuestro servicio es extremadamente dif\u00edcil para nuestros clientes\u00bb, dijo Michael Rousseau, presidente y director ejecutivo de Air Canada, en un comunicado. \u00abNos arrepentimos profundamente y nos disculpamos por el impacto en ellos de esta interrupci\u00f3n laboral\u00bb.<\/p>\n<figure class=\"styles_inlineImage__FvnTh styles_medium__MEKii\" id=\"anchor-a1e5d4\"><picture class=\"styles_image__i32F7\" data-testid=\"picture\" data-flavor=\"fit\" data-original-height=\"1667\" data-original-width=\"2500\"><source media=\"(min-width: 1000px)\" srcset=\"https:\/\/media-cldnry.s-nbcnews.com\/image\/upload\/t_fit-560w,f_avif,q_auto:eco,dpr_2\/rockcms\/2025-08\/250819-air-canada-rs-4deb93.jpg 2x, https:\/\/media-cldnry.s-nbcnews.com\/image\/upload\/t_fit-560w,f_auto,q_auto:best\/rockcms\/2025-08\/250819-air-canada-rs-4deb93.jpg 1x\"\/><source media=\"(min-width: 320px)\" srcset=\"https:\/\/media-cldnry.s-nbcnews.com\/image\/upload\/t_fit-760w,f_avif,q_auto:eco,dpr_2\/rockcms\/2025-08\/250819-air-canada-rs-4deb93.jpg 2x, https:\/\/media-cldnry.s-nbcnews.com\/image\/upload\/t_fit-760w,f_auto,q_auto:best\/rockcms\/2025-08\/250819-air-canada-rs-4deb93.jpg 1x\"\/><img decoding=\"async\" loading=\"lazy\" src=\"https:\/\/media-cldnry.s-nbcnews.com\/image\/upload\/t_fit-760w,f_auto,q_auto:best\/rockcms\/2025-08\/250819-air-canada-rs-4deb93.jpg\" alt=\"Las azafatas de Air Canada se huelen en huelga\" height=\"1667\" width=\"2500\"\/><\/picture><figcaption class=\"caption styles_caption__TCewG\" data-testid=\"caption\"><span class=\"caption__container\" data-testid=\"caption__container\">Los pilotos muestran su apoyo a las azafatas de Air Canada que golpean en el Aeropuerto Internacional Montreal-Pierre Elliott Trudeau el s\u00e1bado en Montreal, Canad\u00e1.<\/span><span class=\"caption__source\" data-testid=\"caption__source\">Andrej Ivanov \/ Getty Images<\/span><\/figcaption><\/figure>\n<p id=\"anchor-f802ed\" class=\"body-graf\">M\u00e1s de 10,000 azafatas salieron del trabajo la madrugada del s\u00e1bado por las disputas de pago y programaci\u00f3n. <\/p>\n<p id=\"anchor-013f5f\" class=\"body-graf\">La Junta de Relaciones Industriales Canadienses orden\u00f3 a las azafatas Air Canada y Air Canada Rouge que \u00abreanuden sus deberes\u00bb antes de las 2 de la tarde del domingo despu\u00e9s de que el ministro de empleos, Patty Hajdu, impuso arbitraje vinculante y extendi\u00f3 el contrato existente hasta llegar a un nuevo acuerdo.<\/p>\n<p id=\"anchor-bd7fff\" class=\"body-graf\">Pero la Uni\u00f3n Canadiense de Empleados P\u00fablicos (CUPE) calific\u00f3 la orden \u00abdescaradamente inconstitucional\u00bb y dijo que sus miembros permanecer\u00edan en huelga.<\/p>\n<figure class=\"styles_inlineImage__FvnTh styles_medium__MEKii\" id=\"anchor-c71154\"><picture class=\"styles_image__i32F7\" data-testid=\"picture\" data-flavor=\"fit\" data-original-height=\"1667\" data-original-width=\"2500\"><source media=\"(min-width: 1000px)\" srcset=\"https:\/\/media-cldnry.s-nbcnews.com\/image\/upload\/t_fit-560w,f_avif,q_auto:eco,dpr_2\/rockcms\/2025-08\/250819-air-canada-2-rs-23456d.jpg 2x, https:\/\/media-cldnry.s-nbcnews.com\/image\/upload\/t_fit-560w,f_auto,q_auto:best\/rockcms\/2025-08\/250819-air-canada-2-rs-23456d.jpg 1x\"\/><source media=\"(min-width: 320px)\" srcset=\"https:\/\/media-cldnry.s-nbcnews.com\/image\/upload\/t_fit-760w,f_avif,q_auto:eco,dpr_2\/rockcms\/2025-08\/250819-air-canada-2-rs-23456d.jpg 2x, https:\/\/media-cldnry.s-nbcnews.com\/image\/upload\/t_fit-760w,f_auto,q_auto:best\/rockcms\/2025-08\/250819-air-canada-2-rs-23456d.jpg 1x\"\/><img decoding=\"async\" loading=\"lazy\" src=\"https:\/\/media-cldnry.s-nbcnews.com\/image\/upload\/t_fit-760w,f_auto,q_auto:best\/rockcms\/2025-08\/250819-air-canada-2-rs-23456d.jpg\" alt=\"El pron\u00f3stico de Air Canada tira, citando la huelga de los asistentes de vuelo\" height=\"1667\" width=\"2500\"\/><\/picture><figcaption class=\"caption styles_caption__TCewG\" data-testid=\"caption\"><span class=\"caption__container\" data-testid=\"caption__container\">Los asistentes y partidarios de Air Canada durante una huelga en el Aeropuerto Internacional Montreal-Pierre Elliott Trudeau el lunes.<\/span><span class=\"caption__source\" data-testid=\"caption__source\">Andrej Ivanov \/ Bloomberg a trav\u00e9s de Getty Images<\/span><\/figcaption><\/figure>\n<p id=\"anchor-cea551\" class=\"body-graf\">En un comunicado, el secretario y tesorero de la Uni\u00f3n, Candace Rennick, dijo que la orden del gobierno era \u00abun mal uso del poder que apesta a sesgo sist\u00e9mico y favoritismo corporativo\u00bb.<\/p>\n<p id=\"anchor-a2b990\" class=\"body-graf\">La aerol\u00ednea estim\u00f3 el lunes que los vuelos de 500,000 clientes hab\u00edan sido cancelados debido a la huelga. <\/p>\n<p id=\"anchor-e0235d\" class=\"endmark body-graf\"><em>Esta es una noticia en desarrollo. Vuelva a consultar las actualizaciones.<\/em><\/p>\n<\/div>\n\n","protected":false},"excerpt":{"rendered":"<p>La huelga de Air Canada termin\u00f3 despu\u00e9s de que las azafatas llegaron a un acuerdo tentativo con la aerol\u00ednea, dijeron ambas partes el martes temprano. \u00abLa huelga ha terminado\u00bb, dijo la Uni\u00f3n Canadiense de Empleados P\u00fablicos en una publicaci\u00f3n de Facebook, asesorando a su membres\u00eda que \u00abcoopere completamente con la reanudaci\u00f3n de las operaciones\u00bb. Air &hellip;<\/p>\n","protected":false},"author":1,"featured_media":41014,"comment_status":"open","ping_status":"open","sticky":false,"template":"","format":"standard","meta":{"fifu_image_url":"https:\/\/media-cldnry.s-nbcnews.com\/image\/upload\/t_nbcnews-fp-1200-630,f_auto,q_auto:best\/rockcms\/2025-08\/250819-air-canada-rs-4deb93.jpg","fifu_image_alt":"","footnotes":""},"categories":[11],"tags":[],"class_list":["post-41012","post","type-post","status-publish","format-standard","has-post-thumbnail","","category-viaje"],"_links":{"self":[{"href":"https:\/\/noticiasveraces.com\/index.php?rest_route=\/wp\/v2\/posts\/41012","targetHints":{"allow":["GET"]}}],"collection":[{"href":"https:\/\/noticiasveraces.com\/index.php?rest_route=\/wp\/v2\/posts"}],"about":[{"href":"https:\/\/noticiasveraces.com\/index.php?rest_route=\/wp\/v2\/types\/post"}],"author":[{"embeddable":true,"href":"https:\/\/noticiasveraces.com\/index.php?rest_route=\/wp\/v2\/users\/1"}],"replies":[{"embeddable":true,"href":"https:\/\/noticiasveraces.com\/index.php?rest_route=%2Fwp%2Fv2%2Fcomments&post=41012"}],"version-history":[{"count":0,"href":"https:\/\/noticiasveraces.com\/index.php?rest_route=\/wp\/v2\/posts\/41012\/revisions"}],"wp:featuredmedia":[{"embeddable":true,"href":"https:\/\/noticiasveraces.com\/index.php?rest_route=\/wp\/v2\/media\/41014"}],"wp:attachment":[{"href":"https:\/\/noticiasveraces.com\/index.php?rest_route=%2Fwp%2Fv2%2Fmedia&parent=41012"}],"wp:term":[{"taxonomy":"category","embeddable":true,"href":"https:\/\/noticiasveraces.com\/index.php?rest_route=%2Fwp%2Fv2%2Fcategories&post=41012"},{"taxonomy":"post_tag","embeddable":true,"href":"https:\/\/noticiasveraces.com\/index.php?rest_route=%2Fwp%2Fv2%2Ftags&post=41012"}],"curies":[{"name":"wp","href":"https:\/\/api.w.org\/{rel}","templated":true}]}}