{"id":40998,"date":"2025-08-19T05:18:22","date_gmt":"2025-08-19T09:18:22","guid":{"rendered":"https:\/\/noticiasveraces.com\/?p=40998"},"modified":"2025-08-19T05:18:22","modified_gmt":"2025-08-19T09:18:22","slug":"espana-agranda-el-deficit-y-varias-autonomias-mantienen-superavit","status":"publish","type":"post","link":"https:\/\/noticiasveraces.com\/?p=40998","title":{"rendered":"Espa\u00f1a agranda el d\u00e9ficit y varias autonom\u00edas mantienen super\u00e1vit"},"content":{"rendered":"<p> \n<\/p>\n<div>\n<p><img decoding=\"async\" fetchpriority=\"high\" class=\"aligncenter size-full wp-image-32265 lazyload first-post-image skip-lazy\" src=\"https:\/\/www.economiafinanzas.com\/wp-content\/uploads\/2025\/08\/comercio-maritimo.jpg\" alt=\"comercio maritimo espa\u00f1a\" width=\"1200\" height=\"675\" data-no-lazy=\"true\"\/><img loading=\"lazy\" decoding=\"async\" class=\"aligncenter size-full wp-image-32265 lazyload\" src=\"https:\/\/www.economiafinanzas.com\/wp-content\/uploads\/2025\/08\/comercio-maritimo.jpg\" alt=\"comercio maritimo espa\u00f1a\" width=\"1200\" height=\"675\" srcset=\"https:\/\/www.economiafinanzas.com\/wp-content\/uploads\/2025\/08\/comercio-maritimo.jpg 1200w, https:\/\/www.economiafinanzas.com\/wp-content\/uploads\/2025\/08\/comercio-maritimo-300x169.jpg 300w, https:\/\/www.economiafinanzas.com\/wp-content\/uploads\/2025\/08\/comercio-maritimo-1024x576.jpg 1024w, https:\/\/www.economiafinanzas.com\/wp-content\/uploads\/2025\/08\/comercio-maritimo-768x432.jpg 768w, https:\/\/www.economiafinanzas.com\/wp-content\/uploads\/2025\/08\/comercio-maritimo-400x225.jpg 400w, https:\/\/www.economiafinanzas.com\/wp-content\/uploads\/2025\/08\/comercio-maritimo-500x281.jpg 500w, https:\/\/www.economiafinanzas.com\/wp-content\/uploads\/2025\/08\/comercio-maritimo-170x96.jpg 170w, https:\/\/www.economiafinanzas.com\/wp-content\/uploads\/2025\/08\/comercio-maritimo-420x236.jpg 420w, https:\/\/www.economiafinanzas.com\/wp-content\/uploads\/2025\/08\/comercio-maritimo-840x473.jpg 840w, https:\/\/www.economiafinanzas.com\/wp-content\/uploads\/2025\/08\/comercio-maritimo-150x84.jpg 150w\" sizes=\"auto, (max-width: 1024px) 100vw, 860px\"\/><\/p>\n<p><strong>Espa\u00f1a encadena un semestre con m\u00e1s compras al exterior que ventas<\/strong> y ensancha su d\u00e9ficit comercial, pese a que las exportaciones han marcado uno de sus mejores registros hist\u00f3ricos para un arranque de a\u00f1o. En paralelo, varias comunidades aut\u00f3nomas resisten con super\u00e1vit, evidenciando un comportamiento desigual por territorios y sectores.<\/p>\n<p>El balance del Ministerio de Econom\u00eda, Comercio y Empresa confirma que <strong>la brecha entre importaciones y exportaciones vuelve a crecer<\/strong>con la energ\u00eda y ciertos bienes de equipo tirando del desequilibrio. Aun as\u00ed, ramas como la alimentaci\u00f3n y el autom\u00f3vil sostienen la balanza con saldos positivos, mientras que en la geograf\u00eda regional destacan Murcia, Andaluc\u00eda y la Comunitat Valenciana por sus n\u00fameros en verde.<\/p>\n<h2>Panorama nacional de la balanza comercial<\/h2>\n<p><strong>En el primer semestre<\/strong>las exportaciones de mercanc\u00edas sumaron 197.151 millones de euros (+1%) y las importaciones ascendieron a 222.263,6 millones (+5,4%). El saldo resultante fue un d\u00e9ficit de 25.113 millones, un 58,7% superior al de un a\u00f1o antes, con una <strong>tasa de cobertura del 88,7%<\/strong> (3,8 puntos menos).<\/p>\n<p>El dinamismo importador, muy por encima del exportador, <strong>explica el deterioro del indicador<\/strong>a pesar de que las ventas al exterior representan la segunda mayor cifra para un primer semestre de la serie. La lectura es clara: <strong>el sector exterior sigue aportando tracci\u00f3n<\/strong>pero el peso de las compras crece con mayor velocidad.<\/p>\n<table>\n<tbody>\n<tr>\n<th>Magnitud<\/th>\n<th>Semestre anterior<\/th>\n<th>Semestre actual<\/th>\n<th>Variaci\u00f3n<\/th>\n<\/tr>\n<tr>\n<td>Exportaciones (M\u20ac)<\/td>\n<td>195.204<\/td>\n<td>197.151<\/td>\n<td>+1,0%<\/td>\n<\/tr>\n<tr>\n<td>Importaciones (M\u20ac)<\/td>\n<td>210.026<\/td>\n<td>222.263,6<\/td>\n<td>+5,4%<\/td>\n<\/tr>\n<tr>\n<td>Saldo comercial (M\u20ac)<\/td>\n<td>-15.822<\/td>\n<td>-25.113<\/td>\n<td>+58,7%<\/td>\n<\/tr>\n<tr>\n<td>Tasa de cobertura (%)<\/td>\n<td>92,5<\/td>\n<td>88,7<\/td>\n<td>-3,8 pp<\/td>\n<\/tr>\n<\/tbody>\n<\/table>\n<p>Con este cuadro, <strong>las importaciones crecen cinco veces m\u00e1s r\u00e1pido que las exportaciones<\/strong>una pauta vinculada al tir\u00f3n de los bienes intermedios y de equipo, y a una energ\u00eda que, aun abarat\u00e1ndose frente a 2024, contin\u00faa pesando en el saldo.<\/p>\n<h2>Qu\u00e9 sectores inclinan la balanza<\/h2>\n<p>La <strong>energ\u00eda concentra el mayor agujero<\/strong>con un d\u00e9ficit de 16.337 millones hasta junio. El saldo no energ\u00e9tico tambi\u00e9n disminuye y se sit\u00faa en -8.775,7 millones, frente al ligero d\u00e9ficit del mismo periodo del a\u00f1o pasado.<\/p>\n<p>Entre los cap\u00edtulos con super\u00e1vit sobresalen <strong>alimentaci\u00f3n, bebidas y tabaco<\/strong> (10.562,4 millones), las semimanufacturas no qu\u00edmicas (3.586,7 millones), otras mercanc\u00edas (3.141,2 millones) y el sector del autom\u00f3vil (2.140,5 millones). En el lado negativo destacan los <strong>bienes de equipo<\/strong> (-13.663,9 millones), las manufacturas de consumo (-6.752,2 millones), los productos qu\u00edmicos (-3.368,1 millones), los bienes de consumo duradero (-2.606,4 millones) y las materias primas (-1.815,9 millones).<\/p>\n<p>El comercio de productos energ\u00e9ticos mostr\u00f3 una <strong>ca\u00edda en exportaciones e importaciones<\/strong>arrastrada por menores precios de petr\u00f3leo y gas, pero su volumen y dependencia siguen condicionando la balanza en el semestre.<\/p>\n<div class=\"post-relacionado-wrapper\"><img loading=\"lazy\" decoding=\"async\" width=\"300\" height=\"225\" src=\"https:\/\/www.economiafinanzas.com\/wp-content\/uploads\/2018\/10\/cash-register-1885558_1280-300x225.jpg\" class=\"attachment-medium size-medium wp-post-image\" alt=\"pagado\" srcset=\"https:\/\/www.economiafinanzas.com\/wp-content\/uploads\/2018\/10\/cash-register-1885558_1280-300x225.jpg 300w, https:\/\/www.economiafinanzas.com\/wp-content\/uploads\/2018\/10\/cash-register-1885558_1280-1024x768.jpg 1024w, https:\/\/www.economiafinanzas.com\/wp-content\/uploads\/2018\/10\/cash-register-1885558_1280-830x623.jpg 830w, https:\/\/www.economiafinanzas.com\/wp-content\/uploads\/2018\/10\/cash-register-1885558_1280-400x300.jpg 400w, https:\/\/www.economiafinanzas.com\/wp-content\/uploads\/2018\/10\/cash-register-1885558_1280.jpg 1280w\" sizes=\"auto, (max-width: 300px) 100vw, 300px\"\/><\/p>\n<div>\n<p>Art\u00edculo relacionado:<\/p>\n<p>\u00bfQu\u00e9 es la balanza de pagos?<\/p>\n<\/div>\n<\/div>\n<h2>Socios comerciales: d\u00f3nde se gana y d\u00f3nde se pierde<\/h2>\n<p>Por destinos, Espa\u00f1a mantiene <strong>super\u00e1vit con Francia (9.993 M\u20ac), Portugal (8.392 M\u20ac) y Reino Unido (7.617 M\u20ac)<\/strong>. Sin embargo, la relaci\u00f3n con Estados Unidos refleja un deterioro: las ventas a ese mercado sumaron 8.754,5 millones (-5,1% interanual) y las compras desde EEUU crecieron un 10,1%, ampliando el d\u00e9ficit bilateral en el semestre hasta 7.083 millones (frente a 5.169 millones un a\u00f1o antes).<\/p>\n<p>La reconfiguraci\u00f3n geogr\u00e1fica contin\u00faa: <strong>Asia y \u00c1frica incrementan su peso<\/strong> en las exportaciones, con aumentos del 7,1% y 7,4%, respectivamente. Destacan China, que ya representa el 2% de los env\u00edos totales, e India, con un 0,6%. Adem\u00e1s, se registra un repunte en las ventas a Argelia tras normalizar relaciones diplom\u00e1ticas y m\u00e1ximos en destinos extracomunitarios como Reino Unido, M\u00e9xico y Emiratos \u00c1rabes Unidos.<\/p>\n<p>Europa mantiene su papel de estabilidad, <strong>con un avance moderado en las ventas<\/strong>pero la menor tracci\u00f3n de algunos socios y las tensiones comerciales globales subrayan la necesidad de diversificaci\u00f3n en mercados no tradicionales.<\/p>\n<div class=\"post-relacionado-wrapper\"><img loading=\"lazy\" decoding=\"async\" width=\"300\" height=\"169\" src=\"https:\/\/www.economiafinanzas.com\/wp-content\/uploads\/2025\/04\/aranceles-Trump-1-300x169.jpg\" class=\"attachment-medium size-medium wp-post-image\" alt=\"aranceles Trump-1\" srcset=\"https:\/\/www.economiafinanzas.com\/wp-content\/uploads\/2025\/04\/aranceles-Trump-1-300x169.jpg 300w, https:\/\/www.economiafinanzas.com\/wp-content\/uploads\/2025\/04\/aranceles-Trump-1-1024x576.jpg 1024w, https:\/\/www.economiafinanzas.com\/wp-content\/uploads\/2025\/04\/aranceles-Trump-1-768x432.jpg 768w, https:\/\/www.economiafinanzas.com\/wp-content\/uploads\/2025\/04\/aranceles-Trump-1-1200x675.jpg 1200w, https:\/\/www.economiafinanzas.com\/wp-content\/uploads\/2025\/04\/aranceles-Trump-1-400x225.jpg 400w, https:\/\/www.economiafinanzas.com\/wp-content\/uploads\/2025\/04\/aranceles-Trump-1-500x281.jpg 500w, https:\/\/www.economiafinanzas.com\/wp-content\/uploads\/2025\/04\/aranceles-Trump-1-170x96.jpg 170w, https:\/\/www.economiafinanzas.com\/wp-content\/uploads\/2025\/04\/aranceles-Trump-1-420x236.jpg 420w, https:\/\/www.economiafinanzas.com\/wp-content\/uploads\/2025\/04\/aranceles-Trump-1-840x473.jpg 840w, https:\/\/www.economiafinanzas.com\/wp-content\/uploads\/2025\/04\/aranceles-Trump-1-150x84.jpg 150w, https:\/\/www.economiafinanzas.com\/wp-content\/uploads\/2025\/04\/aranceles-Trump-1.jpg 1280w\" sizes=\"auto, (max-width: 300px) 100vw, 300px\"\/><\/p>\n<div>\n<p>Art\u00edculo relacionado:<\/p>\n<p>Impacto global de los nuevos aranceles de Trump: mercados en ca\u00edda, conflicto con China y consecuencias para Espa\u00f1a<\/p>\n<\/div>\n<\/div>\n<h2>Mapa regional: Murcia, Andaluc\u00eda y Comunitat Valenciana<\/h2>\n<p>La Regi\u00f3n de Murcia cerr\u00f3 el semestre con <strong>exportaciones de 6.999,6 millones (-5,7%)<\/strong> e importaciones por 6.948,6 millones (-6,0%), con un saldo positivo de 51 millones. En cuanto a sectores, alimentaci\u00f3n, bebidas y tabaco aportaron un super\u00e1vit de 2.769,2 millones (exportaciones de 3.964,2 millones e importaciones de 1.195 millones); los productos energ\u00e9ticos presentaron un d\u00e9ficit de 2.829,7 millones (1.076,8 frente a 3.906,5), y los qu\u00edmicos dejaron 180,4 millones en super\u00e1vit (767,3 frente a 586,9).<\/p>\n<p>Andaluc\u00eda alcanz\u00f3 <strong>21.337 millones en ventas exteriores<\/strong> en los primeros seis meses y un super\u00e1vit de 1.194 millones, con una tasa de cobertura del 106%. Entre los sectores m\u00e1s din\u00e1micos est\u00e1n las hortalizas (~+10%), las frutas (~+14%) y el aceite de oliva, adem\u00e1s del crecimiento en cobre, miner\u00eda y fundici\u00f3n de hierro y acero.<\/p>\n<p>La Comunitat Valenciana obtuvo <strong>19.227,4 millones en exportaciones (-0,8%)<\/strong> y mantiene un super\u00e1vit de 352,2 millones, con una cobertura del 101,9%. Destacan alimentaci\u00f3n, bebidas y tabaco, semimanufacturas no qu\u00edmicas y un ligero d\u00e9ficit en bienes de equipo. En junio, las ventas alcanzaron 3.156,9 millones, <strong>el tercer mejor dato hist\u00f3rico para ese mes<\/strong>.<\/p>\n<p>Otras regiones exportadoras importantes, como Catalu\u00f1a, registraron un <strong>d\u00e9ficit de 7.063 millones<\/strong>mientras que la Comunidad de Madrid sum\u00f3 26.013 millones en ventas con una cobertura del 50,5%, reflejando su estructura productiva y energ\u00e9tica.<\/p>\n<div class=\"post-relacionado-wrapper\"><img loading=\"lazy\" decoding=\"async\" width=\"300\" height=\"200\" src=\"https:\/\/www.economiafinanzas.com\/wp-content\/uploads\/2019\/02\/21190861895_ef70330eef_b-300x200.jpg\" class=\"attachment-medium size-medium wp-post-image\" alt=\"elecciones\" srcset=\"https:\/\/www.economiafinanzas.com\/wp-content\/uploads\/2019\/02\/21190861895_ef70330eef_b-300x200.jpg 300w, https:\/\/www.economiafinanzas.com\/wp-content\/uploads\/2019\/02\/21190861895_ef70330eef_b.jpg 1024w, https:\/\/www.economiafinanzas.com\/wp-content\/uploads\/2019\/02\/21190861895_ef70330eef_b-830x554.jpg 830w, https:\/\/www.economiafinanzas.com\/wp-content\/uploads\/2019\/02\/21190861895_ef70330eef_b-400x267.jpg 400w, https:\/\/www.economiafinanzas.com\/wp-content\/uploads\/2019\/02\/21190861895_ef70330eef_b-450x300.jpg 450w\" sizes=\"auto, (max-width: 300px) 100vw, 300px\"\/><\/p>\n<div>\n<p>Art\u00edculo relacionado:<\/p>\n<p>Las elecciones en Espa\u00f1a no afectan a la bolsa<\/p>\n<\/div>\n<\/div>\n<h2>La UE y la eurozona en el espejo<\/h2>\n<p>El contexto europeo tambi\u00e9n muestra signos de desaceleraci\u00f3n: <strong>el super\u00e1vit de la UE con EE. UU. cay\u00f3 un 48,1% en junio<\/strong>y el super\u00e1vit global del bloque se redujo un 60,6% interanual. Las exportaciones al resto del mundo se mantuvieron estables en 213.700 millones, pero las importaciones aumentaron un 6,4%, alcanzando los 205.700 millones.<\/p>\n<p>Por categor\u00edas, la UE registr\u00f3 <strong>d\u00e9ficit en bienes primarios<\/strong> debido a la energ\u00eda y las materias primas, mientras que productos qu\u00edmicos, maquinaria y veh\u00edculos mantuvieron su super\u00e1vit. Adem\u00e1s, el d\u00e9ficit frente a China se ampli\u00f3 en junio, en tanto que mejor\u00f3 el saldo con Reino Unido y Suiza.<\/p>\n<p>En la zona euro, <strong>el super\u00e1vit de bienes se redujo a 7.000 millones en junio<\/strong>un 66,2% menos respecto al mismo per\u00edodo del a\u00f1o anterior, explicado por la mayor compra de bienes y la contracci\u00f3n en los sectores de productos qu\u00edmicos y maquinaria.<\/p>\n<div class=\"post-relacionado-wrapper\"><img loading=\"lazy\" decoding=\"async\" width=\"300\" height=\"225\" src=\"https:\/\/www.economiafinanzas.com\/wp-content\/uploads\/2016\/05\/variables-macroeconomicas-300x225.jpg\" class=\"attachment-medium size-medium wp-post-image\" alt=\"Macroecon\u00f3mica\" srcset=\"https:\/\/www.economiafinanzas.com\/wp-content\/uploads\/2016\/05\/variables-macroeconomicas-300x225.jpg 300w, https:\/\/www.economiafinanzas.com\/wp-content\/uploads\/2016\/05\/variables-macroeconomicas-768x575.jpg 768w, https:\/\/www.economiafinanzas.com\/wp-content\/uploads\/2016\/05\/variables-macroeconomicas-830x622.jpg 830w, https:\/\/www.economiafinanzas.com\/wp-content\/uploads\/2016\/05\/variables-macroeconomicas-400x300.jpg 400w, https:\/\/www.economiafinanzas.com\/wp-content\/uploads\/2016\/05\/variables-macroeconomicas.jpg 885w\" sizes=\"auto, (max-width: 300px) 100vw, 300px\"\/><\/p>\n<div>\n<p>Art\u00edculo relacionado:<\/p>\n<p>Variables macroecon\u00f3micas<\/p>\n<\/div>\n<\/div>\n<h2>Indicadores clave a vigilar<\/h2>\n<p><strong>M\u00e1s all\u00e1 del dato puntual<\/strong>es fundamental seguir la tasa de cobertura, la composici\u00f3n sectorial del saldo, el peso del sector energ\u00e9tico y la distribuci\u00f3n de ventas a nivel geogr\u00e1fico para evaluar la estabilidad del sector exterior.<\/p>\n<ul>\n<li>Una <strong>tasa de cobertura por debajo del 90%<\/strong> indica una mayor vulnerabilidad ante un aumento en las importaciones.<\/li>\n<li>El <strong>d\u00e9ficit energ\u00e9tico<\/strong> contin\u00faa siendo relevante pese a la bajada en los precios de hidrocarburos.<\/li>\n<li>El sector de la alimentaci\u00f3n y el autom\u00f3vil muestran una resiliencia a trav\u00e9s de super\u00e1vits sostenidos.<\/li>\n<li>Es necesario diversificar destinos, si bien <strong>Asia y \u00c1frica ganan peso<\/strong>mientras que EE. UU. reduce su impacto en las ventas.<\/li>\n<\/ul>\n<p>El an\u00e1lisis de los primeros seis meses del a\u00f1o revela un aumento en el d\u00e9ficit, condicionado en gran medida por la energ\u00eda y la mayor demanda de bienes de equipo. Destacan focos regionales de fortaleza, como Murcia, Andaluc\u00eda y la Comunitat Valenciana, en un entorno europeo en el que los super\u00e1vits se reducen debido a mayores importaciones. La evoluci\u00f3n futura depender\u00e1 de los precios energ\u00e9ticos y de la diversificaci\u00f3n de mercados.<\/p>\n<p> <!-- CONTENT END 1 --> <\/div>\n\n","protected":false},"excerpt":{"rendered":"<p>Espa\u00f1a encadena un semestre con m\u00e1s compras al exterior que ventas y ensancha su d\u00e9ficit comercial, pese a que las exportaciones han marcado uno de sus mejores registros hist\u00f3ricos para un arranque de a\u00f1o. En paralelo, varias comunidades aut\u00f3nomas resisten con super\u00e1vit, evidenciando un comportamiento desigual por territorios y sectores. El balance del Ministerio de &hellip;<\/p>\n","protected":false},"author":1,"featured_media":41000,"comment_status":"open","ping_status":"open","sticky":false,"template":"","format":"standard","meta":{"fifu_image_url":"https:\/\/www.economiafinanzas.com\/wp-content\/uploads\/2025\/08\/comercio-maritimo.jpg","fifu_image_alt":"","footnotes":""},"categories":[3],"tags":[],"class_list":["post-40998","post","type-post","status-publish","format-standard","has-post-thumbnail","","category-negocio"],"_links":{"self":[{"href":"https:\/\/noticiasveraces.com\/index.php?rest_route=\/wp\/v2\/posts\/40998","targetHints":{"allow":["GET"]}}],"collection":[{"href":"https:\/\/noticiasveraces.com\/index.php?rest_route=\/wp\/v2\/posts"}],"about":[{"href":"https:\/\/noticiasveraces.com\/index.php?rest_route=\/wp\/v2\/types\/post"}],"author":[{"embeddable":true,"href":"https:\/\/noticiasveraces.com\/index.php?rest_route=\/wp\/v2\/users\/1"}],"replies":[{"embeddable":true,"href":"https:\/\/noticiasveraces.com\/index.php?rest_route=%2Fwp%2Fv2%2Fcomments&post=40998"}],"version-history":[{"count":0,"href":"https:\/\/noticiasveraces.com\/index.php?rest_route=\/wp\/v2\/posts\/40998\/revisions"}],"wp:featuredmedia":[{"embeddable":true,"href":"https:\/\/noticiasveraces.com\/index.php?rest_route=\/wp\/v2\/media\/41000"}],"wp:attachment":[{"href":"https:\/\/noticiasveraces.com\/index.php?rest_route=%2Fwp%2Fv2%2Fmedia&parent=40998"}],"wp:term":[{"taxonomy":"category","embeddable":true,"href":"https:\/\/noticiasveraces.com\/index.php?rest_route=%2Fwp%2Fv2%2Fcategories&post=40998"},{"taxonomy":"post_tag","embeddable":true,"href":"https:\/\/noticiasveraces.com\/index.php?rest_route=%2Fwp%2Fv2%2Ftags&post=40998"}],"curies":[{"name":"wp","href":"https:\/\/api.w.org\/{rel}","templated":true}]}}