{"id":40982,"date":"2025-08-19T03:03:32","date_gmt":"2025-08-19T07:03:32","guid":{"rendered":"https:\/\/noticiasveraces.com\/?p=40982"},"modified":"2025-08-19T03:03:32","modified_gmt":"2025-08-19T07:03:32","slug":"luis-diaz-del-gol-a-los-memes-vea-mejores-tras-ser-campeon-en-bayern","status":"publish","type":"post","link":"https:\/\/noticiasveraces.com\/?p=40982","title":{"rendered":"Luis D\u00edaz del gol a los memes: vea mejores tras ser campe\u00f3n en Bayern"},"content":{"rendered":"<p> \n<br \/><img decoding=\"async\" src=\"https:\/\/www.futbolred.com\/files\/article_graphic\/uploads\/2025\/08\/16\/68a0ef340ce9d.jpeg\" \/><\/p>\n<header>\n<h3>Curiosidades de f\u00fatbol<br \/>\n            <\/h3>\n<h1>Luis D\u00edaz del gol a los memes: vea mejores tras ser campe\u00f3n en Bayern<br \/>\n        <\/h1>\n<address>\n            <a>Cesar David Linares Ricaurte<br \/>\n        <\/address>\n<p>        16 de agosto de 2025, 03:57 p. metro.<\/p>\n<\/header>\n<p>En las redes sociales, los tradicionales memes hicieron referencia a la actuaci\u00f3n del colombiano.<\/p>\n<p>Una lluvia de elogios pero tambi\u00e9n de memes han ca\u00eddo a Luis D\u00edaz, luego de consagrarse campe\u00f3n con Bayern M\u00fanich en la Supercopa de Alemania contra Stuttgart.&nbsp;<\/p>\n<p>El colombiano fue titular, estuvo durante los 90 minutos y marc\u00f3 el gol de la victoria, logrando as\u00ed, su primer t\u00edtulo en territorio teut\u00f3n.&nbsp;<\/p>\n<p>Luis no solo fue protagonista en la cancha, sino tambi\u00e9n, en las redes sociales, donde se hicieron virales los tradicionales memes en referencia a su gran presentaci\u00f3n.&nbsp;<\/p>\n<h2>Vea los mejores memes de Luis D\u00edas tras Stuttgart vs Bayern M\u00fanich<\/h2>\n\n","protected":false},"excerpt":{"rendered":"<p>Curiosidades de f\u00fatbol Luis D\u00edaz del gol a los memes: vea mejores tras ser campe\u00f3n en Bayern Cesar David Linares Ricaurte 16 de agosto de 2025, 03:57 p. metro. En las redes sociales, los tradicionales memes hicieron referencia a la actuaci\u00f3n del colombiano. Una lluvia de elogios pero tambi\u00e9n de memes han ca\u00eddo a Luis &hellip;<\/p>\n","protected":false},"author":1,"featured_media":40984,"comment_status":"open","ping_status":"open","sticky":false,"template":"","format":"standard","meta":{"fifu_image_url":"https:\/\/www.futbolred.com\/files\/og_thumbnail\/uploads\/2025\/08\/16\/68a0ef340ce9d.jpeg","fifu_image_alt":"","footnotes":""},"categories":[6],"tags":[],"class_list":["post-40982","post","type-post","status-publish","format-standard","has-post-thumbnail","","category-deportes"],"_links":{"self":[{"href":"https:\/\/noticiasveraces.com\/index.php?rest_route=\/wp\/v2\/posts\/40982","targetHints":{"allow":["GET"]}}],"collection":[{"href":"https:\/\/noticiasveraces.com\/index.php?rest_route=\/wp\/v2\/posts"}],"about":[{"href":"https:\/\/noticiasveraces.com\/index.php?rest_route=\/wp\/v2\/types\/post"}],"author":[{"embeddable":true,"href":"https:\/\/noticiasveraces.com\/index.php?rest_route=\/wp\/v2\/users\/1"}],"replies":[{"embeddable":true,"href":"https:\/\/noticiasveraces.com\/index.php?rest_route=%2Fwp%2Fv2%2Fcomments&post=40982"}],"version-history":[{"count":0,"href":"https:\/\/noticiasveraces.com\/index.php?rest_route=\/wp\/v2\/posts\/40982\/revisions"}],"wp:featuredmedia":[{"embeddable":true,"href":"https:\/\/noticiasveraces.com\/index.php?rest_route=\/wp\/v2\/media\/40984"}],"wp:attachment":[{"href":"https:\/\/noticiasveraces.com\/index.php?rest_route=%2Fwp%2Fv2%2Fmedia&parent=40982"}],"wp:term":[{"taxonomy":"category","embeddable":true,"href":"https:\/\/noticiasveraces.com\/index.php?rest_route=%2Fwp%2Fv2%2Fcategories&post=40982"},{"taxonomy":"post_tag","embeddable":true,"href":"https:\/\/noticiasveraces.com\/index.php?rest_route=%2Fwp%2Fv2%2Ftags&post=40982"}],"curies":[{"name":"wp","href":"https:\/\/api.w.org\/{rel}","templated":true}]}}