{"id":40980,"date":"2025-08-19T02:33:03","date_gmt":"2025-08-19T06:33:03","guid":{"rendered":"https:\/\/noticiasveraces.com\/?p=40980"},"modified":"2025-08-19T02:33:03","modified_gmt":"2025-08-19T06:33:03","slug":"australia-critica-a-israel-por-revocar-visas-de-diplomaticos-dw-19-08-2025","status":"publish","type":"post","link":"https:\/\/noticiasveraces.com\/?p=40980","title":{"rendered":"Australia critica a Israel por revocar visas de diplom\u00e1ticos \u2013 DW \u2013 19\/08\/2025"},"content":{"rendered":"<p> \n<\/p>\n<div data-tracking-name=\"rich-text\" data-tracking-skip=\"true\">\n<p>La ministra de Relaciones Exteriores de Australia, Penny Wong, critic\u00f3 el martes (19.08.2025) a Israel por revocar las visas de sus diplom\u00e1ticos ante la Autoridad Palestina.<\/p>\n<p>La medida israel\u00ed fue tomada luego de que Australia impidiera la noche del lunes que un pol\u00edtico de extrema derecha de Israel ingresara al pa\u00eds para dar una serie de charlas.<\/p>\n<p>Las relaciones entre los dos pa\u00edses se han tensado desde que Canberra declar\u00f3 que reconocer\u00e1 al Estado palestino en la Asamblea General de la ONU el pr\u00f3ximo mes de\u00a0septiembre.<\/p>\n<p>La canciller Wong calific\u00f3 la revocaci\u00f3n de las visas diplom\u00e1ticas como una \u00abreacci\u00f3n injustificada\u00bb de Israel.<\/p>\n<p>\u00abEn momentos que el di\u00e1logo y la diplomacia son m\u00e1s necesarios que nunca, el gobierno (de Benjamin) Netanyahu aisla a Israel y socava los esfuerzos internacionales hacia la paz y la soluci\u00f3n de dos estados\u00bb, dijo en un comunicado.<\/p>\n<p>Australia cancel\u00f3 el lunes la visa del pol\u00edtico israel\u00ed de extrema derecha Simcha Rothman, cuyo partido integra la coalici\u00f3n gobernante de Netanyahu.<\/p>\n<p>Horas despu\u00e9s, el ministro israel\u00ed de Relaciones Exteriores, Gideon Saar, anunci\u00f3 la revocaci\u00f3n de las visas de los representantes australianos ante la Autoridad Palestina, que gobierna en Cisjordania ocupada.<\/p>\n<p>La ofensiva militar israel\u00ed en Gaza comenz\u00f3 en respuesta a los ataques lanzados el 7 de octubre de 2023 por parte de Ham\u00e1s, grupo calificado como terrorista por Estados Unidos, la Uni\u00f3n Europea y otros pa\u00edses.<\/p>\n<p>GS (AFP, Reuters)<\/p>\n<\/div>\n\n","protected":false},"excerpt":{"rendered":"<p>La ministra de Relaciones Exteriores de Australia, Penny Wong, critic\u00f3 el martes (19.08.2025) a Israel por revocar las visas de sus diplom\u00e1ticos ante la Autoridad Palestina. La medida israel\u00ed fue tomada luego de que Australia impidiera la noche del lunes que un pol\u00edtico de extrema derecha de Israel ingresara al pa\u00eds para dar una serie &hellip;<\/p>\n","protected":false},"author":1,"featured_media":40981,"comment_status":"open","ping_status":"open","sticky":false,"template":"","format":"standard","meta":{"fifu_image_url":"https:\/\/static.dw.com\/image\/68619338_6.jpg","fifu_image_alt":"","footnotes":""},"categories":[13],"tags":[],"class_list":["post-40980","post","type-post","status-publish","format-standard","has-post-thumbnail","","category-mundo"],"_links":{"self":[{"href":"https:\/\/noticiasveraces.com\/index.php?rest_route=\/wp\/v2\/posts\/40980","targetHints":{"allow":["GET"]}}],"collection":[{"href":"https:\/\/noticiasveraces.com\/index.php?rest_route=\/wp\/v2\/posts"}],"about":[{"href":"https:\/\/noticiasveraces.com\/index.php?rest_route=\/wp\/v2\/types\/post"}],"author":[{"embeddable":true,"href":"https:\/\/noticiasveraces.com\/index.php?rest_route=\/wp\/v2\/users\/1"}],"replies":[{"embeddable":true,"href":"https:\/\/noticiasveraces.com\/index.php?rest_route=%2Fwp%2Fv2%2Fcomments&post=40980"}],"version-history":[{"count":0,"href":"https:\/\/noticiasveraces.com\/index.php?rest_route=\/wp\/v2\/posts\/40980\/revisions"}],"wp:featuredmedia":[{"embeddable":true,"href":"https:\/\/noticiasveraces.com\/index.php?rest_route=\/wp\/v2\/media\/40981"}],"wp:attachment":[{"href":"https:\/\/noticiasveraces.com\/index.php?rest_route=%2Fwp%2Fv2%2Fmedia&parent=40980"}],"wp:term":[{"taxonomy":"category","embeddable":true,"href":"https:\/\/noticiasveraces.com\/index.php?rest_route=%2Fwp%2Fv2%2Fcategories&post=40980"},{"taxonomy":"post_tag","embeddable":true,"href":"https:\/\/noticiasveraces.com\/index.php?rest_route=%2Fwp%2Fv2%2Ftags&post=40980"}],"curies":[{"name":"wp","href":"https:\/\/api.w.org\/{rel}","templated":true}]}}