{"id":40973,"date":"2025-08-19T01:32:18","date_gmt":"2025-08-19T05:32:18","guid":{"rendered":"https:\/\/noticiasveraces.com\/?p=40973"},"modified":"2025-08-19T01:32:18","modified_gmt":"2025-08-19T05:32:18","slug":"2024-con-record-de-383-trabajadores-humanitarios-asesinados-dw-19-08-2025","status":"publish","type":"post","link":"https:\/\/noticiasveraces.com\/?p=40973","title":{"rendered":"2024 con r\u00e9cord de 383 trabajadores humanitarios asesinados \u2013 DW \u2013 19\/08\/2025"},"content":{"rendered":"<p> \n<\/p>\n<div data-tracking-name=\"rich-text\" data-tracking-skip=\"true\">\n<p>El a\u00f1o 2024 registr\u00f3 un r\u00e9cord de 383 trabajadores humanitarios que fueron asesinados, mientras otros cientos resultaron heridos, un 31 % que en 2023, dijo este martes (19.08.2025) la Oficina de Coordinaci\u00f3n Humanitaria de Naciones Humanas al conmemorarse el D\u00eda Mundial Humanitario.<\/p>\n<p>\u00abEstos datos deben hacer que nos despertemos y hagamos un llamamiento para la protecci\u00f3n de todos los civiles en conflictos y situaciones de crisis, y reclamemos el fin de la impunidad\u00bb, indic\u00f3 el organismo, que coordina el trabajo humanitario en el terreno de distintas agencias de la ONU, as\u00ed como de las organizaciones civiles de ayuda y socorro.<\/p>\n<p>En 2023 se registraron 280 bajas dentro del personal humanitario.<\/p>\n<p>Adem\u00e1s de las v\u00edctimas mortales, en 2024 fueron heridos mientras cumpl\u00edan su misi\u00f3n 308 trabajadores humanitarios, otros 125 fueron secuestrados y 45 detenidos.<\/p>\n<p>En la gran mayor\u00eda de casos, las v\u00edctimas eran personal nacional de Naciones Unidas y de otras organizaciones humanitarias que serv\u00edan en sus comunidades y que fueron atacados cuando cumpl\u00edan su misi\u00f3n o en sus propios hogares.<\/p>\n<p>\u00abLos ataques a esta escala, con cero rendici\u00f3n de cuentas, son una vergonzosa muestra de la inacci\u00f3n y la apat\u00eda internacionales\u00bb, se\u00f1al\u00f3 el coordinador humanitario de la ONU, Tom Fletcher.<\/p>\n<p>\u00abComo comunidad humanitaria, exigimos, una vez m\u00e1s, que quienes tienen poder e influencia act\u00faen en favor de la humanidad, protejan a los civiles y al personal humanitario y hagan rendir cuentas a los responsables\u00bb, a\u00f1adi\u00f3.<\/p>\n<p>Los ataques contra los trabajadores humanitarios, sus bienes y sus operaciones violan el derecho internacional humanitario y socavan los medios de subsistencia de millones de personas atrapadas en zonas de guerra y cat\u00e1strofes.<\/p>\n<p>Los terrenos m\u00e1s peligrosos para los trabajadores humanitarios son, sin duda, el territorio palestino de Gaza, donde murieron 181 trabajadores humanitarios, y Sud\u00e1n, donde 60 personas perdieron la vida el a\u00f1o pasado.<\/p>\n<p>La violencia contra los trabajadores humanitarios aument\u00f3 en 21 pa\u00edses en 2024 frente al a\u00f1o anterior, siendo los actores estatales los autores m\u00e1s comunes.<\/p>\n<p>JC (EFE, AFP)<\/p>\n<\/p>\n<\/div>\n\n","protected":false},"excerpt":{"rendered":"<p>El a\u00f1o 2024 registr\u00f3 un r\u00e9cord de 383 trabajadores humanitarios que fueron asesinados, mientras otros cientos resultaron heridos, un 31 % que en 2023, dijo este martes (19.08.2025) la Oficina de Coordinaci\u00f3n Humanitaria de Naciones Humanas al conmemorarse el D\u00eda Mundial Humanitario. \u00abEstos datos deben hacer que nos despertemos y hagamos un llamamiento para la &hellip;<\/p>\n","protected":false},"author":1,"featured_media":40974,"comment_status":"open","ping_status":"open","sticky":false,"template":"","format":"standard","meta":{"fifu_image_url":"https:\/\/static.dw.com\/image\/67809831_6.jpg","fifu_image_alt":"","footnotes":""},"categories":[13],"tags":[],"class_list":["post-40973","post","type-post","status-publish","format-standard","has-post-thumbnail","","category-mundo"],"_links":{"self":[{"href":"https:\/\/noticiasveraces.com\/index.php?rest_route=\/wp\/v2\/posts\/40973","targetHints":{"allow":["GET"]}}],"collection":[{"href":"https:\/\/noticiasveraces.com\/index.php?rest_route=\/wp\/v2\/posts"}],"about":[{"href":"https:\/\/noticiasveraces.com\/index.php?rest_route=\/wp\/v2\/types\/post"}],"author":[{"embeddable":true,"href":"https:\/\/noticiasveraces.com\/index.php?rest_route=\/wp\/v2\/users\/1"}],"replies":[{"embeddable":true,"href":"https:\/\/noticiasveraces.com\/index.php?rest_route=%2Fwp%2Fv2%2Fcomments&post=40973"}],"version-history":[{"count":0,"href":"https:\/\/noticiasveraces.com\/index.php?rest_route=\/wp\/v2\/posts\/40973\/revisions"}],"wp:featuredmedia":[{"embeddable":true,"href":"https:\/\/noticiasveraces.com\/index.php?rest_route=\/wp\/v2\/media\/40974"}],"wp:attachment":[{"href":"https:\/\/noticiasveraces.com\/index.php?rest_route=%2Fwp%2Fv2%2Fmedia&parent=40973"}],"wp:term":[{"taxonomy":"category","embeddable":true,"href":"https:\/\/noticiasveraces.com\/index.php?rest_route=%2Fwp%2Fv2%2Fcategories&post=40973"},{"taxonomy":"post_tag","embeddable":true,"href":"https:\/\/noticiasveraces.com\/index.php?rest_route=%2Fwp%2Fv2%2Ftags&post=40973"}],"curies":[{"name":"wp","href":"https:\/\/api.w.org\/{rel}","templated":true}]}}