{"id":40924,"date":"2025-08-18T14:22:18","date_gmt":"2025-08-18T18:22:18","guid":{"rendered":"https:\/\/noticiasveraces.com\/?p=40924"},"modified":"2025-08-18T14:22:18","modified_gmt":"2025-08-18T18:22:18","slug":"japon-espera-mas-pragmatismo-y-liderazgo-de-alemania-dw-18-08-2025","status":"publish","type":"post","link":"https:\/\/noticiasveraces.com\/?p=40924","title":{"rendered":"Jap\u00f3n espera m\u00e1s pragmatismo y liderazgo de Alemania \u2013 DW \u2013 18\/08\/2025"},"content":{"rendered":"<p> \n<\/p>\n<div data-tracking-name=\"rich-text\" data-tracking-skip=\"true\">\n<p>La visita inaugural de Johann Wadephul a Jap\u00f3n\u00a0, este lunes y martes (18 y 19 de agosto) alegra\u00a0doblemente al Gobierno de Tokio. En primer lugar, el nuevo ministro de Asuntos Exteriores alem\u00e1n eligi\u00f3 Jap\u00f3n como su primer destino asi\u00e1tico. Durante los 16 a\u00f1os de mandato de la canciller Angela Merkel, Alemania hab\u00eda dado preferencia a China, seg\u00fan la opini\u00f3n japonesa. En segundo lugar, Wadephul se muestra como un amigo y conocedor declarado de Jap\u00f3n. Este alem\u00e1n del norte, de 62 a\u00f1os, participa activamente en el Foro Germano-Japon\u00e9s, que promueve el intercambio anual entre ambos pa\u00edses.<\/p>\n<p>\u00abJap\u00f3n espera que Alemania ofrezca cooperaciones activas en muchos \u00e1mbitos, desde la ayuda a Ucrania hasta la ciencia y la tecnolog\u00eda\u201d, explica Norihide Miyoshi, antiguo corresponsal en Alemania del diario conservador Yomiuri Shimbun. \u00abMientras que los Gobiernos de Merkel y Scholz sol\u00edan seguir enfoques ideol\u00f3gicos en materia de pol\u00edtica energ\u00e9tica y migratoria, el Gobierno de Merz act\u00faa de forma m\u00e1s pragm\u00e1tica. Esto facilita las conversaciones y abre oportunidades para ampliar las relaciones\u201d.<\/p>\n<p>Tras la formaci\u00f3n del Gobierno alem\u00e1n de coalici\u00f3n del bloque conservador formado por la\u00a0Uni\u00f3n Dem\u00f3crata Cristiana (CDU) y su hermana b\u00e1vara, la Uni\u00f3n Social Cristiana (CSU), con\u00a0el Partido Socialdem\u00f3crata Alem\u00e1n (\u00a0SPD),\u00a0en mayo, varios peri\u00f3dicos japoneses expresaron su deseo de que Alemania llevara a cabo una pol\u00edtica exterior m\u00e1s vigorosa. \u00abEl nuevo Gobierno alem\u00e1n debe mostrar su liderazgo como eje central de Europa\u201d, exigi\u00f3 el peri\u00f3dico financiero <em>Nihon keizai shimbun<\/em>.<\/p>\n<h2>\u00abTiempos geopol\u00edticamente dif\u00edciles\u201d<\/h2>\n<p>Al comienzo de la visita, Wadephul se reunir\u00e1 con su hom\u00f3logo, Takeshi Iwaya, y con el ministro de Econom\u00eda, Comercio e Industria, Yoji Muto. Se est\u00e1n preparando encuentros con el primer ministro nip\u00f3n,\u00a0Shigeru Ishiba, y con el negociador jefe de aduanas, Ryosei Akazawa. Hay muchos temas sobre la mesa: la pol\u00edtica arancelaria de Trump, la guerra de Putin contra Ucrania, las aspiraciones de poder de China, la guerra de Israel con Ham\u00e1s. Wadephul tambi\u00e9n pronunciar\u00e1 un discurso sobre Alemania y Jap\u00f3n en \u00abtiempos geopol\u00edticamente dif\u00edciles\u201d.<\/p>\n<p>El acuerdo de coalici\u00f3n entre\u00a0CDU\/CSU y\u00a0SPD califica a Jap\u00f3n de \u00absocio cercano en valores\u201d y afirma que el nuevo Gobierno quiere profundizar en la \u00abasociaci\u00f3n estrat\u00e9gica\u201d. \u00abJap\u00f3n y Alemania quieren preservar las normas del orden internacional liberal, que se ha visto gravemente afectado\u201d, afirma Sebastian Maslow, del Instituto de Ciencias Sociales de la Universidad de Tokio. \u00abLas consultas gubernamentales que se celebran peri\u00f3dicamente desde 2023 subrayan la creciente importancia de Jap\u00f3n para la pol\u00edtica exterior de Alemania\u201d.<\/p>\n<figure class=\"placeholder-image master_landscape big\"><img data-format=\"MASTER_LANDSCAPE\" data-id=\"70039206\" data-url=\"https:\/\/static.dw.com\/image\/70039206_${formatId}.jpg\" data-aspect-ratio=\"16\/9\" alt=\"Fragata alemana Baden-W\u00fcrttemberg atraca a la vera de una terminal en el puerto de Tokio.\" style=\"padding-bottom: 56.25%; height: 0; max-height: 0;\"\/><figcaption class=\"img-caption\">La fragata alemana Baden-W\u00fcrttemberg atraca el 20 de agosto de 2024 en el puerto de Tokio.<small class=\"copyright\">Imagen: Bundeswehr\/Julia Kelm<\/small><\/figcaption><\/figure>\n<p>Seg\u00fan Maslow, un elemento central es la cooperaci\u00f3n m\u00e1s estrecha en materia de armamento. Un ejemplo: el grupo armament\u00edstico alem\u00e1n Rheinmetall coopera con la empresa comercial japonesa Marubeni para producir veh\u00edculos terrestres aut\u00f3nomos para las Fuerzas Armadas japonesas. Los tres primeros veh\u00edculos ya se est\u00e1n probando en Jap\u00f3n.<\/p>\n<h2>Enfoque de la pol\u00edtica exterior en el Indo-Pac\u00edfico<\/h2>\n<p>Jap\u00f3n ha reajustado su pol\u00edtica exterior y de seguridad en detrimento de su anterior postura pacifista. En respuesta a las aspiraciones hegem\u00f3nicas de China, Tokio aboga por \u00abun Indo-Pac\u00edfico libre y seguro\u201d para mantener abiertas las importantes rutas comerciales mundiales. Jap\u00f3n aument\u00f3 el gasto en defensa, intensific\u00f3 la cooperaci\u00f3n militar con Estados Unidos y estableci\u00f3 una asociaci\u00f3n con la OTAN en \u00e1mbitos como la ciberseguridad y contra la desinformaci\u00f3n. Tras el ataque a Ucrania, Jap\u00f3n impuso sanciones a Rusia.<\/p>\n<p>Alemania redefini\u00f3 su pol\u00edtica asi\u00e1tica a partir de 2020 y adopt\u00f3 el concepto geopol\u00edtico japon\u00e9s del \u00abIndo-Pac\u00edfico\u201d. Berl\u00edn reforz\u00f3 la cooperaci\u00f3n en materia de defensa con Jap\u00f3n, por ejemplo, mediante ejercicios conjuntos de las fuerzas a\u00e9reas y una mayor presencia del Ej\u00e9rcito alem\u00e1n en Asia Oriental. En oto\u00f1o, la fragata Baden-W\u00fcrttemberg\u00a0cruz\u00f3 el estrecho de Taiw\u00e1n. Alemania tambi\u00e9n intercambia informaci\u00f3n secreta con Jap\u00f3n.<\/p>\n<p><span data-slot-id=\"Article_InContent-1\" class=\"rich-text-ad\"\/><\/p>\n<h2>Dudas sobre EE. UU. como garante de la seguridad<\/h2>\n<p>Tanto Jap\u00f3n como Alemania buscan respuestas a la creciente distancia de EE. UU. con respecto al orden mundial liberal, ya que, para ambos, EE. UU. es la columna vertebral de su pol\u00edtica de seguridad. Sin embargo, el periodista Miyoshi ve diferencias en la valoraci\u00f3n de China. Jap\u00f3n se siente amenazado militarmente, mientras que Alemania tiene en cuenta los intereses econ\u00f3micos. \u00abLa pol\u00edtica arancelaria de Trump, en particular, hace temer a Jap\u00f3n que China vuelva a cobrar importancia como mercado para Alemania\u201d, opina Miyoshi. El Gobierno de Merz deber\u00eda mostrar comprensi\u00f3n por el punto de vista japon\u00e9s.<\/p>\n<p>El martes, Wadephul visitar\u00e1 la base militar estadounidense en la ciudad portuaria de Yokosuka. Desde all\u00ed, la C\u00e9lula de Coordinaci\u00f3n de Implementaci\u00f3n (Enforcement Coordination Cell, ECC, por sus siglas en ingl\u00e9s) supervisa el cumplimiento de las sanciones de la ONU contra Corea del Norte y coordina la aplicaci\u00f3n de las sanciones. La ECC est\u00e1 formada por una coalici\u00f3n multinacional, de la que tambi\u00e9n forman parte Jap\u00f3n y Alemania. La \u00faltima visita del ministro de Defensa, Boris Pistorius, a la ECC tuvo lugar en marzo de 2023.<\/p>\n<p>(MD\/CP)<\/p>\n<\/div>\n\n","protected":false},"excerpt":{"rendered":"<p>La visita inaugural de Johann Wadephul a Jap\u00f3n\u00a0, este lunes y martes (18 y 19 de agosto) alegra\u00a0doblemente al Gobierno de Tokio. En primer lugar, el nuevo ministro de Asuntos Exteriores alem\u00e1n eligi\u00f3 Jap\u00f3n como su primer destino asi\u00e1tico. Durante los 16 a\u00f1os de mandato de la canciller Angela Merkel, Alemania hab\u00eda dado preferencia a &hellip;<\/p>\n","protected":false},"author":1,"featured_media":40925,"comment_status":"open","ping_status":"open","sticky":false,"template":"","format":"standard","meta":{"fifu_image_url":"https:\/\/static.dw.com\/image\/73674839_6.jpg","fifu_image_alt":"","footnotes":""},"categories":[13],"tags":[],"class_list":["post-40924","post","type-post","status-publish","format-standard","has-post-thumbnail","","category-mundo"],"_links":{"self":[{"href":"https:\/\/noticiasveraces.com\/index.php?rest_route=\/wp\/v2\/posts\/40924","targetHints":{"allow":["GET"]}}],"collection":[{"href":"https:\/\/noticiasveraces.com\/index.php?rest_route=\/wp\/v2\/posts"}],"about":[{"href":"https:\/\/noticiasveraces.com\/index.php?rest_route=\/wp\/v2\/types\/post"}],"author":[{"embeddable":true,"href":"https:\/\/noticiasveraces.com\/index.php?rest_route=\/wp\/v2\/users\/1"}],"replies":[{"embeddable":true,"href":"https:\/\/noticiasveraces.com\/index.php?rest_route=%2Fwp%2Fv2%2Fcomments&post=40924"}],"version-history":[{"count":0,"href":"https:\/\/noticiasveraces.com\/index.php?rest_route=\/wp\/v2\/posts\/40924\/revisions"}],"wp:featuredmedia":[{"embeddable":true,"href":"https:\/\/noticiasveraces.com\/index.php?rest_route=\/wp\/v2\/media\/40925"}],"wp:attachment":[{"href":"https:\/\/noticiasveraces.com\/index.php?rest_route=%2Fwp%2Fv2%2Fmedia&parent=40924"}],"wp:term":[{"taxonomy":"category","embeddable":true,"href":"https:\/\/noticiasveraces.com\/index.php?rest_route=%2Fwp%2Fv2%2Fcategories&post=40924"},{"taxonomy":"post_tag","embeddable":true,"href":"https:\/\/noticiasveraces.com\/index.php?rest_route=%2Fwp%2Fv2%2Ftags&post=40924"}],"curies":[{"name":"wp","href":"https:\/\/api.w.org\/{rel}","templated":true}]}}