{"id":40898,"date":"2025-08-18T12:19:27","date_gmt":"2025-08-18T16:19:27","guid":{"rendered":"https:\/\/noticiasveraces.com\/?p=40898"},"modified":"2025-08-18T12:19:27","modified_gmt":"2025-08-18T16:19:27","slug":"ue-tendran-cumbre-virtual-tras-reunion-zelenski-trump-dw-18-08-2025","status":"publish","type":"post","link":"https:\/\/noticiasveraces.com\/?p=40898","title":{"rendered":"UE tendr\u00e1n cumbre virtual tras reuni\u00f3n Zelenski-Trump \u2013 DW \u2013 18\/08\/2025"},"content":{"rendered":"<p> \n<\/p>\n<div data-tracking-name=\"rich-text\" data-tracking-skip=\"true\">\n<p>El presidente del Consejo Europeo, Ant\u00f3nio Costa, convoc\u00f3 a los jefes de Estado y de Gobierno de la Uni\u00f3n Europea a una reuni\u00f3n por videoconferencia ma\u00f1ana martes (19.08.2025) para informar del encuentro que mantendr\u00e1n en Washington el presidente ucraniano, Volodimir Zelenski, y el estadounidense, Donald Trump, junto a varios l\u00edderes europeos.<\/p>\n<p>\u00abJunto con Estados Unidos, la UE seguir\u00e1 trabajando hacia una paz duradera que salvaguarde a Ucrania y los intereses de seguridad vitales de Europa\u00bb, escribi\u00f3 en un mensaje en redes sociales en el que anunci\u00f3 la convocatoria.<\/p>\n<h2>Actuaci\u00f3n coordinada<\/h2>\n<p>El encuentro telem\u00e1tico tendr\u00e1 lugar a las 13.00 hora de Bruselas, seg\u00fan indic\u00f3. Mientras que el presidente ucraniano se reunir\u00e1 en la Casa Blanca con Trump tras la reuni\u00f3n del mandatario estadounidense con el presidente ruso, Vladimir Putin, el pasado viernes en Alaska (EE.UU.).<\/p>\n<blockquote class=\"tweet embed\" data-id=\"1957456482301071414\"\/>\n<p>Zelenski estar\u00e1 acompa\u00f1ado en Washington por la presidenta de la Comisi\u00f3n Europea, Ursula von der Leyen; el secretario general de la OTAN, Mark Rutte; los presidentes de Francia y Finlandia, Emmanuel Macron y Alexander Stubb, respectivamente, y los jefes de Gobierno de Alemania, Reino Unido e Italia, Friedrich Merz, Keir Starmer y Giorgia Meloni.<\/p>\n<p>Desde que se conoci\u00f3 la intenci\u00f3n de Trump de reunirse con Putin, los pa\u00edses europeos han intentado coordinar su posici\u00f3n de cara a una negociaci\u00f3n, para lo que la semana pasada mantuvieron varios encuentros entre ellos y con Trump y Zelenski en v\u00edsperas de la cita en Alaska, a lo que se suma ahora acompa\u00f1ar al presidente ucraniano a Washington.<\/p>\n<p>La videoconferencia convocada por Costa para ma\u00f1ana ir\u00eda en esa l\u00ednea, con el objetivo de informar a todos los l\u00edderes de la UE, incluidos los que no est\u00e1n participando en estos encuentros, de la reuni\u00f3n de hoy en EE.UU.<\/p>\n<p>(Efe, AFP\/MN)<\/p>\n<\/p>\n<\/div>\n\n","protected":false},"excerpt":{"rendered":"<p>El presidente del Consejo Europeo, Ant\u00f3nio Costa, convoc\u00f3 a los jefes de Estado y de Gobierno de la Uni\u00f3n Europea a una reuni\u00f3n por videoconferencia ma\u00f1ana martes (19.08.2025) para informar del encuentro que mantendr\u00e1n en Washington el presidente ucraniano, Volodimir Zelenski, y el estadounidense, Donald Trump, junto a varios l\u00edderes europeos. \u00abJunto con Estados Unidos, &hellip;<\/p>\n","protected":false},"author":1,"featured_media":40899,"comment_status":"open","ping_status":"open","sticky":false,"template":"","format":"standard","meta":{"fifu_image_url":"https:\/\/static.dw.com\/image\/73239635_6.jpg","fifu_image_alt":"","footnotes":""},"categories":[13],"tags":[],"class_list":["post-40898","post","type-post","status-publish","format-standard","has-post-thumbnail","","category-mundo"],"_links":{"self":[{"href":"https:\/\/noticiasveraces.com\/index.php?rest_route=\/wp\/v2\/posts\/40898","targetHints":{"allow":["GET"]}}],"collection":[{"href":"https:\/\/noticiasveraces.com\/index.php?rest_route=\/wp\/v2\/posts"}],"about":[{"href":"https:\/\/noticiasveraces.com\/index.php?rest_route=\/wp\/v2\/types\/post"}],"author":[{"embeddable":true,"href":"https:\/\/noticiasveraces.com\/index.php?rest_route=\/wp\/v2\/users\/1"}],"replies":[{"embeddable":true,"href":"https:\/\/noticiasveraces.com\/index.php?rest_route=%2Fwp%2Fv2%2Fcomments&post=40898"}],"version-history":[{"count":0,"href":"https:\/\/noticiasveraces.com\/index.php?rest_route=\/wp\/v2\/posts\/40898\/revisions"}],"wp:featuredmedia":[{"embeddable":true,"href":"https:\/\/noticiasveraces.com\/index.php?rest_route=\/wp\/v2\/media\/40899"}],"wp:attachment":[{"href":"https:\/\/noticiasveraces.com\/index.php?rest_route=%2Fwp%2Fv2%2Fmedia&parent=40898"}],"wp:term":[{"taxonomy":"category","embeddable":true,"href":"https:\/\/noticiasveraces.com\/index.php?rest_route=%2Fwp%2Fv2%2Fcategories&post=40898"},{"taxonomy":"post_tag","embeddable":true,"href":"https:\/\/noticiasveraces.com\/index.php?rest_route=%2Fwp%2Fv2%2Ftags&post=40898"}],"curies":[{"name":"wp","href":"https:\/\/api.w.org\/{rel}","templated":true}]}}