{"id":40888,"date":"2025-08-18T08:59:02","date_gmt":"2025-08-18T12:59:02","guid":{"rendered":"https:\/\/noticiasveraces.com\/?p=40888"},"modified":"2025-08-18T08:59:02","modified_gmt":"2025-08-18T12:59:02","slug":"bayern-munich-con-luis-diaz-logro-millonario-premio-tras-ser-campeon-de-la-supercopa-de-alemania-curiosidades-de-futbol","status":"publish","type":"post","link":"https:\/\/noticiasveraces.com\/?p=40888","title":{"rendered":"Bayern M\u00fanich con Luis D\u00edaz logr\u00f3 millonario premio tras ser campe\u00f3n de la Supercopa de Alemania | Curiosidades de f\u00fatbol"},"content":{"rendered":"<p> \n<\/p>\n<div id=\"cuerpoArticulo\">\n<p class=\"texto intro\" id=\"p253582-m1043-1042-1044\">Luis D\u00edaz celebr\u00f3 su primer t\u00edtulo en territorio alem\u00e1n y lo hizo de la mejor manera posible. Fue inicialista en el equipo dirigido por Vincent Kompany, estuvo en cancha durante los 90 minutos y marc\u00f3 el gol que signific\u00f3 la victoria. <\/p>\n<p>Bayern M\u00fanich brill\u00f3 en la final de la Supercopa de Alemania contra Stuttgart, que aunque recort\u00f3 la diferencia en los \u00faltimos minutos, no consigui\u00f3 superar el poder\u00edo de los &#8216;b\u00e1varos&#8217;, que no solo se hicieron acreedores del trofeo, sino tambi\u00e9n de un millonario premio por ser campeones. <\/p>\n<p class=\"texto contenido-parrafo-articulo\" id=\"p253582-m1119-3-1120\">Un debut so\u00f1ado para el colombiano en partidos oficiales, pues ya hab\u00eda estado en los tres amistosos de pretemporada. En estos no consigui\u00f3 anotar y solamente en uno fue titular. <\/p>\n<p>Pero en el arranque de la temporada todo fue diferente y D\u00edaz se empieza a ganar el cari\u00f1o de la afici\u00f3n. <\/p>\n<div class=\"fotografia caja-articulo\" id=\"p253582-m1125-4-1126\">\n<div class=\"imagen-cuerpo-bk\">\n<figure itemscope=\"\" itemtype=\"https:\/\/schema.org\/ImageObject\" itemprop=\"image\" id=\"m1130-1129-1131\" class=\"foto-galeria-articulo imagen-articulo foto-texto-articulo-galeria\"><img decoding=\"async\" alt=\"Luis D\u00edaz en Bayern M\u00fanich vs Stuttgart\" src=\"data:image\/png;base64,iVBORw0KGgoAAAANSUhEUgAAAAEAAAABCAQAAAC1HAwCAAAAC0lEQVR42mP8\/x0AAvsB+DlKarAAAAAASUVORK5CYII=\" style=\" display: inline;\" data-original=\"\/files\/article_content\/uploads\/2025\/08\/16\/68a0e807238e0.jpeg\"\/><meta itemprop=\"width\" content=\"600\"\/><meta itemprop=\"height\" content=\"450\"\/> <meta itemprop=\"url\" content=\"https:\/\/www.futbolred.com\/files\/article_content\/uploads\/2025\/08\/16\/68a0e807238e0.jpeg\"\/><\/figure>\n<\/div>\n<div class=\"figcaption-cuerpo-bk credito-image-bk\"><figcaption class=\"foto-info\">\n<div class=\"titulo-foto-bk\">\n<p id=\"m1137-1-1138\" class=\"titulo pie-de-foto\">Luis D\u00edaz en Bayern M\u00fanich vs Stuttgart<\/p>\n<\/div>\n<p class=\"credito\">\n                            <span class=\"linea pre_credito\">Foto:<\/span><\/p>\n<p>                        <span id=\"m1143-2-1144\" class=\"autor\">Thomas Kienzle \/ AFP<\/span><\/p>\n<\/figcaption><\/div>\n<\/p><\/div>\n<p><span class=\"articulo-subtitulo subtitulo2 espacio-contenido\" id=\"p253582-m1151-5-1152\">Esto gan\u00f3 Bayern M\u00fanich por ser campe\u00f3n de la Supercopa de Alemania<\/span><\/p>\n<p class=\"texto contenido-parrafo-articulo\" id=\"p253582-m1157-6-1158\">Teniendo en cuenta que Bayern invirti\u00f3 75 millones de euros por &#8216;Lucho&#8217;, el dinero empieza a recuperarse, tanto con goles, t\u00edtulos y claro, en met\u00e1lico tambi\u00e9n. <\/p>\n<p>Y es que, solamente por haber disputado el torneo a partido \u00fanico, cada escuadra, seg\u00fan informes de la prensa internacional, <b>asegur\u00f3 un ingreso de 4 millones de euros. <\/b><\/p>\n<p>Sin embargo, el campe\u00f3n, en este caso B<b>ayern M\u00fanich, recibir\u00eda un mill\u00f3n adicional por ser el ganador.<\/b> Es decir, los &#8216;b\u00e1varos&#8217; consiguieron cinco millones de euros por ser campeones de la Supercopa de Alemania.<\/p>\n<\/div>\n\n","protected":false},"excerpt":{"rendered":"<p>Luis D\u00edaz celebr\u00f3 su primer t\u00edtulo en territorio alem\u00e1n y lo hizo de la mejor manera posible. Fue inicialista en el equipo dirigido por Vincent Kompany, estuvo en cancha durante los 90 minutos y marc\u00f3 el gol que signific\u00f3 la victoria. Bayern M\u00fanich brill\u00f3 en la final de la Supercopa de Alemania contra Stuttgart, que &hellip;<\/p>\n","protected":false},"author":1,"featured_media":40889,"comment_status":"open","ping_status":"open","sticky":false,"template":"","format":"standard","meta":{"fifu_image_url":"https:\/\/www.futbolred.com\/files\/og_thumbnail\/uploads\/2025\/08\/16\/68a102f7927b0.jpeg","fifu_image_alt":"","footnotes":""},"categories":[6],"tags":[],"class_list":["post-40888","post","type-post","status-publish","format-standard","has-post-thumbnail","","category-deportes"],"_links":{"self":[{"href":"https:\/\/noticiasveraces.com\/index.php?rest_route=\/wp\/v2\/posts\/40888","targetHints":{"allow":["GET"]}}],"collection":[{"href":"https:\/\/noticiasveraces.com\/index.php?rest_route=\/wp\/v2\/posts"}],"about":[{"href":"https:\/\/noticiasveraces.com\/index.php?rest_route=\/wp\/v2\/types\/post"}],"author":[{"embeddable":true,"href":"https:\/\/noticiasveraces.com\/index.php?rest_route=\/wp\/v2\/users\/1"}],"replies":[{"embeddable":true,"href":"https:\/\/noticiasveraces.com\/index.php?rest_route=%2Fwp%2Fv2%2Fcomments&post=40888"}],"version-history":[{"count":0,"href":"https:\/\/noticiasveraces.com\/index.php?rest_route=\/wp\/v2\/posts\/40888\/revisions"}],"wp:featuredmedia":[{"embeddable":true,"href":"https:\/\/noticiasveraces.com\/index.php?rest_route=\/wp\/v2\/media\/40889"}],"wp:attachment":[{"href":"https:\/\/noticiasveraces.com\/index.php?rest_route=%2Fwp%2Fv2%2Fmedia&parent=40888"}],"wp:term":[{"taxonomy":"category","embeddable":true,"href":"https:\/\/noticiasveraces.com\/index.php?rest_route=%2Fwp%2Fv2%2Fcategories&post=40888"},{"taxonomy":"post_tag","embeddable":true,"href":"https:\/\/noticiasveraces.com\/index.php?rest_route=%2Fwp%2Fv2%2Ftags&post=40888"}],"curies":[{"name":"wp","href":"https:\/\/api.w.org\/{rel}","templated":true}]}}