{"id":40859,"date":"2025-08-18T04:13:03","date_gmt":"2025-08-18T08:13:03","guid":{"rendered":"https:\/\/noticiasveraces.com\/?p=40859"},"modified":"2025-08-18T04:13:03","modified_gmt":"2025-08-18T08:13:03","slug":"vencedor-de-primera-vuelta-promete-liberalizacion-en-bolivia-dw-18-08-2025","status":"publish","type":"post","link":"https:\/\/noticiasveraces.com\/?p=40859","title":{"rendered":"Vencedor de primera vuelta promete liberalizaci\u00f3n en Bolivia \u2013 DW \u2013 18\/08\/2025"},"content":{"rendered":"<p> \n<\/p>\n<div data-tracking-name=\"rich-text\" data-tracking-skip=\"true\">\n<p>El senador Rodrigo Paz, quien sorprendi\u00f3 al vencer este domingo (17.08.2025) en la primera vuelta de las elecciones en Bolivia, se\u00f1al\u00f3 que de ganar la presidencia en el balotaje del 19 de octubre buscar\u00e1 cambiar el modelo econ\u00f3mico implantado en el pa\u00eds\u00a0 durante 20 a\u00f1os de gobiernos de izquierda. Espero que el Parlamento \u00abnos ayude a cambiar este modelo econ\u00f3mico que trabaja para el Estado y no para los bolivianos\u00bb, dijo ante sus simpatizantes en La Paz.<\/p>\n<p>Ninguna encuesta anticip\u00f3 su paso a segunda vuelta. Una semana antes de las elecciones lo ubicaban entre el tercer y quinto puesto. \u00abEsta es una se\u00f1al de cambio, y esa se\u00f1al de cambio es la grandeza del pueblo boliviano que quiere otro destino\u00bb, afirm\u00f3 Paz. El candidato del Partido Dem\u00f3crata Cristiano, economista de 57 a\u00f1os e hijo del expresidente Jaime Paz Zamora (1989-1993) se medir\u00e1 en segunda vuelta con Jorge Quiroga, presidente entre 2001 y 2002. Paz felicit\u00f3 a su pr\u00f3ximo rival. \u00abHemos clasificado a una final. A\u00fan no hemos ganado nada\u00bb, se\u00f1al\u00f3.<\/p>\n<p>Quiroga obtuvo el 26,8\u00a0%, seg\u00fan los datos preliminares ofrecidos por el \u00f3rgano electoral al 95,4\u00a0% del conteo, y se ratific\u00f3 en el segundo lugar que le daban las encuestas previas a la votaci\u00f3n, aunque su contrincante no ser\u00e1 el empresario Samuel Doria Medina, como lo mostraban los sondeos preelectorales, sino Paz Pereira, con m\u00e1s del 32\u00a0% de los votos, seg\u00fan los datos preliminares.<\/p>\n<p><span data-slot-id=\"Article_InContent-1\" class=\"rich-text-ad\"\/><\/p>\n<h2>Dos candidatos de derecha en el balotaje<\/h2>\n<p>Paz, lejos de las pol\u00e9micasentre Quiroga y Medina,\u00a0que acaparaban los telediarios, hizo una campa\u00f1a discreta. Prometi\u00f3 una incorporaci\u00f3n de las clases medias y bajas a la vida econ\u00f3mica del pa\u00eds con cr\u00e9ditos accesibles, libre importaci\u00f3n de productos y una reforma tributaria para incentivar la industria nacional. Rodrigo Paz naci\u00f3 en 1967 en Espa\u00f1a, en el seno de una familia expulsada de Bolivia por las dictaduras militares. Tiene la nacionalidad boliviana por el origen de su padre.<\/p>\n<p>Quiroga, por su parte, es ingeniero industrial y administrador de empresas. Naci\u00f3 en la ciudad central de Cochabamba en 1960. A sus 30 a\u00f1os, lleg\u00f3 a ser uno de los ministros m\u00e1s j\u00f3venes de la naci\u00f3n y, previamente, represent\u00f3 a Bolivia ante los principales organismos financieros internacionales. Quiroga fue vicepresidente del pa\u00eds entre 1997 y 2001, a\u00f1o en que asumi\u00f3 la Presidencia por sucesi\u00f3n constitucional tras la renuncia del entonces mandatario Hugo Banzer, quien dej\u00f3 el cargo por motivos de salud.<\/p>\n<p>Quiroga ha sido un gran cr\u00edtico de los posteriores gobiernos de izquierda y tambi\u00e9n propone liberalizar la econom\u00eda, mediante un acuerdo con el Fondo Monetario Internacional (FMI) y otros organismos para restablecer las reservas de d\u00f3lares, adem\u00e1s de reducir el aparato estatal, entre otras medidas.<\/p>\n<p>LGC (AFP, EFE)<\/p>\n<\/div>\n\n","protected":false},"excerpt":{"rendered":"<p>El senador Rodrigo Paz, quien sorprendi\u00f3 al vencer este domingo (17.08.2025) en la primera vuelta de las elecciones en Bolivia, se\u00f1al\u00f3 que de ganar la presidencia en el balotaje del 19 de octubre buscar\u00e1 cambiar el modelo econ\u00f3mico implantado en el pa\u00eds\u00a0 durante 20 a\u00f1os de gobiernos de izquierda. Espero que el Parlamento \u00abnos ayude &hellip;<\/p>\n","protected":false},"author":1,"featured_media":40860,"comment_status":"open","ping_status":"open","sticky":false,"template":"","format":"standard","meta":{"fifu_image_url":"https:\/\/static.dw.com\/image\/73675185_6.jpg","fifu_image_alt":"","footnotes":""},"categories":[13],"tags":[],"class_list":["post-40859","post","type-post","status-publish","format-standard","has-post-thumbnail","","category-mundo"],"_links":{"self":[{"href":"https:\/\/noticiasveraces.com\/index.php?rest_route=\/wp\/v2\/posts\/40859","targetHints":{"allow":["GET"]}}],"collection":[{"href":"https:\/\/noticiasveraces.com\/index.php?rest_route=\/wp\/v2\/posts"}],"about":[{"href":"https:\/\/noticiasveraces.com\/index.php?rest_route=\/wp\/v2\/types\/post"}],"author":[{"embeddable":true,"href":"https:\/\/noticiasveraces.com\/index.php?rest_route=\/wp\/v2\/users\/1"}],"replies":[{"embeddable":true,"href":"https:\/\/noticiasveraces.com\/index.php?rest_route=%2Fwp%2Fv2%2Fcomments&post=40859"}],"version-history":[{"count":0,"href":"https:\/\/noticiasveraces.com\/index.php?rest_route=\/wp\/v2\/posts\/40859\/revisions"}],"wp:featuredmedia":[{"embeddable":true,"href":"https:\/\/noticiasveraces.com\/index.php?rest_route=\/wp\/v2\/media\/40860"}],"wp:attachment":[{"href":"https:\/\/noticiasveraces.com\/index.php?rest_route=%2Fwp%2Fv2%2Fmedia&parent=40859"}],"wp:term":[{"taxonomy":"category","embeddable":true,"href":"https:\/\/noticiasveraces.com\/index.php?rest_route=%2Fwp%2Fv2%2Fcategories&post=40859"},{"taxonomy":"post_tag","embeddable":true,"href":"https:\/\/noticiasveraces.com\/index.php?rest_route=%2Fwp%2Fv2%2Ftags&post=40859"}],"curies":[{"name":"wp","href":"https:\/\/api.w.org\/{rel}","templated":true}]}}