{"id":40857,"date":"2025-08-18T03:11:53","date_gmt":"2025-08-18T07:11:53","guid":{"rendered":"https:\/\/noticiasveraces.com\/?p=40857"},"modified":"2025-08-18T03:11:53","modified_gmt":"2025-08-18T07:11:53","slug":"multan-a-aerolinea-de-australia-por-despidos-en-pandemia-dw-18-08-2025","status":"publish","type":"post","link":"https:\/\/noticiasveraces.com\/?p=40857","title":{"rendered":"Multan a aerol\u00ednea de Australia por despidos en pandemia \u2013 DW \u2013 18\/08\/2025"},"content":{"rendered":"<p> \n<\/p>\n<div data-tracking-name=\"rich-text\" data-tracking-skip=\"true\">\n<p>La Justicia de Australia mult\u00f3 este lunes (18.08.2025) con 90 millones de d\u00f3lares australianos (USD 59 millones) a la aerol\u00ednea local Qantas por el despido ilegal de 1.800 trabajadores de su personal de tierra durante la pandemia de Covid-19.<\/p>\n<p>El juez federal Michael Lee dijo esperar que la multa sirva como un \u00abverdadero disuasivo\u00bb para otras grandes empresas que buscan incurrir en \u00abconductas il\u00edcitas porque las recompensas pueden superar las desventajas\u00bb.<\/p>\n<p>La multa puso fin a una disputa legal de cinco a\u00f1os y se suma a la compensaci\u00f3n millonaria que Qantas prometi\u00f3 el a\u00f1o pasado a los m\u00e1s de 1.800 trabajadores despedidos de\u00a0diez aeropuertos en noviembre de 2020.<\/p>\n<p>La aerol\u00ednea ha buscado reparar su reputaci\u00f3n tras el fuerte incremento en el costo de sus billetes, los reclamos de mal servicio y la venta de asientos en vuelos cancelados.<\/p>\n<p>La pandemia de Covid-19\u00a0oblig\u00f3 a Australia a cerrar sus fronteras desde marzo de 2020\u00a0hasta noviembre de 2021, cuando comenzaron a reabrirse de forma progresiva.<\/p>\n<p>Qantas\u00a0fue privatizada entre 1993 y 1997, y declar\u00f3 que la subcontrataci\u00f3n \u00abilegal\u00bb de los operarios despedidos durante la pandemia no hab\u00eda funcionado.<\/p>\n<p>El pasado diciembre, la aerol\u00ednea alcanz\u00f3 un acuerdo con el sindicato Uni\u00f3n de Trabajadores del Transporte (TWU, por sus siglas en ingl\u00e9s) por el cual deb\u00eda pagar 120 millones de d\u00f3lares australianos\u00a0 a repartir entre los empleados despedidos ilegalmente, mientras que la de este lunes supone una multa de la justicia.<\/p>\n<p>GS (EFE, AFP)<\/p>\n<\/div>\n\n","protected":false},"excerpt":{"rendered":"<p>La Justicia de Australia mult\u00f3 este lunes (18.08.2025) con 90 millones de d\u00f3lares australianos (USD 59 millones) a la aerol\u00ednea local Qantas por el despido ilegal de 1.800 trabajadores de su personal de tierra durante la pandemia de Covid-19. El juez federal Michael Lee dijo esperar que la multa sirva como un \u00abverdadero disuasivo\u00bb para &hellip;<\/p>\n","protected":false},"author":1,"featured_media":40858,"comment_status":"open","ping_status":"open","sticky":false,"template":"","format":"standard","meta":{"fifu_image_url":"https:\/\/static.dw.com\/image\/61654561_6.jpg","fifu_image_alt":"","footnotes":""},"categories":[13],"tags":[],"class_list":["post-40857","post","type-post","status-publish","format-standard","has-post-thumbnail","","category-mundo"],"_links":{"self":[{"href":"https:\/\/noticiasveraces.com\/index.php?rest_route=\/wp\/v2\/posts\/40857","targetHints":{"allow":["GET"]}}],"collection":[{"href":"https:\/\/noticiasveraces.com\/index.php?rest_route=\/wp\/v2\/posts"}],"about":[{"href":"https:\/\/noticiasveraces.com\/index.php?rest_route=\/wp\/v2\/types\/post"}],"author":[{"embeddable":true,"href":"https:\/\/noticiasveraces.com\/index.php?rest_route=\/wp\/v2\/users\/1"}],"replies":[{"embeddable":true,"href":"https:\/\/noticiasveraces.com\/index.php?rest_route=%2Fwp%2Fv2%2Fcomments&post=40857"}],"version-history":[{"count":0,"href":"https:\/\/noticiasveraces.com\/index.php?rest_route=\/wp\/v2\/posts\/40857\/revisions"}],"wp:featuredmedia":[{"embeddable":true,"href":"https:\/\/noticiasveraces.com\/index.php?rest_route=\/wp\/v2\/media\/40858"}],"wp:attachment":[{"href":"https:\/\/noticiasveraces.com\/index.php?rest_route=%2Fwp%2Fv2%2Fmedia&parent=40857"}],"wp:term":[{"taxonomy":"category","embeddable":true,"href":"https:\/\/noticiasveraces.com\/index.php?rest_route=%2Fwp%2Fv2%2Fcategories&post=40857"},{"taxonomy":"post_tag","embeddable":true,"href":"https:\/\/noticiasveraces.com\/index.php?rest_route=%2Fwp%2Fv2%2Ftags&post=40857"}],"curies":[{"name":"wp","href":"https:\/\/api.w.org\/{rel}","templated":true}]}}