{"id":40842,"date":"2025-08-18T00:09:20","date_gmt":"2025-08-18T04:09:20","guid":{"rendered":"https:\/\/noticiasveraces.com\/?p=40842"},"modified":"2025-08-18T00:09:20","modified_gmt":"2025-08-18T04:09:20","slug":"fotos-de-la-hambruna-en-gaza-no-son-montajes-dw-17-08-2025","status":"publish","type":"post","link":"https:\/\/noticiasveraces.com\/?p=40842","title":{"rendered":"fotos de la hambruna en Gaza no son montajes \u2013 DW \u2013 17\/08\/2025"},"content":{"rendered":"<p> \n<\/p>\n<div data-tracking-name=\"rich-text\" data-tracking-skip=\"true\">\n<p>Miles de publicaciones en redes sociales aseguran que algunas de las im\u00e1genes que muestran el sufrimiento de la poblaci\u00f3n de Gaza est\u00e1n manipuladas. Estas acusaciones se dirigen tanto a fotos compartidas por usuarios como a los principales medios de comunicaci\u00f3n del mundo, y podr\u00edan alimentar la narrativa de que no se puede confiar en los periodistas que trabajan en peligrosas condiciones en el territorio palestino.<\/p>\n<p>DW verifica investig\u00f3 las acusaciones.<\/p>\n<p><strong>Afirmaci\u00f3n<\/strong>: Una publicaci\u00f3n<svg xmlns=\"http:\/\/www.w3.org\/2000\/svg\" width=\"20\" height=\"20\" viewbox=\"0 0 20 20\"><path d=\"M11.5 3.5 11.5 4.233C14.342 4.233 15.167 4.245 15.167 4.258L8.984 10.467 10.033 11.516C14.826 6.725 16.228 5.333 16.242 5.333L16.267 9 17.733 9 17.733 2.767 11.5 2.767 11.5 3.5M2.267 11 2.267 17.233 16.733 17.233 16.733 12 15.267 12 15.25 15.75 9.5 15.75 3.75 15.75 3.75 6.25 9.5 6.233 9.5 4.767 2.267 4.767 2.267 11 \"\/><\/svg>  ampliamente compartido acusa a <em>Tiempo<\/em> de publicar una imagen escenificada. Compara la fotograf\u00eda de la revista con otra aparecida en el tabloide alem\u00e1n <em>Bild<\/em><svg xmlns=\"http:\/\/www.w3.org\/2000\/svg\" width=\"20\" height=\"20\" viewbox=\"0 0 20 20\"><path d=\"M11.5 3.5 11.5 4.233C14.342 4.233 15.167 4.245 15.167 4.258L8.984 10.467 10.033 11.516C14.826 6.725 16.228 5.333 16.242 5.333L16.267 9 17.733 9 17.733 2.767 11.5 2.767 11.5 3.5M2.267 11 2.267 17.233 16.733 17.233 16.733 12 15.267 12 15.25 15.75 9.5 15.75 3.75 15.75 3.75 6.25 9.5 6.233 9.5 4.767 2.267 4.767 2.267 11 \"\/><\/svg>sugiriendo que todo fue orquestado. Las im\u00e1genes muestran a personas en Gaza esperando comida con ollas vac\u00edas.<\/p>\n<p>La cuenta oficial en Instagram del Ministerio de Exteriores de Israel public\u00f3 ambas im\u00e1genes, una al lado de la otra, con el siguiente texto: \u00abUna foto fue escenificada. La otra la desminti\u00f3\u00bb. La publicaci\u00f3n, compartida miles de veces, a\u00f1ade: \u00abEmoci\u00f3n fabricada. Complicidad de los medios. Verdad descartada\u00bb.<\/p>\n<figure class=\"placeholder-image master_landscape big\"><img data-format=\"MASTER_LANDSCAPE\" data-id=\"73627431\" data-url=\"https:\/\/static.dw.com\/image\/73627431_${formatId}.jpg\" data-aspect-ratio=\"16\/9\" alt=\"Publicaci\u00f3n en Instagram realizada por una fuente oficial israel\u00ed. \" style=\"padding-bottom: 56.25%; height: 0; max-height: 0;\"\/><figcaption class=\"img-caption\">Publicaci\u00f3n en Instagram realizada por una fuente oficial israel\u00ed. <small class=\"copyright\">Imagen: instagram<\/small><\/figcaption><\/figure>\n<p><strong>Dw verifica<\/strong>: FALSO.<\/p>\n<p>Las dos fotos no muestran la misma escena. Primero, un simple primer vistazo revela que en las fotograf\u00edas hay personas y recipientes distintos. En la imagen de <em>Tiempo<\/em><svg xmlns=\"http:\/\/www.w3.org\/2000\/svg\" width=\"20\" height=\"20\" viewbox=\"0 0 20 20\"><path d=\"M11.5 3.5 11.5 4.233C14.342 4.233 15.167 4.245 15.167 4.258L8.984 10.467 10.033 11.516C14.826 6.725 16.228 5.333 16.242 5.333L16.267 9 17.733 9 17.733 2.767 11.5 2.767 11.5 3.5M2.267 11 2.267 17.233 16.733 17.233 16.733 12 15.267 12 15.25 15.75 9.5 15.75 3.75 15.75 3.75 6.25 9.5 6.233 9.5 4.767 2.267 4.767 2.267 11 \"\/><\/svg>mucha gente tiene en sus manos contenedores de pl\u00e1stico, mientras que en la otra, la mayor\u00eda son ollas de metal. Por lo tanto, la imagen de <em>Tiempo<\/em> no muestra la fotograf\u00eda obtenida por el reportero gr\u00e1fico que aparece en la otra escena.<\/p>\n<p>Tambi\u00e9n revisamos los metadatos y las licencias de ambas fotos. La de <em>Tiempo<\/em> tiene licencia de Getty Images<svg xmlns=\"http:\/\/www.w3.org\/2000\/svg\" width=\"20\" height=\"20\" viewbox=\"0 0 20 20\"><path d=\"M11.5 3.5 11.5 4.233C14.342 4.233 15.167 4.245 15.167 4.258L8.984 10.467 10.033 11.516C14.826 6.725 16.228 5.333 16.242 5.333L16.267 9 17.733 9 17.733 2.767 11.5 2.767 11.5 3.5M2.267 11 2.267 17.233 16.733 17.233 16.733 12 15.267 12 15.25 15.75 9.5 15.75 3.75 15.75 3.75 6.25 9.5 6.233 9.5 4.767 2.267 4.767 2.267 11 \"\/><\/svg>  y es acreditada al fot\u00f3grafo Ali Jadallah, de Anadolu\/Getty. Fue publicada en la cuenta de Instagram de <em>Tiempo<\/em> y en la base de datos de Getty<svg xmlns=\"http:\/\/www.w3.org\/2000\/svg\" width=\"20\" height=\"20\" viewbox=\"0 0 20 20\"><path d=\"M11.5 3.5 11.5 4.233C14.342 4.233 15.167 4.245 15.167 4.258L8.984 10.467 10.033 11.516C14.826 6.725 16.228 5.333 16.242 5.333L16.267 9 17.733 9 17.733 2.767 11.5 2.767 11.5 3.5M2.267 11 2.267 17.233 16.733 17.233 16.733 12 15.267 12 15.25 15.75 9.5 15.75 3.75 15.75 3.75 6.25 9.5 6.233 9.5 4.767 2.267 4.767 2.267 11 \"\/><\/svg>  tiene como fecha 22 de julio de 2025.<\/p>\n<p>La segunda fotograf\u00eda, publicada por <em>Bild<\/em>aparece en el sitio web de la agencia alemana Picture Alliance. En ella se ve al fotoperiodista Anas Zayed Fteiha, pero fue tomada por Khames Alrefi, como se indica en el cr\u00e9dito. La fotograf\u00eda se distribuy\u00f3 a trav\u00e9s de la agencia de noticias turca Anadolu<svg xmlns=\"http:\/\/www.w3.org\/2000\/svg\" width=\"20\" height=\"20\" viewbox=\"0 0 20 20\"><path d=\"M11.5 3.5 11.5 4.233C14.342 4.233 15.167 4.245 15.167 4.258L8.984 10.467 10.033 11.516C14.826 6.725 16.228 5.333 16.242 5.333L16.267 9 17.733 9 17.733 2.767 11.5 2.767 11.5 3.5M2.267 11 2.267 17.233 16.733 17.233 16.733 12 15.267 12 15.25 15.75 9.5 15.75 3.75 15.75 3.75 6.25 9.5 6.233 9.5 4.767 2.267 4.767 2.267 11 \"\/><\/svg>que neg\u00f3 categ\u00f3ricamente las acusaciones de montaje tras ser consultada por DW.<\/p>\n<p>Tambi\u00e9n es importante destacar las fechas: la imagen utilizada por <em>Bild<\/em> est\u00e1 fechada el 24 de julio, dos d\u00edas despu\u00e9s de la foto de <em>Tiempo<\/em>. Si bien ambas fueron obtenidas en Gaza y en el mismo comedor social, no muestran la misma escena, pues fueron obtenidas en d\u00edas distintos.<\/p>\n<p><span data-slot-id=\"Article_InContent-1\" class=\"rich-text-ad\"\/><\/p>\n<h2>Acusaciones de montaje<\/h2>\n<p>Revisamos cientos de im\u00e1genes en bases de datos en l\u00ednea de las agencias fotogr\u00e1ficas. Muchas fueron tomadas en el mismo lugar en d\u00edas diferentes, tanto antes como durante las entregas de ayuda. Esto nos lleva a la conclusi\u00f3n de que se trata de un aut\u00e9ntico comedor social al que los gazat\u00edes acuden de forma regular.<\/p>\n<p>En la siguiente captura de pantalla de Anadolu, es posible ver varias im\u00e1genes que muestran a Fteiha en el mismo punto de distribuci\u00f3n de ayuda.<\/p>\n<figure class=\"placeholder-image master_landscape big\"><img data-format=\"MASTER_LANDSCAPE\" data-id=\"73642805\" data-url=\"https:\/\/static.dw.com\/image\/73642805_${formatId}.jpg\" data-aspect-ratio=\"16\/9\" alt=\"Captura de pantalla de la base de datos de Anadolu donde se ven im\u00e1genes del comedor comunitario y sus alrededores. \" style=\"padding-bottom: 56.25%; height: 0; max-height: 0;\"\/><figcaption class=\"img-caption\">Captura de pantalla de la base de datos de Anadolu donde se ven im\u00e1genes del comedor comunitario y sus alrededores. <small class=\"copyright\">Imagen: Anatolia<\/small><\/figcaption><\/figure>\n<p>La controversia se intensific\u00f3 despu\u00e9s de que <em>Bild<\/em> publicara un art\u00edculo el 5 de agosto en el que afirmaba que los fotoperiodistas en Gaza manipulaban im\u00e1genes para generar simpat\u00eda por la causa palestina, usando la imagen de Fteiha para respaldar la denuncia.<\/p>\n<p><strong>Afirmaci\u00f3n<\/strong>: \u00abEste fot\u00f3grafo de Gaza escenifica propaganda de Ham\u00e1s\u00bb, dice el titular del art\u00edculo de <em>Bild<\/em>acompa\u00f1ado por una fotograf\u00eda de Fteiha filmando a una multitud en Gaza. El art\u00edculo lo acusa de montar toda la escena.<\/p>\n<p><strong>Dw verifica<\/strong>: FALSO.<\/p>\n<figure class=\"placeholder-image master_landscape big\"><img data-format=\"MASTER_LANDSCAPE\" data-id=\"73643573\" data-url=\"https:\/\/static.dw.com\/image\/73643573_${formatId}.jpg\" data-aspect-ratio=\"16\/9\" alt=\"El tabloide alem\u00e1n &quot;Bild&quot; public\u00f3 una fotograf\u00eda diciendo que formaba parte de una escenificaci\u00f3n. \" style=\"padding-bottom: 56.25%; height: 0; max-height: 0;\"\/><figcaption class=\"img-caption\">El tabloide alem\u00e1n \u00abBild\u00bb public\u00f3 una fotograf\u00eda diciendo que formaba parte de una escenificaci\u00f3n. <small class=\"copyright\">Imagen: Imagen<\/small><\/figcaption><\/figure>\n<p>La imagen en cuesti\u00f3n -fechada el 24 de julio- fue tomada en Gaza y muestra a personas esperando con ollas vac\u00edas antes de la distribuci\u00f3n de alimentos en el comedor social, lo que coincide con momentos previos a la distribuci\u00f3n vistos en otras im\u00e1genes.<\/p>\n<p>La investigaci\u00f3n de DW descubri\u00f3 que Anadolu documentaba<svg xmlns=\"http:\/\/www.w3.org\/2000\/svg\" width=\"20\" height=\"20\" viewbox=\"0 0 20 20\"><path d=\"M11.5 3.5 11.5 4.233C14.342 4.233 15.167 4.245 15.167 4.258L8.984 10.467 10.033 11.516C14.826 6.725 16.228 5.333 16.242 5.333L16.267 9 17.733 9 17.733 2.767 11.5 2.767 11.5 3.5M2.267 11 2.267 17.233 16.733 17.233 16.733 12 15.267 12 15.25 15.75 9.5 15.75 3.75 15.75 3.75 6.25 9.5 6.233 9.5 4.767 2.267 4.767 2.267 11 \"\/><\/svg>  el trabajo de Fteiha ese mismo d\u00eda. La base de datos de la agencia incluye varios retratos (incluido el utilizado por <em>Bild<\/em>) y un video de 11 minutos sobre su trabajo en Gaza. El pie de foto del video dice: \u00abPeriodistas palestinos siguen informando desde Gaza bajo condiciones extremas.\u00a0Entre ellos se encuentra el camar\u00f3grafo <em>independiente<\/em> de Anadolu Anas Zeyad Fteha (Fteiha), quien ha documentado la terrible situaci\u00f3n de primera mano\u00bb.<\/p>\n<p>El video muestra a Fteiha trabajando en el lugar y visitando el centro de distribuci\u00f3n de alimentos. Tambi\u00e9n documenta el proceso en s\u00ed, dejando claro que hay una peque\u00f1a barrera que separa a la multitud del punto de entrega de comida.<\/p>\n<p>Todas las fotograf\u00edas y el video est\u00e1n disponibles<svg xmlns=\"http:\/\/www.w3.org\/2000\/svg\" width=\"20\" height=\"20\" viewbox=\"0 0 20 20\"><path d=\"M11.5 3.5 11.5 4.233C14.342 4.233 15.167 4.245 15.167 4.258L8.984 10.467 10.033 11.516C14.826 6.725 16.228 5.333 16.242 5.333L16.267 9 17.733 9 17.733 2.767 11.5 2.767 11.5 3.5M2.267 11 2.267 17.233 16.733 17.233 16.733 12 15.267 12 15.25 15.75 9.5 15.75 3.75 15.75 3.75 6.25 9.5 6.233 9.5 4.767 2.267 4.767 2.267 11 \"\/><\/svg>. Anadolu dijo a DW que la agencia apoya firmemente a su fot\u00f3grafo\u00a0y que las fotograf\u00edas reflejan la crisis humanitaria que presencia en Gaza \u00aben su forma m\u00e1s intensa\u00bb.<\/p>\n<figure class=\"placeholder-image master_landscape big\"><img data-format=\"MASTER_LANDSCAPE\" data-id=\"73639070\" data-url=\"https:\/\/static.dw.com\/image\/73639070_${formatId}.jpg\" data-aspect-ratio=\"16\/9\" alt=\"El fot\u00f3grafo freelance de Anadolu Anas Zeyad Fteiha documenta el drama de los palestinos en busca de comida. \" style=\"padding-bottom: 56.25%; height: 0; max-height: 0;\"\/><figcaption class=\"img-caption\">El fot\u00f3grafo freelance de Anadolu Anas Zeyad Fteiha documenta el drama de los palestinos en busca de comida. <small class=\"copyright\">Imagen: Khhames Alrefi\/Anadolu\/Imelo<\/small><\/figcaption><\/figure>\n<h2>Crecientes evidencias de hambruna en Gaza<\/h2>\n<p>La poblaci\u00f3n de Gaza se enfrenta a una grave crisis alimentaria. Naciones Unidas advirti\u00f3 recientemente sobre la creciente evidencia de una hambruna en el territorio palestino. \u00abLos hechos son evidentes e innegables\u00bb, dijo el secretario general de la ONU, Ant\u00f3nio Guterres.<\/p>\n<p>Tambi\u00e9n el presidente de Estados Unidos, Donald Trump, reconoci\u00f3 la situaci\u00f3n en Gaza y prometi\u00f3 una mayor participaci\u00f3n en la distribuci\u00f3n de alimentos. \u00abPodemos salvar a muchas personas, me refiero a algunos de esos ni\u00f1os. Esto es hambruna real. Lo veo y no se puede falsificar\u00bb, declar\u00f3.<\/p>\n<p>Las im\u00e1genes sobre Gaza son recibidas frecuentemente con escepticismo. Las narrativas cambian r\u00e1pidamente y las fotograf\u00edas que muestran a civiles sufriendo a menudo son acusadas de haber sido manipuladas o escenificadas, sin evidencia. Estas afirmaciones se difunden r\u00e1pidamente en redes sociales.<\/p>\n<p>Tommaso Canetta, subdirector de Pagella Politica and Facta News, asegura que en las \u00faltima semanas se ha detectado la circulaci\u00f3n de la teor\u00eda de la conspiraci\u00f3n \u00abPallywood\u00bb en muchos pa\u00edses de la Uni\u00f3n Europea.<\/p>\n<p>\u00abPallywood\u00bb es un concepto usado para afirmar falsamente que las fotograf\u00edas de v\u00edctimas reales de las acciones militares de Israel en los territorios palestinos son escenificadas con actores. En conversaci\u00f3n con DW, Canetta comparti\u00f3 varios ejemplos<svg xmlns=\"http:\/\/www.w3.org\/2000\/svg\" width=\"20\" height=\"20\" viewbox=\"0 0 20 20\"><path d=\"M11.5 3.5 11.5 4.233C14.342 4.233 15.167 4.245 15.167 4.258L8.984 10.467 10.033 11.516C14.826 6.725 16.228 5.333 16.242 5.333L16.267 9 17.733 9 17.733 2.767 11.5 2.767 11.5 3.5M2.267 11 2.267 17.233 16.733 17.233 16.733 12 15.267 12 15.25 15.75 9.5 15.75 3.75 15.75 3.75 6.25 9.5 6.233 9.5 4.767 2.267 4.767 2.267 11 \"\/><\/svg>.<\/p>\n<p>\u00abCabe destacar que algunas de las im\u00e1genes m\u00e1s simb\u00f3licas y devastadoras del hambre en Gaza han sido falsamente presentadas como &#8216;fuera de contexto&#8217;<svg xmlns=\"http:\/\/www.w3.org\/2000\/svg\" width=\"20\" height=\"20\" viewbox=\"0 0 20 20\"><path d=\"M11.5 3.5 11.5 4.233C14.342 4.233 15.167 4.245 15.167 4.258L8.984 10.467 10.033 11.516C14.826 6.725 16.228 5.333 16.242 5.333L16.267 9 17.733 9 17.733 2.767 11.5 2.767 11.5 3.5M2.267 11 2.267 17.233 16.733 17.233 16.733 12 15.267 12 15.25 15.75 9.5 15.75 3.75 15.75 3.75 6.25 9.5 6.233 9.5 4.767 2.267 4.767 2.267 11 \"\/><\/svg>  en un claro intento por negar las consecuencias reales de la pol\u00edtica exterior del actual gobierno de Israel\u00bb, dijo Canetta a DW.<\/p>\n<p>Desde el ataque terrorista de Ham\u00e1s del 7 de octubre de 2023, Israel ha prohibido a los periodistas extranjeros ingresar e informar desde Gaza, excepto cuando est\u00e1n integrados en el Ej\u00e9rcito de Israel. Como resultado, los periodistas palestinos locales, as\u00ed como los trabajadores humanitarios y los m\u00e9dicos, son los \u00fanicos capaces de proporcionar informaci\u00f3n crucial sobre los acontecimientos sobre el terreno.<\/p>\n<p>Las acusaciones de manipulaci\u00f3n medi\u00e1tica deben ser examinadas de forma cr\u00edtica, especialmente en zonas en conflicto donde la desinformaci\u00f3n puede difundirse r\u00e1pidamente.<\/p>\n<p>(bebidas)<\/p>\n<\/p>\n<\/div>\n\n","protected":false},"excerpt":{"rendered":"<p>Miles de publicaciones en redes sociales aseguran que algunas de las im\u00e1genes que muestran el sufrimiento de la poblaci\u00f3n de Gaza est\u00e1n manipuladas. Estas acusaciones se dirigen tanto a fotos compartidas por usuarios como a los principales medios de comunicaci\u00f3n del mundo, y podr\u00edan alimentar la narrativa de que no se puede confiar en los &hellip;<\/p>\n","protected":false},"author":1,"featured_media":40843,"comment_status":"open","ping_status":"open","sticky":false,"template":"","format":"standard","meta":{"fifu_image_url":"https:\/\/static.dw.com\/image\/73385159_6.jpg","fifu_image_alt":"","footnotes":""},"categories":[13],"tags":[],"class_list":["post-40842","post","type-post","status-publish","format-standard","has-post-thumbnail","","category-mundo"],"_links":{"self":[{"href":"https:\/\/noticiasveraces.com\/index.php?rest_route=\/wp\/v2\/posts\/40842","targetHints":{"allow":["GET"]}}],"collection":[{"href":"https:\/\/noticiasveraces.com\/index.php?rest_route=\/wp\/v2\/posts"}],"about":[{"href":"https:\/\/noticiasveraces.com\/index.php?rest_route=\/wp\/v2\/types\/post"}],"author":[{"embeddable":true,"href":"https:\/\/noticiasveraces.com\/index.php?rest_route=\/wp\/v2\/users\/1"}],"replies":[{"embeddable":true,"href":"https:\/\/noticiasveraces.com\/index.php?rest_route=%2Fwp%2Fv2%2Fcomments&post=40842"}],"version-history":[{"count":0,"href":"https:\/\/noticiasveraces.com\/index.php?rest_route=\/wp\/v2\/posts\/40842\/revisions"}],"wp:featuredmedia":[{"embeddable":true,"href":"https:\/\/noticiasveraces.com\/index.php?rest_route=\/wp\/v2\/media\/40843"}],"wp:attachment":[{"href":"https:\/\/noticiasveraces.com\/index.php?rest_route=%2Fwp%2Fv2%2Fmedia&parent=40842"}],"wp:term":[{"taxonomy":"category","embeddable":true,"href":"https:\/\/noticiasveraces.com\/index.php?rest_route=%2Fwp%2Fv2%2Fcategories&post=40842"},{"taxonomy":"post_tag","embeddable":true,"href":"https:\/\/noticiasveraces.com\/index.php?rest_route=%2Fwp%2Fv2%2Ftags&post=40842"}],"curies":[{"name":"wp","href":"https:\/\/api.w.org\/{rel}","templated":true}]}}